{"id":59518,"date":"2024-11-01T10:58:52","date_gmt":"2024-11-01T10:58:52","guid":{"rendered":"https:\/\/lestracesdelinfo.com\/?p=59518"},"modified":"2024-11-01T16:00:27","modified_gmt":"2024-11-01T16:00:27","slug":"niabina-celebration-de-la-journee-nationale-et-internationale-de-la-securite-alimentaire-et-le-developpement","status":"publish","type":"post","link":"https:\/\/lestracesdelinfo.com\/index.php\/2024\/11\/01\/niabina-celebration-de-la-journee-nationale-et-internationale-de-la-securite-alimentaire-et-le-developpement\/","title":{"rendered":"NIABINA\u00a0:\u00a0 c\u00e9l\u00e9bration de la journ\u00e9e nationale et internationale de la s\u00e9curit\u00e9 alimentaire et le d\u00e9veloppement\u00a0"},"content":{"rendered":"\n<figure class=\"wp-block-image size-large\"><img loading=\"lazy\" decoding=\"async\" width=\"1024\" height=\"768\" src=\"https:\/\/lestracesdelinfo.com\/wp-content\/uploads\/2024\/11\/IMG_20241031_123417-1024x768.jpg\" alt=\"\" class=\"wp-image-59519\" srcset=\"https:\/\/lestracesdelinfo.com\/wp-content\/uploads\/2024\/11\/IMG_20241031_123417-1024x768.jpg 1024w, https:\/\/lestracesdelinfo.com\/wp-content\/uploads\/2024\/11\/IMG_20241031_123417-300x225.jpg 300w, https:\/\/lestracesdelinfo.com\/wp-content\/uploads\/2024\/11\/IMG_20241031_123417-768x576.jpg 768w, https:\/\/lestracesdelinfo.com\/wp-content\/uploads\/2024\/11\/IMG_20241031_123417-1536x1152.jpg 1536w, https:\/\/lestracesdelinfo.com\/wp-content\/uploads\/2024\/11\/IMG_20241031_123417-2048x1536.jpg 2048w\" sizes=\"auto, (max-width: 1024px) 100vw, 1024px\" \/><\/figure>\n\n\n\n<p><a>L\u2019organisation ensemble pour le d\u00e9veloppement et promotion de l\u2019agriculture biologique <strong>(EDPAB<\/strong><\/a>) a organis\u00e9 et \u00e0 la fois c\u00e9l\u00e9br\u00e9 cette journ\u00e9e nationale et internationale de s\u00e9curit\u00e9 alimentaire et&nbsp;&nbsp; le d\u00e9veloppement parrain\u00e9 par World vision \u00e0 travers le projet <strong>Nourish<\/strong>.<\/p>\n\n\n\n<figure class=\"wp-block-image size-large\"><img loading=\"lazy\" decoding=\"async\" width=\"1024\" height=\"768\" src=\"https:\/\/lestracesdelinfo.com\/wp-content\/uploads\/2024\/11\/IMG_20241031_122855-1024x768.jpg\" alt=\"\" class=\"wp-image-59524\" srcset=\"https:\/\/lestracesdelinfo.com\/wp-content\/uploads\/2024\/11\/IMG_20241031_122855-1024x768.jpg 1024w, https:\/\/lestracesdelinfo.com\/wp-content\/uploads\/2024\/11\/IMG_20241031_122855-300x225.jpg 300w, https:\/\/lestracesdelinfo.com\/wp-content\/uploads\/2024\/11\/IMG_20241031_122855-768x576.jpg 768w, https:\/\/lestracesdelinfo.com\/wp-content\/uploads\/2024\/11\/IMG_20241031_122855-1536x1152.jpg 1536w, https:\/\/lestracesdelinfo.com\/wp-content\/uploads\/2024\/11\/IMG_20241031_122855-2048x1536.jpg 2048w\" sizes=\"auto, (max-width: 1024px) 100vw, 1024px\" \/><\/figure>\n\n\n\n<p>L\u2019objectif de cette ONG L\u2019organisation ensemble pour le d\u00e9veloppement et promotion de l\u2019agriculture biologique <strong>(EDPAB) <\/strong>c\u2019est la r\u00e9silience et l\u2019autonomisation de la femme rurale \u00e0 travers des formations et conseils. L\u2019organisation interne de l\u2019ONG comprend une assembl\u00e9e g\u00e9n\u00e9rale et un bureau ex\u00e9cutif de Sept (7) membres. La source financi\u00e8re n\u2019est bas\u00e9e que sur les cotisations de ses membres et adh\u00e9rentes.<\/p>\n\n\n\n<p>La c\u00e9r\u00e9monie de l\u2019ouverture de cette journ\u00e9e salutaire a d\u00e9but\u00e9 par la lecture du coran, lu par <strong>Abou Dia.<\/strong><\/p>\n\n\n\n<p>&nbsp;La premi\u00e8re adjointe au maire de <strong>Niabina<\/strong> Madame <strong>Khadijetou Demba k\u00e9b\u00e9 <\/strong>a souhait\u00e9 la bienvenue \u00e0 l\u2019assistance et remerci\u00e9 ces femmes d\u00e9termin\u00e9es, regroup\u00e9es au sein de l\u2019ONG Ensemble pour le d\u00e9veloppement et promotion de l\u2019agriculture biologique <strong>(EDPAB).<\/strong><\/p>\n\n\n\n<p>La r\u00e9ussite de cet \u00e9v\u00e8nement grandiose est un r\u00e9sultat positif pour nous&nbsp;: les femmes membres et adh\u00e9rentes. Il faudra continuer dans ce sens nous gagnerons toujours cette cause.<\/p>\n\n\n\n<p>&nbsp;Ensuite, madame <strong>Peinda Demba K\u00e9b\u00e9 <\/strong>pr\u00e9sidente des femmes des coop\u00e9ratives de <strong>Niabina<\/strong> a pris la parole sous des salves d\u2019applaudissements et dans ses mots introductifs a mis l\u2019accent sur la pr\u00e9sence massive des femmes et des membres de <strong>EDPAB<\/strong> et remerciera toutes les personnes de bonne volont\u00e9 qui ont particip\u00e9 du d\u00e9but et jusqu\u2019\u00e0 pr\u00e9sent, des personnes braves, infatigables, qui ont tout fait pour arriver l\u00e0.<\/p>\n\n\n\n<p>Lui, succ\u00e9dant, le maire de Mbagne Mr <strong>Hassane Seck<\/strong> a f\u00e9licit\u00e9 ses braves femmes qui travaillent en commun nuit et jour avec leurs propres moyens de bord. Le maire a rassur\u00e9 ces derni\u00e8res de son engagement \u00e0 \u00eatre leur ambassadeur partout pour les aider dans leurs essors.<\/p>\n\n\n\n<p>&nbsp;Dans ses interventions, le maire Seck veut que des journ\u00e9es sp\u00e9ciales de r\u00e9flexions soient faites dans les deux wilayas \u00e0 savoir Gorgol et Brakna. Enfin Mr seck est d\u00e9termin\u00e9 \u00e0 les accompagner dans ces projets.<\/p>\n\n\n\n<figure class=\"wp-block-image size-large\"><img loading=\"lazy\" decoding=\"async\" width=\"1024\" height=\"768\" src=\"https:\/\/lestracesdelinfo.com\/wp-content\/uploads\/2024\/11\/IMG_20241031_123400-1024x768.jpg\" alt=\"\" class=\"wp-image-59525\" srcset=\"https:\/\/lestracesdelinfo.com\/wp-content\/uploads\/2024\/11\/IMG_20241031_123400-1024x768.jpg 1024w, https:\/\/lestracesdelinfo.com\/wp-content\/uploads\/2024\/11\/IMG_20241031_123400-300x225.jpg 300w, https:\/\/lestracesdelinfo.com\/wp-content\/uploads\/2024\/11\/IMG_20241031_123400-768x576.jpg 768w, https:\/\/lestracesdelinfo.com\/wp-content\/uploads\/2024\/11\/IMG_20241031_123400-1536x1152.jpg 1536w, https:\/\/lestracesdelinfo.com\/wp-content\/uploads\/2024\/11\/IMG_20241031_123400-2048x1536.jpg 2048w\" sizes=\"auto, (max-width: 1024px) 100vw, 1024px\" \/><\/figure>\n\n\n\n<p>Apr\u00e8s, l\u2019intervention du maire de Mbagne Mr <strong>le pr\u00e9sident de l\u2019ONG Saidou Ba<\/strong> a parl\u00e9 de l\u2019historique de l\u2019association, depuis sa cr\u00e9ation, les d\u00e9marches faites dans les diff\u00e9rents domaines, la sensibilisation des femmes dans leurs milieux diff\u00e9rents, un d\u00e9part tr\u00e8s dur \u00e0 sensibiliser pour leur bien-\u00eatre. Il a \u00e9lucid\u00e9 \u00e0 l\u2019assistance l\u2019importance de leur lutte acharn\u00e9e et comment ils sont arriv\u00e9s actuellement \u00e0 ce progr\u00e8s.&nbsp;&nbsp;<\/p>\n\n\n\n<p>La Doyenne de l\u2019organisation Madame <strong>Farmata H\u00e2t\u00e9<\/strong>, la 2\u00e9me vice-pr\u00e9sidente du conseil r\u00e9gional du Brakna <strong>Aissata Hamidou Sao,<\/strong> Mr le <strong>coordinateur Mamoudou<\/strong> <strong>Amadou Diop<\/strong> ont pris la parole \u00e0 tour de r\u00f4le, ils ont expliqu\u00e9 et mis l\u2019accent sur l\u2019importance de l\u2019ONG qui est l\u00e0, devenue une r\u00e9alit\u00e9 palpable et aux yeux de tout le monde.&nbsp;<\/p>\n\n\n\n<p>Rappelons, que World vision parrain de cette journ\u00e9e \u00e9tait bien repr\u00e9sent\u00e9e par&nbsp;:&nbsp; Mr <strong>Zeine<\/strong> <strong>Abedine Ba<\/strong> (chef de projet), Mr <strong>Mountagha Amadou Dia<\/strong> (responsable suivi et \u00e9valuation), Mr <strong>Harouna Traor\u00e9<\/strong> (sp\u00e9cialiste -nutrition) et <strong>Amadou Niang (<\/strong>sp\u00e9cialiste s\u00e9curit\u00e9 alimentaire).<\/p>\n\n\n\n<p>L\u2019organisation ensemble pour le d\u00e9veloppement et promotion de l\u2019agriculture biologique <strong>(EDPAB<\/strong>) a ses domaines d\u2019activit\u00e9s \u00e0 savoir&nbsp;: <strong><em>le maraichage, Teinture, transformation des c\u00e9r\u00e9ales, fabrication des produits d\u00e9tergents (Savons, Madar, Eau de javel),&nbsp;\u00ab Naam Cella \u00bb Jumbo local, Engrais bio et bio fertilisants.<\/em><\/strong><\/p>\n\n\n\n<figure class=\"wp-block-image size-large\"><img loading=\"lazy\" decoding=\"async\" width=\"768\" height=\"1024\" src=\"https:\/\/lestracesdelinfo.com\/wp-content\/uploads\/2024\/11\/IMG_20241031_120739-768x1024.jpg\" alt=\"\" class=\"wp-image-59526\" srcset=\"https:\/\/lestracesdelinfo.com\/wp-content\/uploads\/2024\/11\/IMG_20241031_120739-768x1024.jpg 768w, https:\/\/lestracesdelinfo.com\/wp-content\/uploads\/2024\/11\/IMG_20241031_120739-225x300.jpg 225w, https:\/\/lestracesdelinfo.com\/wp-content\/uploads\/2024\/11\/IMG_20241031_120739-1152x1536.jpg 1152w, https:\/\/lestracesdelinfo.com\/wp-content\/uploads\/2024\/11\/IMG_20241031_120739-1536x2048.jpg 1536w, https:\/\/lestracesdelinfo.com\/wp-content\/uploads\/2024\/11\/IMG_20241031_120739-scaled.jpg 1920w\" sizes=\"auto, (max-width: 768px) 100vw, 768px\" \/><\/figure>\n\n\n\n<p>Dans ses initiatives l\u2019organisation de <strong>l\u2019ONG <\/strong>va bient\u00f4t se lancer dans la culture de <strong>haricots verts<\/strong> et de la culture <strong>fourrag\u00e8re <\/strong>dont la formation vient d\u2019\u00eatre achev\u00e9e aux niveaux de certaines coop\u00e9ratives.<\/p>\n\n\n\n<p>&nbsp;Ensemble pour le d\u00e9veloppement et promotion de l\u2019agriculture biologique <strong>(EDPAB) <\/strong>qui vient de voir le jour<strong>, <\/strong>elle tend la main \u00e0 l\u2019\u00e9tat mauritanien, aux ONG qui font des actions dans le d\u00e9veloppement et bonnes volont\u00e9s.<\/p>\n\n\n\n<figure class=\"wp-block-image size-large\"><img loading=\"lazy\" decoding=\"async\" width=\"1024\" height=\"768\" src=\"https:\/\/lestracesdelinfo.com\/wp-content\/uploads\/2024\/11\/IMG_20241031_113825-1024x768.jpg\" alt=\"\" class=\"wp-image-59528\" srcset=\"https:\/\/lestracesdelinfo.com\/wp-content\/uploads\/2024\/11\/IMG_20241031_113825-1024x768.jpg 1024w, https:\/\/lestracesdelinfo.com\/wp-content\/uploads\/2024\/11\/IMG_20241031_113825-300x225.jpg 300w, https:\/\/lestracesdelinfo.com\/wp-content\/uploads\/2024\/11\/IMG_20241031_113825-768x576.jpg 768w, https:\/\/lestracesdelinfo.com\/wp-content\/uploads\/2024\/11\/IMG_20241031_113825-1536x1152.jpg 1536w, https:\/\/lestracesdelinfo.com\/wp-content\/uploads\/2024\/11\/IMG_20241031_113825-2048x1536.jpg 2048w\" sizes=\"auto, (max-width: 1024px) 100vw, 1024px\" \/><\/figure>\n\n\n\n<p>&nbsp;Mr <strong>Mamoudou Amadou Diop<\/strong> est revenu expliquer qu\u2019actuellement, l\u2019ONG est op\u00e9rationnelle dans deux (2) wilayas, six (6) Moughataas et onze (11) communes.<\/p>\n\n\n\n<p>Mr <strong>Zeine Abedine Ba<\/strong> chef de projet a fait une intervention remarquable, remerciant d\u2019abord les organisateurs&nbsp;; l\u2019ONG EDPAB et reconnaissant ce travail que l\u2019ONG est en train de faire&nbsp;: la transformation des c\u00e9r\u00e9ales, la fabrication des produits d\u00e9tergents (savons, Madar et eau de javel). Mr Ba a apport\u00e9 des recommandations sur le mark\u00e9ting de ses produits, emballage et la duret\u00e9 du produit et surtout l\u2019hygi\u00e8ne avant les produire.<\/p>\n\n\n\n<p>D\u2019autres personnes invit\u00e9es ont pris la parole&nbsp;: l\u2019inspecteur l\u2019agriculture <strong>Mr Mbaye Diop<\/strong> a lui touch\u00e9 dans son intervention : le stockage des productions, les unit\u00e9s de transformation, la conservation des cultures bio, le mark\u00e9ting et enfin non live.&nbsp;&nbsp;<\/p>\n\n\n\n<p>Apres, ces allocutions, ce fut la visite des produits de fabrications des femmes membres&nbsp;: EDPAB qui regroupe actuellement 31 coop\u00e9ratives f\u00e9minines, ONG et associations.<\/p>\n\n\n\n<p>Trois femmes ont tenu haleine l\u2019assistance : <strong><em>Thielo Mamadou, Djeinaba Y\u00e9ro Ndiaye<\/em><\/strong> et <strong><em>Houleye Djibril Ly<\/em><\/strong> ont expliqu\u00e9 aux invit\u00e9s et aux personnes venues pour la circonstance&nbsp;:&nbsp; comment ces produits ont \u00e9t\u00e9 faits, les composantes de ces produits&nbsp;: le savon&nbsp;; le Madar&nbsp;; Naam cella ce jumbo local, eau de javel, les engrais bio, les bio fertilisants.<\/p>\n\n\n\n<p>D\u2019autres femmes ont intervenu pour parler de <strong><em>Teinture, de cultures maraich\u00e8res<\/em><\/strong><\/p>\n\n\n\n<figure class=\"wp-block-image size-large\"><img loading=\"lazy\" decoding=\"async\" width=\"1024\" height=\"768\" src=\"https:\/\/lestracesdelinfo.com\/wp-content\/uploads\/2024\/11\/IMG_20241031_120323-1024x768.jpg\" alt=\"\" class=\"wp-image-59527\" srcset=\"https:\/\/lestracesdelinfo.com\/wp-content\/uploads\/2024\/11\/IMG_20241031_120323-1024x768.jpg 1024w, https:\/\/lestracesdelinfo.com\/wp-content\/uploads\/2024\/11\/IMG_20241031_120323-300x225.jpg 300w, https:\/\/lestracesdelinfo.com\/wp-content\/uploads\/2024\/11\/IMG_20241031_120323-768x576.jpg 768w, https:\/\/lestracesdelinfo.com\/wp-content\/uploads\/2024\/11\/IMG_20241031_120323-1536x1152.jpg 1536w, https:\/\/lestracesdelinfo.com\/wp-content\/uploads\/2024\/11\/IMG_20241031_120323-2048x1536.jpg 2048w\" sizes=\"auto, (max-width: 1024px) 100vw, 1024px\" \/><\/figure>\n\n\n\n<p>La 2 -\u00e8me vice-pr\u00e9sidente conseil r\u00e9gional du Brakna Madame <strong>Aissata Hamidou Sao<\/strong> a pris la parole pour rassurer cette ONG<strong>, Madame Sao<\/strong> a affirm\u00e9 qu\u2019elle plaidera la cause une fois au sein du conseil r\u00e9gional, et elle sera toujours l\u00e0 \u00e0 contribuer \u00e0 la r\u00e9ussite d\u2019Ensemble pour le d\u00e9veloppement et promotion de l\u2019agriculture biologique <strong>(EDPAB.)<\/strong><\/p>\n\n\n\n<p>Le maire de Bagodine Mr <strong>Ba Samba Bocar<\/strong> a vers la fin des exposes est venu assister avec sa d\u00e9l\u00e9gation. Il a mis l\u2019accent lui aussi sur l\u2019importance de la journ\u00e9e et surtout remercier les femmes de l\u2019ONG tr\u00e8s fortes dans leur prise de conscience de leur entourage.<\/p>\n\n\n\n<p>La r\u00e9ussite de l\u2019\u00e9v\u00e8nement a \u00e9t\u00e9 aussi l\u2019\u0153uvre de plusieurs jeunes, membres&nbsp;fondateurs de l\u2019ONG&nbsp;: <strong><em>Mamadou Amadou Ba dit Mamoudou Amadou Louty Ba (Niabina), Guisset Abderrahmane \u2018(Bah\u00e9) et Aminata Sow (T\u00e9thiane- Formatrice).<\/em><\/strong><\/p>\n\n\n\n<p>L\u2019organisation ensemble pour le d\u00e9veloppement et promotion de l\u2019agriculture biologique <strong>(EDPAB<\/strong>) a vu jour le 28 D\u00e9cembre 2023 et a \u00e9t\u00e9 reconnue le 4 Avril 2024.<\/p>\n\n\n\n<p>L\u2019Imam de la mosqu\u00e9e <strong>Doro K\u00e9b\u00e9<\/strong> a remerci\u00e9 les organisateurs et a pri\u00e9 pour la r\u00e9ussite de ces hommes et femmes qui sont l\u00e0 pour faire vivre leur famille, leur communaut\u00e9.<\/p>\n\n\n\n<p>&nbsp;Cette Journ\u00e9e nationale et internationale de s\u00e9curit\u00e9 alimentaire a \u00e9t\u00e9 ici c\u00e9l\u00e9br\u00e9e dans l\u2019enthousiasme, Tous, dans leurs interventions ont demand\u00e9 \u00e0 l\u2019\u00e9tat mauritanien, au pr\u00e9sident de la r\u00e9publique son excellence Mr <strong>Mohamed Ould Cheikh El Ghazani<\/strong> et de son gouvernement de les aider dans leurs diff\u00e9rents domaines d\u2019activit\u00e9s et aux ONG qui travaillent dans le d\u00e9veloppement et enfin aux hommes dans le monde de bonnes volont\u00e9s. La c\u00e9r\u00e9monie a pris fin vers les coups de quinze heures.<\/p>\n\n\n\n<p><strong>Diop Mohamedou Abou dit HBodiel (les traces de l\u2019info)<\/strong><\/p>\n\n\n\n<figure class=\"wp-block-image size-large\"><img loading=\"lazy\" decoding=\"async\" width=\"1024\" height=\"768\" src=\"https:\/\/lestracesdelinfo.com\/wp-content\/uploads\/2024\/11\/IMG_20241031_120254-1024x768.jpg\" alt=\"\" class=\"wp-image-59529\" srcset=\"https:\/\/lestracesdelinfo.com\/wp-content\/uploads\/2024\/11\/IMG_20241031_120254-1024x768.jpg 1024w, https:\/\/lestracesdelinfo.com\/wp-content\/uploads\/2024\/11\/IMG_20241031_120254-300x225.jpg 300w, https:\/\/lestracesdelinfo.com\/wp-content\/uploads\/2024\/11\/IMG_20241031_120254-768x576.jpg 768w, https:\/\/lestracesdelinfo.com\/wp-content\/uploads\/2024\/11\/IMG_20241031_120254-1536x1152.jpg 1536w, https:\/\/lestracesdelinfo.com\/wp-content\/uploads\/2024\/11\/IMG_20241031_120254-2048x1536.jpg 2048w\" sizes=\"auto, (max-width: 1024px) 100vw, 1024px\" \/><\/figure>\n\n\n\n<figure class=\"wp-block-image size-large\"><img loading=\"lazy\" decoding=\"async\" width=\"768\" height=\"1024\" src=\"https:\/\/lestracesdelinfo.com\/wp-content\/uploads\/2024\/11\/IMG_20241031_103908-768x1024.jpg\" alt=\"\" class=\"wp-image-59520\" srcset=\"https:\/\/lestracesdelinfo.com\/wp-content\/uploads\/2024\/11\/IMG_20241031_103908-768x1024.jpg 768w, https:\/\/lestracesdelinfo.com\/wp-content\/uploads\/2024\/11\/IMG_20241031_103908-225x300.jpg 225w, https:\/\/lestracesdelinfo.com\/wp-content\/uploads\/2024\/11\/IMG_20241031_103908-1152x1536.jpg 1152w, https:\/\/lestracesdelinfo.com\/wp-content\/uploads\/2024\/11\/IMG_20241031_103908-1536x2048.jpg 1536w, https:\/\/lestracesdelinfo.com\/wp-content\/uploads\/2024\/11\/IMG_20241031_103908-scaled.jpg 1920w\" sizes=\"auto, (max-width: 768px) 100vw, 768px\" \/><\/figure>\n\n\n\n<figure class=\"wp-block-image size-large\"><img loading=\"lazy\" decoding=\"async\" width=\"768\" height=\"1024\" src=\"https:\/\/lestracesdelinfo.com\/wp-content\/uploads\/2024\/11\/IMG_20241031_103859-768x1024.jpg\" alt=\"\" class=\"wp-image-59521\" srcset=\"https:\/\/lestracesdelinfo.com\/wp-content\/uploads\/2024\/11\/IMG_20241031_103859-768x1024.jpg 768w, https:\/\/lestracesdelinfo.com\/wp-content\/uploads\/2024\/11\/IMG_20241031_103859-225x300.jpg 225w, https:\/\/lestracesdelinfo.com\/wp-content\/uploads\/2024\/11\/IMG_20241031_103859-1152x1536.jpg 1152w, https:\/\/lestracesdelinfo.com\/wp-content\/uploads\/2024\/11\/IMG_20241031_103859-1536x2048.jpg 1536w, https:\/\/lestracesdelinfo.com\/wp-content\/uploads\/2024\/11\/IMG_20241031_103859-scaled.jpg 1920w\" sizes=\"auto, (max-width: 768px) 100vw, 768px\" \/><\/figure>\n\n\n\n<figure class=\"wp-block-image size-large\"><img loading=\"lazy\" decoding=\"async\" width=\"768\" height=\"1024\" src=\"https:\/\/lestracesdelinfo.com\/wp-content\/uploads\/2024\/11\/IMG_20241031_103932-768x1024.jpg\" alt=\"\" class=\"wp-image-59523\" srcset=\"https:\/\/lestracesdelinfo.com\/wp-content\/uploads\/2024\/11\/IMG_20241031_103932-768x1024.jpg 768w, https:\/\/lestracesdelinfo.com\/wp-content\/uploads\/2024\/11\/IMG_20241031_103932-225x300.jpg 225w, https:\/\/lestracesdelinfo.com\/wp-content\/uploads\/2024\/11\/IMG_20241031_103932-1152x1536.jpg 1152w, https:\/\/lestracesdelinfo.com\/wp-content\/uploads\/2024\/11\/IMG_20241031_103932-1536x2048.jpg 1536w, https:\/\/lestracesdelinfo.com\/wp-content\/uploads\/2024\/11\/IMG_20241031_103932-scaled.jpg 1920w\" sizes=\"auto, (max-width: 768px) 100vw, 768px\" \/><\/figure>\n\n\n\n<figure class=\"wp-block-image size-large\"><img loading=\"lazy\" decoding=\"async\" width=\"1024\" height=\"768\" src=\"https:\/\/lestracesdelinfo.com\/wp-content\/uploads\/2024\/11\/IMG_20241031_123434-1024x768.jpg\" alt=\"\" class=\"wp-image-59531\" srcset=\"https:\/\/lestracesdelinfo.com\/wp-content\/uploads\/2024\/11\/IMG_20241031_123434-1024x768.jpg 1024w, https:\/\/lestracesdelinfo.com\/wp-content\/uploads\/2024\/11\/IMG_20241031_123434-300x225.jpg 300w, https:\/\/lestracesdelinfo.com\/wp-content\/uploads\/2024\/11\/IMG_20241031_123434-768x576.jpg 768w, https:\/\/lestracesdelinfo.com\/wp-content\/uploads\/2024\/11\/IMG_20241031_123434-1536x1152.jpg 1536w, https:\/\/lestracesdelinfo.com\/wp-content\/uploads\/2024\/11\/IMG_20241031_123434-2048x1536.jpg 2048w\" sizes=\"auto, (max-width: 1024px) 100vw, 1024px\" \/><\/figure>\n","protected":false},"excerpt":{"rendered":"<p>L\u2019organisation ensemble pour le d\u00e9veloppement et promotion de l\u2019agriculture biologique (EDPAB) a organis\u00e9 et \u00e0 la fois c\u00e9l\u00e9br\u00e9 cette journ\u00e9e nationale et internationale de s\u00e9curit\u00e9 alimentaire et&nbsp;&nbsp; le d\u00e9veloppement parrain\u00e9 par World vision \u00e0 travers le projet Nourish. L\u2019objectif de cette ONG L\u2019organisation ensemble pour le d\u00e9veloppement et promotion de l\u2019agriculture biologique (EDPAB) c\u2019est la [&hellip;]<\/p>\n","protected":false},"author":2,"featured_media":59530,"comment_status":"open","ping_status":"open","sticky":false,"template":"","format":"standard","meta":{"footnotes":""},"categories":[1307],"tags":[1212,1405,1231,1459],"class_list":["post-59518","post","type-post","status-publish","format-standard","has-post-thumbnail","hentry","category-regions-ou-wilayas","tag-articles","tag-de-presse","tag-diop","tag-niabina"],"_links":{"self":[{"href":"https:\/\/lestracesdelinfo.com\/index.php\/wp-json\/wp\/v2\/posts\/59518","targetHints":{"allow":["GET"]}}],"collection":[{"href":"https:\/\/lestracesdelinfo.com\/index.php\/wp-json\/wp\/v2\/posts"}],"about":[{"href":"https:\/\/lestracesdelinfo.com\/index.php\/wp-json\/wp\/v2\/types\/post"}],"author":[{"embeddable":true,"href":"https:\/\/lestracesdelinfo.com\/index.php\/wp-json\/wp\/v2\/users\/2"}],"replies":[{"embeddable":true,"href":"https:\/\/lestracesdelinfo.com\/index.php\/wp-json\/wp\/v2\/comments?post=59518"}],"version-history":[{"count":1,"href":"https:\/\/lestracesdelinfo.com\/index.php\/wp-json\/wp\/v2\/posts\/59518\/revisions"}],"predecessor-version":[{"id":59532,"href":"https:\/\/lestracesdelinfo.com\/index.php\/wp-json\/wp\/v2\/posts\/59518\/revisions\/59532"}],"wp:featuredmedia":[{"embeddable":true,"href":"https:\/\/lestracesdelinfo.com\/index.php\/wp-json\/wp\/v2\/media\/59530"}],"wp:attachment":[{"href":"https:\/\/lestracesdelinfo.com\/index.php\/wp-json\/wp\/v2\/media?parent=59518"}],"wp:term":[{"taxonomy":"category","embeddable":true,"href":"https:\/\/lestracesdelinfo.com\/index.php\/wp-json\/wp\/v2\/categories?post=59518"},{"taxonomy":"post_tag","embeddable":true,"href":"https:\/\/lestracesdelinfo.com\/index.php\/wp-json\/wp\/v2\/tags?post=59518"}],"curies":[{"name":"wp","href":"https:\/\/api.w.org\/{rel}","templated":true}]}}