{"id":59642,"date":"2024-11-10T08:29:45","date_gmt":"2024-11-10T08:29:45","guid":{"rendered":"https:\/\/lestracesdelinfo.com\/?p=59642"},"modified":"2024-11-10T08:32:53","modified_gmt":"2024-11-10T08:32:53","slug":"festival-du-film-de-marrakech-70-films-de-32-pays-en-competition","status":"publish","type":"post","link":"https:\/\/lestracesdelinfo.com\/index.php\/2024\/11\/10\/festival-du-film-de-marrakech-70-films-de-32-pays-en-competition\/","title":{"rendered":"Festival du film de Marrakech : 70 films de 32 Pays en comp\u00e9tition"},"content":{"rendered":"\n<p>Festival du film de Marrakech : 70 films de 32 Pays en comp\u00e9tition<\/p>\n\n\n\n<p><a href=\"https:\/\/fr.apanews.net\/category\/culture\/\">Culture<\/a>\u00a0<img loading=\"lazy\" decoding=\"async\" width=\"32\" height=\"32\" srcset=\"https:\/\/fr.apanews.net\/wp-content\/uploads\/sites\/2\/2023\/09\/APA-Ico-48x48.png 48w, https:\/\/fr.apanews.net\/wp-content\/uploads\/sites\/2\/2023\/09\/APA-Ico-300x300.png 300w, https:\/\/fr.apanews.net\/wp-content\/uploads\/sites\/2\/2023\/09\/APA-Ico-150x150.png 150w, https:\/\/fr.apanews.net\/wp-content\/uploads\/sites\/2\/2023\/09\/APA-Ico-70x70.png 70w, https:\/\/fr.apanews.net\/wp-content\/uploads\/sites\/2\/2023\/09\/APA-Ico-450x450.png 450w, https:\/\/fr.apanews.net\/wp-content\/uploads\/sites\/2\/2023\/09\/APA-Ico-24x24.png 24w, https:\/\/fr.apanews.net\/wp-content\/uploads\/sites\/2\/2023\/09\/APA-Ico-96x96.png 96w, https:\/\/fr.apanews.net\/wp-content\/uploads\/sites\/2\/2023\/09\/APA-Ico.png 512w\" src=\"https:\/\/fr.apanews.net\/wp-content\/uploads\/sites\/2\/2023\/09\/APA-Ico-48x48.png\" alt=\"APA-Marrakech (Maroc)\"><a>APA-Marrakech (Maroc<\/a><\/p>\n\n\n\n<figure class=\"wp-block-image\"><img decoding=\"async\" src=\"https:\/\/fr.apanews.net\/wp-content\/uploads\/sites\/2\/2024\/11\/FIFM.jpg\" alt=\"\" title=\"Festival du film de Marrakech : 70 films de 32 Pays en comp\u00e9tition\"\/><\/figure>\n\n\n\n<p><strong>Le FIFM 2024 s\u2019annonce comme une \u00e9dition marqu\u00e9e par la diversit\u00e9 et l\u2019engagement des \u0153uvres pr\u00e9sent\u00e9es : 70 \u0153uvres et 32 pays repr\u00e9sent\u00e9s. Cette 21e \u00e9dition rend hommage \u00e0 des figures embl\u00e9matiques du septi\u00e8me art telles que Na\u00efma Elmcherqui, Sean Penn et David Cronenberg.<\/strong><\/p>\n\n\n\n<p>Le Festival International du Film de Marrakech (FIFM) revient en 2024 avec une programmation riche et ambitieuse, r\u00e9unissant 70 films issus de 32 pays. Cette \u00e9dition promet d\u2019\u00eatre un carrefour exceptionnel pour le cin\u00e9ma mondial, o\u00f9 s\u2019entrecroisent les regards de r\u00e9alisateurs confirm\u00e9s et les voix \u00e9mergentes. La Comp\u00e9tition officielle du FIFM, d\u00e9di\u00e9e aux premiers et seconds longs-m\u00e9trages, explore des genres vari\u00e9s, du drame au documentaire en passant par le r\u00e9cit d\u2019anticipation et la com\u00e9die romantique, offrant aux cin\u00e9philes une mosa\u00efque de th\u00e9matiques universelles et contemporaines.<\/p>\n\n\n\n<p>Parmi les candidats \u00e0 l\u2019\u00c9toile d\u2019or, distinction supr\u00eame du festival, figurent des talents prometteurs comme les Marocains Sa\u00efd Hamich Benlarbi et Hind Meddeb. Benlarbi propose \u00ab&nbsp;<em>La Mer au Loin&nbsp;<\/em>\u00bb, une \u0153uvre poignante qui aborde la question de l\u2019exil, tandis que Meddeb pr\u00e9sente \u00ab&nbsp;<em>Soudan, souviens-toi&nbsp;<\/em>\u00bb, un hommage vibrant \u00e0 la jeunesse soudanaise en lutte pour la libert\u00e9. Ces cin\u00e9astes, comme leurs confr\u00e8res internationaux, t\u00e9moignent d\u2019une volont\u00e9 d\u2019engagement en traitant de th\u00e8mes universels, mais enracin\u00e9s dans des r\u00e9alit\u00e9s locales.<\/p>\n\n\n\n<p>Les enjeux globaux sont au c\u0153ur de nombreuses \u0153uvres en comp\u00e9tition : de \u00ab&nbsp;<em>Under the Volcano&nbsp;<\/em>\u00bb de l\u2019Ukrainien Damian Kocur, \u00e0 \u00ab&nbsp;<em>The Village Next to Paradise&nbsp;<\/em>\u00bb de Mo Harawe de la Somalie, en passant par \u00ab&nbsp;<em>The Wolves Always Come at Night&nbsp;<\/em>\u00bb de Gabrielle Brady, qui explore les effets du changement climatique en Mongolie. Ces films, aux th\u00e9matiques br\u00fblantes, offrent des perspectives saisissantes sur les crises qui secouent le monde.<\/p>\n\n\n\n<p>Du c\u00f4t\u00e9 de l\u2019Asie, des r\u00e9alisateurs tels que Huo Xin et The Maw Naing plongent dans des r\u00e9alit\u00e9s complexes comme la violence domestique en Chine et les luttes des ouvri\u00e8res birmanes, dressant des portraits de femmes courageuses face \u00e0 l\u2019adversit\u00e9. En \u00c9gypte, Muhammed Hamdy et le Turc Murat F\u0131rato\u011flu s\u2019attaquent eux aussi \u00e0 des r\u00e9alit\u00e9s nationales avec une audace artistique et visuelle, r\u00e9v\u00e9lant les sp\u00e9cificit\u00e9s sociales de leurs pays respectifs.<\/p>\n\n\n\n<p><strong>\u00ab Les Nuits et Non-Dits des Familles \u00bb en r\u00e9v\u00e9lateur de tensions sociales<\/strong><\/p>\n\n\n\n<p>Le FIFM 2024 met \u00e9galement en avant des \u0153uvres qui questionnent l\u2019intimit\u00e9 familiale et les tensions sociales qui s\u2019y refl\u00e8tent. Ainsi, \u00ab&nbsp;<em>Happy Holidays<\/em>&nbsp;\u00bb de Scandar Copti et \u00ab&nbsp;<em>The Cottage<\/em>&nbsp;\u00bb de Silvina Schnicer scrutent les dynamiques internes de familles palestiniennes et argentines, interrogeant la place de la famille dans des soci\u00e9t\u00e9s en mutation constante.<\/p>\n\n\n\n<p>Le festival accorde aussi une place \u00e0 la com\u00e9die dramatique avec des films comme \u00ab&nbsp;<em>Happy end&nbsp;<\/em>\u00bb\u2019de Neo Sora, qui explore l\u2019\u00e9veil politique d\u2019adolescents japonais, ou encore \u00ab&nbsp;<em>Jane Austen a g\u00e2ch\u00e9 ma vie<\/em>&nbsp;\u00bb de Laura Piani, une satire tendre et amusante sur les d\u00e9sillusions amoureuses.<\/p>\n\n\n\n<p>L\u2019ouverture du FIFM 2024 sera marqu\u00e9e par la projection de \u00ab&nbsp;<em>The Order&nbsp;<\/em>\u00bb de Justin Kurzel, un thriller captivant, ainsi que par six S\u00e9ances de Gala qui accueilleront des r\u00e9alisateurs de renomm\u00e9e mondiale tels que David Cronenberg, Nabil Ayouch et Walter Salles. Parmi les moments forts, \u00ab&nbsp;<em>Les Linceuls de Cronenberg<\/em>&nbsp;\u00bb, \u0153uvre introspective du ma\u00eetre du fantastique, devrait captiver les festivaliers.<\/p>\n\n\n\n<p>Parmi ces projections, des films comme \u00ab&nbsp;<em>Les Graines du figuier sauvage&nbsp;<\/em>\u00bb de Mohammad Rasoulof, plaidoyer pour la libert\u00e9 en Iran, et \u00ab&nbsp;<em>Le Quatri\u00e8me Mur&nbsp;<\/em>\u00bb de David Oelhoffen, interrogeant le r\u00f4le de l\u2019art en p\u00e9riode de guerre, r\u00e9sonneront sans doute profond\u00e9ment aupr\u00e8s du public.<\/p>\n\n\n\n<p><strong>Focus sur le cin\u00e9ma marocain et hommage au cin\u00e9ma sans fronti\u00e8res<\/strong><\/p>\n\n\n\n<p>Le Panorama du cin\u00e9ma marocain met en avant une douzaine de films locaux, dont \u00ab&nbsp;<em>Les Mille et Un Jours du Hajj de Hajj Edmond&nbsp;<\/em>\u00bb de Simone Bitton et \u00ab&nbsp;<em>Sonate Nocturne<\/em>&nbsp;\u00bb de Abdeslam Kelai, t\u00e9moignant de la richesse et de la diversit\u00e9 du cin\u00e9ma national. La section&nbsp;<em>\u00ab 11e Continent<\/em>&nbsp;\u00bb souligne \u00e9galement l\u2019esprit d\u2019ouverture du festival en rassemblant 13 \u0153uvres de cin\u00e9astes qui repoussent les fronti\u00e8res de la repr\u00e9sentation cin\u00e9matographique, un programme audacieux r\u00e9v\u00e9lant des territoires et des cultures souvent m\u00e9connus.<\/p>\n\n\n\n<p>Ces projections auront lieu dans des lieux embl\u00e9matiques de Marrakech, notamment le Palais des Congr\u00e8s et le Mus\u00e9e Yves Saint-Laurent. Pour le jeune public, une s\u00e9lection sp\u00e9cialement con\u00e7ue propose des films adapt\u00e9s aux enfants et adolescents, offrant ainsi une initiation enrichissante au cin\u00e9ma pour toutes les g\u00e9n\u00e9rations.<\/p>\n\n\n\n<p><strong>RT\/Sf\/ac\/APA<\/strong><\/p>\n","protected":false},"excerpt":{"rendered":"<p>Festival du film de Marrakech : 70 films de 32 Pays en comp\u00e9tition Culture\u00a0APA-Marrakech (Maroc Le FIFM 2024 s\u2019annonce comme une \u00e9dition marqu\u00e9e par la diversit\u00e9 et l\u2019engagement des \u0153uvres pr\u00e9sent\u00e9es : 70 \u0153uvres et 32 pays repr\u00e9sent\u00e9s. Cette 21e \u00e9dition rend hommage \u00e0 des figures embl\u00e9matiques du septi\u00e8me art telles que Na\u00efma Elmcherqui, Sean [&hellip;]<\/p>\n","protected":false},"author":2,"featured_media":59643,"comment_status":"open","ping_status":"open","sticky":false,"template":"","format":"standard","meta":{"footnotes":""},"categories":[1447],"tags":[],"class_list":["post-59642","post","type-post","status-publish","format-standard","has-post-thumbnail","hentry","category-afrique"],"_links":{"self":[{"href":"https:\/\/lestracesdelinfo.com\/index.php\/wp-json\/wp\/v2\/posts\/59642","targetHints":{"allow":["GET"]}}],"collection":[{"href":"https:\/\/lestracesdelinfo.com\/index.php\/wp-json\/wp\/v2\/posts"}],"about":[{"href":"https:\/\/lestracesdelinfo.com\/index.php\/wp-json\/wp\/v2\/types\/post"}],"author":[{"embeddable":true,"href":"https:\/\/lestracesdelinfo.com\/index.php\/wp-json\/wp\/v2\/users\/2"}],"replies":[{"embeddable":true,"href":"https:\/\/lestracesdelinfo.com\/index.php\/wp-json\/wp\/v2\/comments?post=59642"}],"version-history":[{"count":1,"href":"https:\/\/lestracesdelinfo.com\/index.php\/wp-json\/wp\/v2\/posts\/59642\/revisions"}],"predecessor-version":[{"id":59644,"href":"https:\/\/lestracesdelinfo.com\/index.php\/wp-json\/wp\/v2\/posts\/59642\/revisions\/59644"}],"wp:featuredmedia":[{"embeddable":true,"href":"https:\/\/lestracesdelinfo.com\/index.php\/wp-json\/wp\/v2\/media\/59643"}],"wp:attachment":[{"href":"https:\/\/lestracesdelinfo.com\/index.php\/wp-json\/wp\/v2\/media?parent=59642"}],"wp:term":[{"taxonomy":"category","embeddable":true,"href":"https:\/\/lestracesdelinfo.com\/index.php\/wp-json\/wp\/v2\/categories?post=59642"},{"taxonomy":"post_tag","embeddable":true,"href":"https:\/\/lestracesdelinfo.com\/index.php\/wp-json\/wp\/v2\/tags?post=59642"}],"curies":[{"name":"wp","href":"https:\/\/api.w.org\/{rel}","templated":true}]}}