{"id":59648,"date":"2024-11-10T10:36:40","date_gmt":"2024-11-10T10:36:40","guid":{"rendered":"https:\/\/lestracesdelinfo.com\/?p=59648"},"modified":"2024-11-10T11:34:48","modified_gmt":"2024-11-10T11:34:48","slug":"ceremonie-dinauguration-de-la-maison-de-la-jeunesse-et-de-la-citoyennete-mjc-de-dodel","status":"publish","type":"post","link":"https:\/\/lestracesdelinfo.com\/index.php\/2024\/11\/10\/ceremonie-dinauguration-de-la-maison-de-la-jeunesse-et-de-la-citoyennete-mjc-de-dodel\/","title":{"rendered":"C\u00e9r\u00e9monie d&rsquo;Inauguration de la Maison de la Jeunesse et de la Citoyennet\u00e9 (MJC) de Dodel"},"content":{"rendered":"\n<figure class=\"wp-block-image size-large\"><img loading=\"lazy\" decoding=\"async\" width=\"1024\" height=\"768\" src=\"https:\/\/lestracesdelinfo.com\/wp-content\/uploads\/2024\/11\/image-15-1024x768.png\" alt=\"\" class=\"wp-image-59649\" srcset=\"https:\/\/lestracesdelinfo.com\/wp-content\/uploads\/2024\/11\/image-15-1024x768.png 1024w, https:\/\/lestracesdelinfo.com\/wp-content\/uploads\/2024\/11\/image-15-300x225.png 300w, https:\/\/lestracesdelinfo.com\/wp-content\/uploads\/2024\/11\/image-15-768x576.png 768w, https:\/\/lestracesdelinfo.com\/wp-content\/uploads\/2024\/11\/image-15.png 1280w\" sizes=\"auto, (max-width: 1024px) 100vw, 1024px\" \/><\/figure>\n\n\n\n<figure class=\"wp-block-image size-large\"><img loading=\"lazy\" decoding=\"async\" width=\"1024\" height=\"768\" src=\"https:\/\/lestracesdelinfo.com\/wp-content\/uploads\/2024\/11\/image-16-1024x768.png\" alt=\"\" class=\"wp-image-59650\" srcset=\"https:\/\/lestracesdelinfo.com\/wp-content\/uploads\/2024\/11\/image-16-1024x768.png 1024w, https:\/\/lestracesdelinfo.com\/wp-content\/uploads\/2024\/11\/image-16-300x225.png 300w, https:\/\/lestracesdelinfo.com\/wp-content\/uploads\/2024\/11\/image-16-768x576.png 768w, https:\/\/lestracesdelinfo.com\/wp-content\/uploads\/2024\/11\/image-16.png 1280w\" sizes=\"auto, (max-width: 1024px) 100vw, 1024px\" \/><\/figure>\n\n\n\n<p>Ce 09 Novembre 2024, le Pr\u00e9sident Abdoulaye Daouda DIALLO, a proc\u00e9d\u00e9 \u00e0 l\u2019inauguration officielle de la Maison des Jeunes de Dodel, en pr\u00e9sence des Autorit\u00e9s et responsables politiques de la Commune de Dodel.<\/p>\n\n\n\n<p>Ce nouveau b\u00e2timent s\u2019inscrit parfaitement dans la trajectoire de souligner une fois de plus la priorit\u00e9 \u00e9lev\u00e9e que ADD accorde \u00e0 la jeunesse, force vibrante pour l&rsquo;\u00e9mergence du pays.<\/p>\n\n\n\n<p>Cette \u00ab\u00a0Maison\u00a0\u00bb, d&rsquo;un co\u00fbt de 25 millions de francs CFA, se veut \u00eatre \u00e0 la fois un creuset de d\u00e9veloppement de talents et un espace convivial o\u00f9 les jeunes pourront trouver toutes les commodit\u00e9s et services de proximit\u00e9 n\u00e9cessaires au d\u00e9veloppement de leur conscience citoyenne et de leur esprit entrepreneurial, ainsi qu&rsquo;au renforcement de leurs comp\u00e9tences professionnelles et de leur bien-\u00eatre.<\/p>\n\n\n\n<figure class=\"wp-block-image size-large\"><img loading=\"lazy\" decoding=\"async\" width=\"1024\" height=\"768\" src=\"https:\/\/lestracesdelinfo.com\/wp-content\/uploads\/2024\/11\/image-17-1024x768.png\" alt=\"\" class=\"wp-image-59651\" srcset=\"https:\/\/lestracesdelinfo.com\/wp-content\/uploads\/2024\/11\/image-17-1024x768.png 1024w, https:\/\/lestracesdelinfo.com\/wp-content\/uploads\/2024\/11\/image-17-300x225.png 300w, https:\/\/lestracesdelinfo.com\/wp-content\/uploads\/2024\/11\/image-17-768x576.png 768w, https:\/\/lestracesdelinfo.com\/wp-content\/uploads\/2024\/11\/image-17.png 1280w\" sizes=\"auto, (max-width: 1024px) 100vw, 1024px\" \/><\/figure>\n\n\n\n<p>ADD<\/p>\n\n\n\n<figure class=\"wp-block-image size-full\"><img loading=\"lazy\" decoding=\"async\" width=\"960\" height=\"540\" src=\"https:\/\/lestracesdelinfo.com\/wp-content\/uploads\/2024\/11\/image-18.png\" alt=\"\" class=\"wp-image-59652\" srcset=\"https:\/\/lestracesdelinfo.com\/wp-content\/uploads\/2024\/11\/image-18.png 960w, https:\/\/lestracesdelinfo.com\/wp-content\/uploads\/2024\/11\/image-18-300x169.png 300w, https:\/\/lestracesdelinfo.com\/wp-content\/uploads\/2024\/11\/image-18-768x432.png 768w\" sizes=\"auto, (max-width: 960px) 100vw, 960px\" \/><\/figure>\n\n\n\n<figure class=\"wp-block-image size-full\"><img loading=\"lazy\" decoding=\"async\" width=\"960\" height=\"540\" src=\"https:\/\/lestracesdelinfo.com\/wp-content\/uploads\/2024\/11\/image-19.png\" alt=\"\" class=\"wp-image-59653\" srcset=\"https:\/\/lestracesdelinfo.com\/wp-content\/uploads\/2024\/11\/image-19.png 960w, https:\/\/lestracesdelinfo.com\/wp-content\/uploads\/2024\/11\/image-19-300x169.png 300w, https:\/\/lestracesdelinfo.com\/wp-content\/uploads\/2024\/11\/image-19-768x432.png 768w\" sizes=\"auto, (max-width: 960px) 100vw, 960px\" \/><\/figure>\n\n\n\n<p><strong>Sign\u00e9 par lamtooro Sall<\/strong> un jeune responsable politique<strong> Commune de dodel \u00c9l\u00e9ment ADD<\/strong><br>COMMUNE_DODEL<br>TAKKU _WALLU_SENEGAL<br>\u00c9LECTION_LEGISLATIVE_2024<\/p>\n","protected":false},"excerpt":{"rendered":"<p>Ce 09 Novembre 2024, le Pr\u00e9sident Abdoulaye Daouda DIALLO, a proc\u00e9d\u00e9 \u00e0 l\u2019inauguration officielle de la Maison des Jeunes de Dodel, en pr\u00e9sence des Autorit\u00e9s et responsables politiques de la Commune de Dodel. Ce nouveau b\u00e2timent s\u2019inscrit parfaitement dans la trajectoire de souligner une fois de plus la priorit\u00e9 \u00e9lev\u00e9e que ADD accorde \u00e0 la [&hellip;]<\/p>\n","protected":false},"author":2,"featured_media":59649,"comment_status":"open","ping_status":"open","sticky":false,"template":"","format":"standard","meta":{"footnotes":""},"categories":[1306],"tags":[987,54,1462,1461],"class_list":["post-59648","post","type-post","status-publish","format-standard","has-post-thumbnail","hentry","category-politique-general-politique-general","tag-article","tag-boghe","tag-ecole","tag-inaguration"],"_links":{"self":[{"href":"https:\/\/lestracesdelinfo.com\/index.php\/wp-json\/wp\/v2\/posts\/59648","targetHints":{"allow":["GET"]}}],"collection":[{"href":"https:\/\/lestracesdelinfo.com\/index.php\/wp-json\/wp\/v2\/posts"}],"about":[{"href":"https:\/\/lestracesdelinfo.com\/index.php\/wp-json\/wp\/v2\/types\/post"}],"author":[{"embeddable":true,"href":"https:\/\/lestracesdelinfo.com\/index.php\/wp-json\/wp\/v2\/users\/2"}],"replies":[{"embeddable":true,"href":"https:\/\/lestracesdelinfo.com\/index.php\/wp-json\/wp\/v2\/comments?post=59648"}],"version-history":[{"count":2,"href":"https:\/\/lestracesdelinfo.com\/index.php\/wp-json\/wp\/v2\/posts\/59648\/revisions"}],"predecessor-version":[{"id":59655,"href":"https:\/\/lestracesdelinfo.com\/index.php\/wp-json\/wp\/v2\/posts\/59648\/revisions\/59655"}],"wp:featuredmedia":[{"embeddable":true,"href":"https:\/\/lestracesdelinfo.com\/index.php\/wp-json\/wp\/v2\/media\/59649"}],"wp:attachment":[{"href":"https:\/\/lestracesdelinfo.com\/index.php\/wp-json\/wp\/v2\/media?parent=59648"}],"wp:term":[{"taxonomy":"category","embeddable":true,"href":"https:\/\/lestracesdelinfo.com\/index.php\/wp-json\/wp\/v2\/categories?post=59648"},{"taxonomy":"post_tag","embeddable":true,"href":"https:\/\/lestracesdelinfo.com\/index.php\/wp-json\/wp\/v2\/tags?post=59648"}],"curies":[{"name":"wp","href":"https:\/\/api.w.org\/{rel}","templated":true}]}}