{"id":59662,"date":"2024-11-16T09:55:49","date_gmt":"2024-11-16T09:55:49","guid":{"rendered":"https:\/\/lestracesdelinfo.com\/?p=59662"},"modified":"2024-11-16T09:55:54","modified_gmt":"2024-11-16T09:55:54","slug":"atelier-de-lancement-du-programme-de-creation-dun-plan-directeur-pour-la-valorisation-hydroagricole","status":"publish","type":"post","link":"https:\/\/lestracesdelinfo.com\/index.php\/2024\/11\/16\/atelier-de-lancement-du-programme-de-creation-dun-plan-directeur-pour-la-valorisation-hydroagricole\/","title":{"rendered":"Atelier de lancement du programme de cr\u00e9ation d\u2019un plan directeur pour la valorisation hydroagricole"},"content":{"rendered":"\n<h2 class=\"wp-block-heading\">Bogh\u00e9,<\/h2>\n\n\n\n<p>Ami<\/p>\n\n\n\n<figure class=\"wp-block-image\"><a href=\"https:\/\/ami.mr\/fr\/wp-content\/uploads\/2024\/11\/006-111.jpg\"><img decoding=\"async\" src=\"https:\/\/ami.mr\/fr\/wp-content\/uploads\/2024\/11\/006-111.jpg\" alt=\"\"\/><\/a><\/figure>\n\n\n\n<p>Le ministre de l\u2019Agriculture et de la Souverainet\u00e9 alimentaire, <strong>M. Momme Beibate<\/strong>, a supervis\u00e9, vendredi \u00e0 Bogh\u00e9, l\u2019atelier de lancement du programme de coop\u00e9ration technique entre la Soci\u00e9t\u00e9 nationale pour le d\u00e9veloppement rural (SONADER) et l\u2019Organisation mondiale de l\u2019alimentation et de l\u2019agriculture (FAO) visant \u00e0 \u00e9tablir un plan directeur pour la mise en valeur hydroagricole sur les rives du fleuve S\u00e9n\u00e9gal.<\/p>\n\n\n\n<p>Le programme, financ\u00e9 par <strong>la FAO \u00e0 hauteur de 450 000 dolla<\/strong>rs, vise \u00e0 contribuer \u00e0 la durabilit\u00e9 des syst\u00e8mes de production et \u00e0 l\u2019am\u00e9lioration de la qualit\u00e9 des terres dans cette r\u00e9gion.<\/p>\n\n\n\n<p>S\u2019exprimant \u00e0 cette occasion, le ministre de l\u2019Agriculture et de la Souverainet\u00e9 alimentaire a soulign\u00e9 que le secteur s\u2019emploie \u00e0 accro\u00eetre son efficacit\u00e9 dans divers domaines et \u00e0 d\u00e9velopper des solutions efficaces visant \u00e0 atteindre la s\u00e9curit\u00e9 alimentaire en r\u00e9ponse aux hautes directives du Pr\u00e9sident de la R\u00e9publique, S.E<strong>. Mohamed Ould Cheikh El-Ghazouani, <\/strong>qui a fait de l\u2019autosuffisance alimentaire une question de souverainet\u00e9 qui doit \u00eatre r\u00e9alis\u00e9e conform\u00e9ment aux plans et programmes que le gouvernement s\u2019efforce de mettre en \u0153uvre.<\/p>\n\n\n\n<p>Il a ajout\u00e9 que la grande attention accord\u00e9e par le Pr\u00e9sident de la R\u00e9publique au secteur agricole est une forte incitation \u00e0 pousser le processus agricole vers la r\u00e9alisation des objectifs et la r\u00e9duction du d\u00e9ficit alimentaire dans tous les domaines, notant que le th\u00e8me de cet atelier rev\u00eat une importance particuli\u00e8re et s\u2019inscrit dans la strat\u00e9gie du secteur visant \u00e0 mettre en place les bases techniques permettant l\u2019exploitation optimale des ressources dont est dot\u00e9 notre pays, notamment les terres agricoles et les importantes ressources hydriques.<\/p>\n\n\n\n<p>Le pr\u00e9sident de la r\u00e9gion du Brakna, <strong>M. Moustapha Ould Mohamed Mahmoud, a<\/strong> soulign\u00e9 que ce programme s\u2019inscrit dans le cadre de la promotion de l\u2019agriculture, qui constitue un axe pr\u00e9pond\u00e9rant du programme du Pr\u00e9sident de la R\u00e9publique, S.E. Mohamed Ould Cheikh El Ghazouani.<\/p>\n\n\n\n<p>Le Maire Adjoint de la Commune de Bogh\u00e9, <strong>M. Ba Adama Alassane, <\/strong>et le Pr\u00e9sident de la F\u00e9d\u00e9ration Nationale de l\u2019Agriculture, <strong>M. Adama Omar Dia<\/strong>, ont salu\u00e9 l\u2019organisation de cet atelier, qui met en lumi\u00e8re la place importante qu\u2019occupe l\u2019agriculture dans notre pays en tant que un levier \u00e9conomique et de d\u00e9veloppement important.<\/p>\n\n\n\n<p>La Coordonnatrice R\u00e9sidente du syst\u00e8me des Nations Unies en Mauritanie, Mme Leila Peters Yahya, et le Repr\u00e9sentant de l\u2019Organisation Mondiale pour l\u2019Alimentation et l\u2019Agriculture, M. Alexandre Huynh, ont appr\u00e9ci\u00e9 les efforts d\u00e9ploy\u00e9s par la Mauritanie dans le domaine de la r\u00e9alisation de la souverainet\u00e9 alimentaire en encourageant les investissements priv\u00e9s. et l\u2019adoption de technologies modernes.<\/p>\n\n\n\n<p>L\u2019atelier a \u00e9t\u00e9 ouvert en pr\u00e9sence du wali du<strong> Brakna, M. Mohamed Ould Salek, du wali du Gorgol, M. Ahmedna Ould Sidebe, et M. M. Hamada Ould Didi, Directeur G\u00e9n\u00e9ral de la Soci\u00e9t\u00e9 Nationale de D\u00e9veloppement Rural.<\/strong><\/p>\n\n\n\n<p><a href=\"https:\/\/www.facebook.com\/sharer\/sharer.php?u=https%3A%2F%2Fami.mr%2Ffr%2Farchives%2F258842\" rel=\"noreferrer noopener\" target=\"_blank\"><\/a><a href=\"https:\/\/twitter.com\/intent\/tweet?text=Atelier%20de%20lancement%20du%20programme%20de%20cr%C3%A9ation%20d%27un%20plan%20directeur%20pour%20la%20valorisation%20hydroagricole&amp;url=https%3A%2F%2Fami.mr%2Ffr%2Farchives%2F258842\" rel=\"noreferrer noopener\" target=\"_blank\"><\/a><a href=\"https:\/\/api.whatsapp.com\/send?text=Atelier%20de%20lancement%20du%20programme%20de%20cr%C3%A9ation%20d%27un%20plan%20directeur%20pour%20la%20valorisation%20hydroagricole%20https%3A%2F%2Fami.mr%2Ffr%2Farchives%2F258842\" rel=\"noreferrer noopener\" target=\"_blank\"><\/a><a href=\"https:\/\/www.instagram.com\/\" rel=\"noreferrer noopener\" target=\"_blank\"><\/a><a href=\"https:\/\/ami.mr\/fr\/archives\/258842\"><\/a><\/p>\n\n\n\n<p><\/p>\n","protected":false},"excerpt":{"rendered":"<p>Bogh\u00e9, Ami Le ministre de l\u2019Agriculture et de la Souverainet\u00e9 alimentaire, M. Momme Beibate, a supervis\u00e9, vendredi \u00e0 Bogh\u00e9, l\u2019atelier de lancement du programme de coop\u00e9ration technique entre la Soci\u00e9t\u00e9 nationale pour le d\u00e9veloppement rural (SONADER) et l\u2019Organisation mondiale de l\u2019alimentation et de l\u2019agriculture (FAO) visant \u00e0 \u00e9tablir un plan directeur pour la mise en [&hellip;]<\/p>\n","protected":false},"author":2,"featured_media":59663,"comment_status":"open","ping_status":"open","sticky":false,"template":"","format":"standard","meta":{"footnotes":""},"categories":[1307],"tags":[],"class_list":["post-59662","post","type-post","status-publish","format-standard","has-post-thumbnail","hentry","category-regions-ou-wilayas"],"_links":{"self":[{"href":"https:\/\/lestracesdelinfo.com\/index.php\/wp-json\/wp\/v2\/posts\/59662","targetHints":{"allow":["GET"]}}],"collection":[{"href":"https:\/\/lestracesdelinfo.com\/index.php\/wp-json\/wp\/v2\/posts"}],"about":[{"href":"https:\/\/lestracesdelinfo.com\/index.php\/wp-json\/wp\/v2\/types\/post"}],"author":[{"embeddable":true,"href":"https:\/\/lestracesdelinfo.com\/index.php\/wp-json\/wp\/v2\/users\/2"}],"replies":[{"embeddable":true,"href":"https:\/\/lestracesdelinfo.com\/index.php\/wp-json\/wp\/v2\/comments?post=59662"}],"version-history":[{"count":1,"href":"https:\/\/lestracesdelinfo.com\/index.php\/wp-json\/wp\/v2\/posts\/59662\/revisions"}],"predecessor-version":[{"id":59664,"href":"https:\/\/lestracesdelinfo.com\/index.php\/wp-json\/wp\/v2\/posts\/59662\/revisions\/59664"}],"wp:featuredmedia":[{"embeddable":true,"href":"https:\/\/lestracesdelinfo.com\/index.php\/wp-json\/wp\/v2\/media\/59663"}],"wp:attachment":[{"href":"https:\/\/lestracesdelinfo.com\/index.php\/wp-json\/wp\/v2\/media?parent=59662"}],"wp:term":[{"taxonomy":"category","embeddable":true,"href":"https:\/\/lestracesdelinfo.com\/index.php\/wp-json\/wp\/v2\/categories?post=59662"},{"taxonomy":"post_tag","embeddable":true,"href":"https:\/\/lestracesdelinfo.com\/index.php\/wp-json\/wp\/v2\/tags?post=59662"}],"curies":[{"name":"wp","href":"https:\/\/api.w.org\/{rel}","templated":true}]}}