{"id":59677,"date":"2024-11-16T16:26:27","date_gmt":"2024-11-16T16:26:27","guid":{"rendered":"https:\/\/lestracesdelinfo.com\/?p=59677"},"modified":"2024-11-16T16:26:59","modified_gmt":"2024-11-16T16:26:59","slug":"le-ministre-de-la-culture-preside-la-ceremonie-de-lancement-de-la-7eme-edition-du-festival-de-lardine","status":"publish","type":"post","link":"https:\/\/lestracesdelinfo.com\/index.php\/2024\/11\/16\/le-ministre-de-la-culture-preside-la-ceremonie-de-lancement-de-la-7eme-edition-du-festival-de-lardine\/","title":{"rendered":"Le ministre de la Culture pr\u00e9sid\u00e9 la c\u00e9r\u00e9monie de lancement de la 7\u00e8me \u00e9dition du festival de l\u2019ardine"},"content":{"rendered":"\n<p>ami<\/p>\n\n\n\n<figure class=\"wp-block-image\"><a href=\"https:\/\/ami.mr\/fr\/wp-content\/uploads\/2024\/11\/16-11-2024-001.jpg\"><img decoding=\"async\" src=\"https:\/\/ami.mr\/fr\/wp-content\/uploads\/2024\/11\/16-11-2024-001-750x430.jpg\" alt=\"\"\/><\/a><\/figure>\n\n\n\n<p>Le ministre de la Culture, des Arts, de la Communication et des Relations avec le parlement, porte-parole du gouvernement, M. Houssein Ould Medou a pr\u00e9sid\u00e9, hier, vendredi soir \u00e0 Nouakchott, la c\u00e9r\u00e9monie de lancement de la 7\u00e8me \u00e9dition du festival de l\u2019ardine, organis\u00e9e, cette ann\u00e9e, sous le slogan : \u00ab L\u2019ardine identit\u00e9 d\u2019un peuple \u00bb.<\/p>\n\n\n\n<p>Pendant les trois jours du festival, des interm\u00e8des musicales de l\u2019Ardine seront pr\u00e9sent\u00e9es au public, ainsi que des pi\u00e8ces de th\u00e9\u00e2tre et des danses folkloriques populaires refl\u00e9tant la richesse et la diversit\u00e9 de la musique mauritanienne.<\/p>\n\n\n\n<p>En marge du festival, le ministre et la d\u00e9l\u00e9gation qui l\u2019accompagne ont visit\u00e9 une exposition portant sur les composants de l\u2019ardine et ceux utilis\u00e9s dans la fabrication des autres instruments de musique traditionnels nationaux.<\/p>\n\n\n\n<p>Dans le discours qu\u2019il a prononc\u00e9, \u00e0 cette occasion, M. Houssein Ould Medou a d\u00e9clar\u00e9 que la culture est reconnaissance \u00e0 la musique traditionnelle sans laquelle beaucoup de choses ne seraient connu sur l\u2019histoire du pays, les coutumes de sa population et ses anciennes traditions culturelles.<\/p>\n\n\n\n<p>Il a ajout\u00e9 que la premi\u00e8re \u00e9dition du festival, organis\u00e9e par le minist\u00e8re de la Culture, a vu la participation artistique dans toutes les langues nationales, ce qui a accru l\u2019int\u00e9r\u00eat pour l\u2019organisation de nouvelles \u00e9ditions de festivals ax\u00e9s sur la musique, qui joue un r\u00f4le central dans la revitalisation du patrimoine culturel de la Mauritanie.<\/p>\n\n\n\n<p>De son c\u00f4t\u00e9, la pr\u00e9sidente du festival, Mme A\u00efcha Mint Chighali a salu\u00e9 la r\u00e9habilitation r\u00e9alis\u00e9e dans le domaine artistique par l\u2019inclusion du mot \u00ab arts \u00bb dans l\u2019appellation du d\u00e9partement de la Culture, ce qui, dit-elle, traduit l\u2019int\u00e9r\u00eat port\u00e9 par le Pr\u00e9sident de la R\u00e9publique, Son Excellence Monsieur Mohamed Ould Cheikh El Ghazouani, \u00e0 la culture et \u00e0 l\u2019identit\u00e9 du pays.<\/p>\n\n\n\n<p>La c\u00e9r\u00e9monie s\u2019est d\u00e9roul\u00e9e en pr\u00e9sence du wali de Nouakchott ouest, de la pr\u00e9sidente du conseil r\u00e9gional de Nouakchott et de l\u2019ambassadeur chef de d\u00e9l\u00e9gation de l\u2019Union Europ\u00e9enne.<\/p>\n","protected":false},"excerpt":{"rendered":"<p>ami Le ministre de la Culture, des Arts, de la Communication et des Relations avec le parlement, porte-parole du gouvernement, M. Houssein Ould Medou a pr\u00e9sid\u00e9, hier, vendredi soir \u00e0 Nouakchott, la c\u00e9r\u00e9monie de lancement de la 7\u00e8me \u00e9dition du festival de l\u2019ardine, organis\u00e9e, cette ann\u00e9e, sous le slogan : \u00ab L\u2019ardine identit\u00e9 d\u2019un peuple [&hellip;]<\/p>\n","protected":false},"author":2,"featured_media":59678,"comment_status":"open","ping_status":"open","sticky":false,"template":"","format":"standard","meta":{"footnotes":""},"categories":[1449],"tags":[],"class_list":["post-59677","post","type-post","status-publish","format-standard","has-post-thumbnail","hentry","category-national"],"_links":{"self":[{"href":"https:\/\/lestracesdelinfo.com\/index.php\/wp-json\/wp\/v2\/posts\/59677","targetHints":{"allow":["GET"]}}],"collection":[{"href":"https:\/\/lestracesdelinfo.com\/index.php\/wp-json\/wp\/v2\/posts"}],"about":[{"href":"https:\/\/lestracesdelinfo.com\/index.php\/wp-json\/wp\/v2\/types\/post"}],"author":[{"embeddable":true,"href":"https:\/\/lestracesdelinfo.com\/index.php\/wp-json\/wp\/v2\/users\/2"}],"replies":[{"embeddable":true,"href":"https:\/\/lestracesdelinfo.com\/index.php\/wp-json\/wp\/v2\/comments?post=59677"}],"version-history":[{"count":1,"href":"https:\/\/lestracesdelinfo.com\/index.php\/wp-json\/wp\/v2\/posts\/59677\/revisions"}],"predecessor-version":[{"id":59679,"href":"https:\/\/lestracesdelinfo.com\/index.php\/wp-json\/wp\/v2\/posts\/59677\/revisions\/59679"}],"wp:featuredmedia":[{"embeddable":true,"href":"https:\/\/lestracesdelinfo.com\/index.php\/wp-json\/wp\/v2\/media\/59678"}],"wp:attachment":[{"href":"https:\/\/lestracesdelinfo.com\/index.php\/wp-json\/wp\/v2\/media?parent=59677"}],"wp:term":[{"taxonomy":"category","embeddable":true,"href":"https:\/\/lestracesdelinfo.com\/index.php\/wp-json\/wp\/v2\/categories?post=59677"},{"taxonomy":"post_tag","embeddable":true,"href":"https:\/\/lestracesdelinfo.com\/index.php\/wp-json\/wp\/v2\/tags?post=59677"}],"curies":[{"name":"wp","href":"https:\/\/api.w.org\/{rel}","templated":true}]}}