{"id":59724,"date":"2024-11-21T16:24:26","date_gmt":"2024-11-21T16:24:26","guid":{"rendered":"https:\/\/lestracesdelinfo.com\/?p=59724"},"modified":"2024-11-21T16:25:24","modified_gmt":"2024-11-21T16:25:24","slug":"apres-la-victoire-de-pastef-aux-legislatives-diomaye-admis-aux-urgences","status":"publish","type":"post","link":"https:\/\/lestracesdelinfo.com\/index.php\/2024\/11\/21\/apres-la-victoire-de-pastef-aux-legislatives-diomaye-admis-aux-urgences\/","title":{"rendered":"Apr\u00e8s la victoire de Pastef aux L\u00e9gislatives : DIOMAYE ADMIS AUX URGENCES"},"content":{"rendered":"\n<p><a href=\"https:\/\/lequotidien.sn\/author\/aicha\/\">Lequotidien<\/a>\u00a0<\/p>\n\n\n\n<figure class=\"wp-block-image\"><img decoding=\"async\" src=\"https:\/\/lequotidien.sn\/wp-content\/uploads\/2024\/11\/diomaye-sonko.jpg\" alt=\"\"\/><\/figure>\n\n\n\n<p><strong>Cette ann\u00e9e, le projet de Loi de finances initiale (Lfi) 2025 va \u00eatre examin\u00e9 dans des d\u00e9lais exceptionnels, a annonc\u00e9, hier, Bassirou Diomaye Faye. Ainsi a-t-il demand\u00e9 au gouvernement d\u2019acc\u00e9l\u00e9rer la pr\u00e9paration dudit projet.<\/strong><\/p>\n\n\n\n<p><strong>Par Dialigu\u00e9 FAYE \u2013&nbsp;<\/strong>Apr\u00e8s une victoire aux L\u00e9gislatives, le pr\u00e9sident de la R\u00e9publique a instruit le gouvernement \u00e0 se mettre au travail pour faire face aux urgences. Diomaye Faye a \u00abdemand\u00e9 au Premier ministre, au ministre de l\u2019Economie, du plan et de la coop\u00e9ration, et au ministre des Finances et du budget, d\u2019acc\u00e9l\u00e9rer la cadence afin de finaliser la pr\u00e9paration du projet de Loi de finances pour l\u2019ann\u00e9e 2025&nbsp;qui va \u00eatre examin\u00e9 dans des d\u00e9lais exceptionnels\u00bb.<\/p>\n\n\n\n<blockquote class=\"wp-block-quote is-layout-flow wp-block-quote-is-layout-flow\">\n<h2 class=\"wp-block-heading\"><strong><a href=\"https:\/\/lequotidien.sn\/urgence-de-la-prochaine-assemblee-le-budget-nouveau-projet\/\">Urgence de la prochaine Assembl\u00e9e : LE BUDGET, NOUVEAU PROJET<\/a><\/strong><\/h2>\n<\/blockquote>\n\n\n\n<p>Pour rappel, \u00e0 pareille \u00e9poque l\u2019ann\u00e9e derni\u00e8re, le top de d\u00e9part du marathon budg\u00e9taire 2024 avait \u00e9t\u00e9 d\u00e9j\u00e0 donn\u00e9 par les d\u00e9put\u00e9s de la 14e&nbsp;L\u00e9gislature pour examiner le projet de Loi de finances 2023 et proc\u00e9der ensuite \u00e0 l\u2019adoption du budget des diff\u00e9rentes institutions de la R\u00e9publique.<\/p>\n\n\n\n<blockquote class=\"wp-block-quote is-layout-flow wp-block-quote-is-layout-flow\">\n<p><\/p>\n<\/blockquote>\n\n\n\n<p>Comme l\u2019a \u00e9crit le journal Le Quotidien dans son \u00e9dition n\u00b06516 du mercredi 20 novembre 2024, \u00abpour la premi\u00e8re fois depuis bien longtemps, le S\u00e9n\u00e9gal arrive au mois de d\u00e9cembre sans que l\u2019Assembl\u00e9e nationale n\u2019ait entam\u00e9 le d\u00e9bat sur l\u2019orientation budg\u00e9taire. Et si les \u00e9lus n\u2019acc\u00e9l\u00e8rent pas la cadence, ce n\u2019est pas avant janvier 2025 que les S\u00e9n\u00e9galais conna\u00eetront les priorit\u00e9s \u00e9conomiques et politiques du nouveau pouvoir. Or, le pays fonctionne au rythme des urgences\u00bb.<\/p>\n\n\n\n<blockquote class=\"wp-block-quote is-layout-flow wp-block-quote-is-layout-flow\">\n<h2 class=\"wp-block-heading\"><strong><a href=\"https:\/\/lequotidien.sn\/resultats-des-legislatives-bulletins-de-renseignements-sonko-termine-le-travail-de-la-presidentielle\/\">R\u00e9sultats des L\u00e9gislatives : BULLETINS DE RENSEIGNEMENTS<\/a><\/strong><\/h2>\n<\/blockquote>\n\n\n\n<p>Le chef de l\u2019Etat, mentionne le communiqu\u00e9 du Conseil des ministres, \u00aba, dans le m\u00eame \u00e9lan, magnifi\u00e9 la qualit\u00e9 du travail gouvernemental du\u00adrant les huit mois pr\u00e9c\u00e9dents de cette ann\u00e9e exceptionnelle o\u00f9 le S\u00e9n\u00e9gal a organis\u00e9 deux \u00e9lections nationales majeures. Il a salu\u00e9, \u00e0 sa juste valeur, dans cette phase de rectification, d\u2019ajustement et de reddition des comptes, la mobilisation exemplaire de chaque membre du gouvernement\u00bb.<\/p>\n\n\n\n<blockquote class=\"wp-block-quote is-layout-flow wp-block-quote-is-layout-flow\">\n<h2 class=\"wp-block-heading\"><strong>Lire la chronique \u2013&nbsp;<a href=\"https:\/\/lequotidien.sn\/le-president-est-un-bon-fils-son-premier-ministre-aussi\/\">Le Pr\u00e9sident est un bon fils ; son Premier ministre, aussi\u2026<\/a><\/strong><\/h2>\n<\/blockquote>\n\n\n\n<p>Autre urgence \u00e9voqu\u00e9e par le Pr\u00e9sident Faye, \u00abla campagne de commercialisation de la production agricole\u00bb. A ce propos, il a demand\u00e9 au \u00abgouvernement de veiller \u00e0 la pr\u00e9servation des int\u00e9r\u00eats des producteurs, \u00e0 la juste r\u00e9mun\u00e9ration de leurs productions et au d\u00e9veloppement de l\u2019industrie nationale dans une perspective de consolidation de la souverainet\u00e9 \u00e9conomique. Il a demand\u00e9 au gouvernement de prendre toutes les dispositions idoines en vue de la fixation ad\u00e9quate du prix du kilogramme d\u2019arachide au producteur\u00bb. Il a, par ailleurs, \u00abinvit\u00e9 le Premier ministre et les ministres charg\u00e9s de l\u2019Agriculture et de l\u2019Industrie \u00e0 d\u00e9finir, dans le consensus avec les op\u00e9rateurs et industriels du secteur, une m\u00e9thode d\u2019intervention sur les march\u00e9s de l\u2019arachide. Ce qui permettra d\u2019assurer la s\u00e9curisation des revenus des producteurs et la modernisation de l\u2019outil industriel de transformation locale de la production arachidi\u00e8re nationale. Pour clore ce chapitre, il a demand\u00e9 au Premier ministre de tenir, dans les meilleurs d\u00e9lais, un Conseil interminist\u00e9riel sur la campagne de commercialisation agricole\u00bb.<br><strong>dialigue@lequotidien.sn<\/strong><\/p>\n","protected":false},"excerpt":{"rendered":"<p>Lequotidien\u00a0 Cette ann\u00e9e, le projet de Loi de finances initiale (Lfi) 2025 va \u00eatre examin\u00e9 dans des d\u00e9lais exceptionnels, a annonc\u00e9, hier, Bassirou Diomaye Faye. Ainsi a-t-il demand\u00e9 au gouvernement d\u2019acc\u00e9l\u00e9rer la pr\u00e9paration dudit projet. Par Dialigu\u00e9 FAYE \u2013&nbsp;Apr\u00e8s une victoire aux L\u00e9gislatives, le pr\u00e9sident de la R\u00e9publique a instruit le gouvernement \u00e0 se mettre [&hellip;]<\/p>\n","protected":false},"author":2,"featured_media":59725,"comment_status":"open","ping_status":"open","sticky":false,"template":"","format":"standard","meta":{"footnotes":""},"categories":[1447],"tags":[],"class_list":["post-59724","post","type-post","status-publish","format-standard","has-post-thumbnail","hentry","category-afrique"],"_links":{"self":[{"href":"https:\/\/lestracesdelinfo.com\/index.php\/wp-json\/wp\/v2\/posts\/59724","targetHints":{"allow":["GET"]}}],"collection":[{"href":"https:\/\/lestracesdelinfo.com\/index.php\/wp-json\/wp\/v2\/posts"}],"about":[{"href":"https:\/\/lestracesdelinfo.com\/index.php\/wp-json\/wp\/v2\/types\/post"}],"author":[{"embeddable":true,"href":"https:\/\/lestracesdelinfo.com\/index.php\/wp-json\/wp\/v2\/users\/2"}],"replies":[{"embeddable":true,"href":"https:\/\/lestracesdelinfo.com\/index.php\/wp-json\/wp\/v2\/comments?post=59724"}],"version-history":[{"count":1,"href":"https:\/\/lestracesdelinfo.com\/index.php\/wp-json\/wp\/v2\/posts\/59724\/revisions"}],"predecessor-version":[{"id":59726,"href":"https:\/\/lestracesdelinfo.com\/index.php\/wp-json\/wp\/v2\/posts\/59724\/revisions\/59726"}],"wp:featuredmedia":[{"embeddable":true,"href":"https:\/\/lestracesdelinfo.com\/index.php\/wp-json\/wp\/v2\/media\/59725"}],"wp:attachment":[{"href":"https:\/\/lestracesdelinfo.com\/index.php\/wp-json\/wp\/v2\/media?parent=59724"}],"wp:term":[{"taxonomy":"category","embeddable":true,"href":"https:\/\/lestracesdelinfo.com\/index.php\/wp-json\/wp\/v2\/categories?post=59724"},{"taxonomy":"post_tag","embeddable":true,"href":"https:\/\/lestracesdelinfo.com\/index.php\/wp-json\/wp\/v2\/tags?post=59724"}],"curies":[{"name":"wp","href":"https:\/\/api.w.org\/{rel}","templated":true}]}}