{"id":59803,"date":"2024-11-27T17:15:03","date_gmt":"2024-11-27T17:15:03","guid":{"rendered":"https:\/\/lestracesdelinfo.com\/?p=59803"},"modified":"2024-11-27T20:45:42","modified_gmt":"2024-11-27T20:45:42","slug":"le-resume-de-la-visite-du-rais-a-boghe","status":"publish","type":"post","link":"https:\/\/lestracesdelinfo.com\/index.php\/2024\/11\/27\/le-resume-de-la-visite-du-rais-a-boghe\/","title":{"rendered":"LE RESUME DE LA VISITE DU RAIS A BOGHE"},"content":{"rendered":"\n<figure class=\"wp-block-image size-full\"><img loading=\"lazy\" decoding=\"async\" width=\"921\" height=\"816\" src=\"https:\/\/lestracesdelinfo.com\/wp-content\/uploads\/2024\/11\/IMG-20241125-WA0172.jpg\" alt=\"\" class=\"wp-image-59804\" srcset=\"https:\/\/lestracesdelinfo.com\/wp-content\/uploads\/2024\/11\/IMG-20241125-WA0172.jpg 921w, https:\/\/lestracesdelinfo.com\/wp-content\/uploads\/2024\/11\/IMG-20241125-WA0172-300x266.jpg 300w, https:\/\/lestracesdelinfo.com\/wp-content\/uploads\/2024\/11\/IMG-20241125-WA0172-768x680.jpg 768w\" sizes=\"auto, (max-width: 921px) 100vw, 921px\" \/><\/figure>\n\n\n\n<p><strong>LE RESUME DE LA VISITE DU RAIS A BOGHE<\/strong><\/p>\n\n\n\n<p>Son Excellence le Pr\u00e9sident de la R\u00e9publique, Monsieur <strong>Mohamed Ould Cheikh El Ghazouani,<\/strong> est arriv\u00e9, ce lundi 25 Novembre 2025 \u00e0 l\u2019a\u00e9rodrome <strong>d\u2019Abaye \u00e0 Bogh\u00e9,<\/strong> au <strong>Brakna<\/strong>, dans le cadre d\u2019une visite d\u2019information et de lancement de projets de d\u00e9veloppement dans la Wilaya, en comm\u00e9moration du 64\u00e8me anniversaire de la F\u00eate de l\u2019Ind\u00e9pendance Nationale.<\/p>\n\n\n\n<p><strong>Le Raiss<\/strong> a \u00e9t\u00e9 re\u00e7u \u00e0 son arriv\u00e9 par le wali du Brakna, M. <strong>Mohamed Ould Saleck, <\/strong>entour\u00e9 de Mr&nbsp; : Commandant de la Septi\u00e8me R\u00e9gion militaire, le Colonel <strong>Mohamed Ould Bilal<\/strong>, le&nbsp; pr\u00e9sident du conseil r\u00e9gional du Brakna, <strong>Moustapha Mohamed Mahmoud<\/strong>, le Hakem d\u00e9partemental de&nbsp; Bogh\u00e9, <strong>Zeine El Abidine Ould Jiyid<\/strong>, le maire&nbsp; central&nbsp; de Bogh\u00e9 qui&nbsp; est de la commune, <strong><em>Ba Adama Moussa<\/em><\/strong>, des deux d\u00e9put\u00e9s&nbsp;: <strong>Dia Moussa Alhousseyni<\/strong> , <strong>Atiq ould Mohamed<\/strong>&nbsp; tous&nbsp; de la Moughataa et des chefs des formations militaires et de s\u00e9curit\u00e9 de la Wilaya et le maire de Babab\u00e9 <strong>Ba Abdoulaye dit bl\u00e9 <\/strong>\u00e9tait l\u00e0 au rendez-vous \u00e0 l\u2019a\u00e9<strong>roport d\u2019Abaye.<\/strong><\/p>\n\n\n\n<p>Les habitants du D\u00e9partement de<strong> Mbagne<\/strong>\u00a0\u00e9taient l\u00e0\u00a0 bien repr\u00e9sent\u00e9s \u00a0, une forte d\u00e9l\u00e9gation \u00e9tait l\u00e0 le maire de Bagodine Mr <strong>Ba Samba Bocar<\/strong>, le maire de Niabina Mr <strong>Elhadj Hamady Sidi , Boyba Koitra <\/strong>maire de <strong>D\u00e9baye Hijaj<\/strong> , le Maire de Mbagne <strong>Hassane Seck<\/strong>, l\u2019ancien pr\u00e9sident\u00a0 du section Insaf\u00a0 le doyen <strong>Seck Souley<\/strong> et\u00a0 le Maire\u00a0 <strong>Elhadj de l\u2019UDP<\/strong> majorit\u00e9\u00a0 pr\u00e9sidentielle, les militants et sympathisants du D\u00e9partement de <strong>Bababe et de \u00a0Bogh\u00e9<\/strong> ont organis\u00e9 un accueil chaleureux en l\u2019honneur de Son Excellence le Pr\u00e9sident de la R\u00e9publique, se massant le long de la route reliant l\u2019a\u00e9roport d\u2019Abaye et l\u2019arrondissement de <strong>Dar Al-Baraka<\/strong>, brandissant des photos agrandies de Son Excellence, des slogans et des banderoles de bienvenue.<\/p>\n\n\n\n<p>&nbsp;Dans cette lanc\u00e9e d\u2019accueils, la pr\u00e9sence remarquable des populations&nbsp;de Dar El Avia sous la direction de Mr <strong>Niang Idriss<\/strong> Directeur de la dette publique, Mr <strong>Brahim Ba <\/strong>pr\u00e9sident par int\u00e9rim de la sous-section de l\u2019Insaf, <strong>Binta Oumar Diop<\/strong> actrice politique de la zone, <strong>Aissata Amadou Bass<\/strong> actrice politique et <strong>Diop Dialtab\u00e9 salif<\/strong> conseiller municipal des centaines de filles et jeunes de Diorol, des hautes personnalit\u00e9s de <strong>Mokhtar Lahjar,<\/strong> de <strong>Ould Birom et Dar El Barka<\/strong>.<\/p>\n\n\n\n<p>Le maire de<strong> A\u00e9r\u00e9 Mbar Sy Moussa Hamad<\/strong>y a fait le d\u00e9placement \u00e0 <strong>Dar El Barka<\/strong> en compagnie aussi de tous les maires du d\u00e9partement de Mbagne.\u00a0\u00a0 Tous les maires du Brakna \u00e9taient au rendez-vous \u00e0 Dar El Barka .<\/p>\n\n\n\n<p>&nbsp;Rappelons, qu\u2019\u00e0 la veille, c\u2019est-\u00e0-dire le 24 Novembre 2024 \u00e0 l\u2019h\u00f4tel Jam de Bogh\u00e9, il y\u2019a eu \u00e0 11heures, une r\u00e9union des jeunes et femmes du parti Insaf du d\u00e9partement de Bogh\u00e9 pour pr\u00e9parer l\u2019arriv\u00e9e du Raiss et \u00e0 17 heures&nbsp;; le ministre Secr\u00e9taire g\u00e9n\u00e9ral du gouvernement <strong>Mr Lam Mokhtar Alhousseyni<\/strong> et le vice-pr\u00e9sident de l\u2019Insaf ont pr\u00e9sid\u00e9 une grande r\u00e9union des cadres de l\u2019Insaf pour accueillir son excellence <em><strong>Mohamed Ould Cheikh El Ghazani.<\/strong><\/em><\/p>\n\n\n\n<p>Au premier on peut apercevoir, le ministre SG du gouvernemen<strong>t Mr Mokhtar  Alhousseyni Lam<\/strong> le maire de Bogh\u00e9, <strong>Mr Ba Adama Moussa<\/strong>, les d\u00e9put\u00e9s\u00a0: <em><strong>Dia Moussa Alhousseyni, Atiq ould Mohamed, Le F\u00e9d\u00e9ral Ndiaye Daouda, Mr Mohamed El Hady Macina, Mr Massar Cissoko, Niang Idrissa, Sakho Amadou Abdoulaye dit Thierno Dabel, Mr Abdoulaye Lam de Thialgou,\u00a0Mr Ngaide Alhouseyni  ( ex Adjoint au maire Travgh zeina )\u00a0, Mr Ahmed Hamath Ngaide ( ambassade Mauritanie &#8211; Congo),  Aly Ba, Abdoul Rasack K\u00e9lly, Ethmane Ould Brahmatt, des femmes du parti Aissata Peinda et\u00a0\u00a0 Madame Zeinaba Barry( la pr\u00e9sidente des femmes du d\u00e9partement de Bogh\u00e9)\u00a0; Mr Baba Tour\u00e9 ,\u00a0 les maires des communes du d\u00e9partement, les notables des quatre communes, des leaders politiques de Mbagne, Bababe et Maktar Lahjar, d\u2019Aleg.<\/strong><\/em><\/p>\n\n\n\n<p>&nbsp; L\u00e0, il \u00e9tait question pr\u00e9parer l\u2019accueil, disponibiliser les moyens n\u00e9cessaires pour mobiliser les troupes et faire de cette journ\u00e9e une F\u00eate, transporter les populations et les ramener dans de bonnes conditions possibles.<\/p>\n\n\n\n<p>Cette journ\u00e9e du 25 Novembre 2025, restera dans l\u2019agenda historique, toute la population du Brakna ont particip\u00e9 \u00e0 l\u2019accueil et a f\u00e9licit\u00e9 le Raiss de ces projets (chantiers pour d\u00e9velopper le pays). Le pari est gagn\u00e9, le pr\u00e9sident a \u00e9t\u00e9 toujours aux cot\u00e9s de la population du Brakna.<\/p>\n\n\n\n<p>Cette journ\u00e9e du 25 Novembre 2025, restera dans l\u2019agenda historique, toute la population du Brakna ont particip\u00e9 \u00e0 l\u2019accueil et a f\u00e9licit\u00e9 le Raiss de ces projets (chantiers pour d\u00e9velopper le pays). Le pari est gagn\u00e9, le pr\u00e9sident a \u00e9t\u00e9 toujours aux cot\u00e9s de la population du Brakna.<\/p>\n\n\n\n<p>la visite du Raiss ici dans le d\u00e9partement de Bogh\u00e9 s&rsquo; est pass\u00e9e dans de bonnes conditions retorqua les militants de<strong> l&rsquo;INSAF rencontr\u00e9s \u00e0 Dar El Barka<\/strong><\/p>\n\n\n\n<figure class=\"wp-block-image size-large\"><img loading=\"lazy\" decoding=\"async\" width=\"1024\" height=\"461\" src=\"https:\/\/lestracesdelinfo.com\/wp-content\/uploads\/2024\/11\/IMG-20241125-WA0259-1024x461.jpg\" alt=\"\" class=\"wp-image-59805\" srcset=\"https:\/\/lestracesdelinfo.com\/wp-content\/uploads\/2024\/11\/IMG-20241125-WA0259-1024x461.jpg 1024w, https:\/\/lestracesdelinfo.com\/wp-content\/uploads\/2024\/11\/IMG-20241125-WA0259-300x135.jpg 300w, https:\/\/lestracesdelinfo.com\/wp-content\/uploads\/2024\/11\/IMG-20241125-WA0259-768x346.jpg 768w, https:\/\/lestracesdelinfo.com\/wp-content\/uploads\/2024\/11\/IMG-20241125-WA0259.jpg 1280w\" sizes=\"auto, (max-width: 1024px) 100vw, 1024px\" \/><\/figure>\n\n\n\n<figure class=\"wp-block-image size-full\"><img loading=\"lazy\" decoding=\"async\" width=\"1024\" height=\"768\" src=\"https:\/\/lestracesdelinfo.com\/wp-content\/uploads\/2024\/11\/IMG-20241125-WA0160.jpg\" alt=\"\" class=\"wp-image-59808\" srcset=\"https:\/\/lestracesdelinfo.com\/wp-content\/uploads\/2024\/11\/IMG-20241125-WA0160.jpg 1024w, https:\/\/lestracesdelinfo.com\/wp-content\/uploads\/2024\/11\/IMG-20241125-WA0160-300x225.jpg 300w, https:\/\/lestracesdelinfo.com\/wp-content\/uploads\/2024\/11\/IMG-20241125-WA0160-768x576.jpg 768w\" sizes=\"auto, (max-width: 1024px) 100vw, 1024px\" \/><\/figure>\n\n\n\n<figure class=\"wp-block-image size-large\"><img loading=\"lazy\" decoding=\"async\" width=\"1024\" height=\"461\" src=\"https:\/\/lestracesdelinfo.com\/wp-content\/uploads\/2024\/11\/25-11-2024-16-1-1-1024x461.jpg\" alt=\"\" class=\"wp-image-59822\" srcset=\"https:\/\/lestracesdelinfo.com\/wp-content\/uploads\/2024\/11\/25-11-2024-16-1-1-1024x461.jpg 1024w, https:\/\/lestracesdelinfo.com\/wp-content\/uploads\/2024\/11\/25-11-2024-16-1-1-300x135.jpg 300w, https:\/\/lestracesdelinfo.com\/wp-content\/uploads\/2024\/11\/25-11-2024-16-1-1-768x346.jpg 768w, https:\/\/lestracesdelinfo.com\/wp-content\/uploads\/2024\/11\/25-11-2024-16-1-1.jpg 1400w\" sizes=\"auto, (max-width: 1024px) 100vw, 1024px\" \/><\/figure>\n\n\n\n<figure class=\"wp-block-image size-full\"><img loading=\"lazy\" decoding=\"async\" width=\"1020\" height=\"765\" src=\"https:\/\/lestracesdelinfo.com\/wp-content\/uploads\/2024\/11\/IMG-20241126-WA0041.jpg\" alt=\"\" class=\"wp-image-59837\" srcset=\"https:\/\/lestracesdelinfo.com\/wp-content\/uploads\/2024\/11\/IMG-20241126-WA0041.jpg 1020w, https:\/\/lestracesdelinfo.com\/wp-content\/uploads\/2024\/11\/IMG-20241126-WA0041-300x225.jpg 300w, https:\/\/lestracesdelinfo.com\/wp-content\/uploads\/2024\/11\/IMG-20241126-WA0041-768x576.jpg 768w\" sizes=\"auto, (max-width: 1020px) 100vw, 1020px\" \/><\/figure>\n\n\n\n<figure class=\"wp-block-image size-large\"><img loading=\"lazy\" decoding=\"async\" width=\"1024\" height=\"701\" src=\"https:\/\/lestracesdelinfo.com\/wp-content\/uploads\/2024\/11\/IMG-20241126-WA0059-1024x701.jpg\" alt=\"\" class=\"wp-image-59839\" srcset=\"https:\/\/lestracesdelinfo.com\/wp-content\/uploads\/2024\/11\/IMG-20241126-WA0059-1024x701.jpg 1024w, https:\/\/lestracesdelinfo.com\/wp-content\/uploads\/2024\/11\/IMG-20241126-WA0059-300x206.jpg 300w, https:\/\/lestracesdelinfo.com\/wp-content\/uploads\/2024\/11\/IMG-20241126-WA0059-768x526.jpg 768w, https:\/\/lestracesdelinfo.com\/wp-content\/uploads\/2024\/11\/IMG-20241126-WA0059.jpg 1054w\" sizes=\"auto, (max-width: 1024px) 100vw, 1024px\" \/><\/figure>\n\n\n","protected":false},"excerpt":{"rendered":"<p>LE RESUME DE LA VISITE DU RAIS A BOGHE Son Excellence le Pr\u00e9sident de la R\u00e9publique, Monsieur Mohamed Ould Cheikh El Ghazouani, est arriv\u00e9, ce lundi 25 Novembre 2025 \u00e0 l\u2019a\u00e9rodrome d\u2019Abaye \u00e0 Bogh\u00e9, au Brakna, dans le cadre d\u2019une visite d\u2019information et de lancement de projets de d\u00e9veloppement dans la Wilaya, en comm\u00e9moration du [&hellip;]<\/p>\n","protected":false},"author":2,"featured_media":59829,"comment_status":"open","ping_status":"open","sticky":false,"template":"","format":"standard","meta":{"footnotes":""},"categories":[1307],"tags":[1469,1066,992],"class_list":["post-59803","post","type-post","status-publish","format-standard","has-post-thumbnail","hentry","category-regions-ou-wilayas","tag-article-de-presse-lestraces","tag-de","tag-linfo"],"_links":{"self":[{"href":"https:\/\/lestracesdelinfo.com\/index.php\/wp-json\/wp\/v2\/posts\/59803","targetHints":{"allow":["GET"]}}],"collection":[{"href":"https:\/\/lestracesdelinfo.com\/index.php\/wp-json\/wp\/v2\/posts"}],"about":[{"href":"https:\/\/lestracesdelinfo.com\/index.php\/wp-json\/wp\/v2\/types\/post"}],"author":[{"embeddable":true,"href":"https:\/\/lestracesdelinfo.com\/index.php\/wp-json\/wp\/v2\/users\/2"}],"replies":[{"embeddable":true,"href":"https:\/\/lestracesdelinfo.com\/index.php\/wp-json\/wp\/v2\/comments?post=59803"}],"version-history":[{"count":5,"href":"https:\/\/lestracesdelinfo.com\/index.php\/wp-json\/wp\/v2\/posts\/59803\/revisions"}],"predecessor-version":[{"id":59842,"href":"https:\/\/lestracesdelinfo.com\/index.php\/wp-json\/wp\/v2\/posts\/59803\/revisions\/59842"}],"wp:featuredmedia":[{"embeddable":true,"href":"https:\/\/lestracesdelinfo.com\/index.php\/wp-json\/wp\/v2\/media\/59829"}],"wp:attachment":[{"href":"https:\/\/lestracesdelinfo.com\/index.php\/wp-json\/wp\/v2\/media?parent=59803"}],"wp:term":[{"taxonomy":"category","embeddable":true,"href":"https:\/\/lestracesdelinfo.com\/index.php\/wp-json\/wp\/v2\/categories?post=59803"},{"taxonomy":"post_tag","embeddable":true,"href":"https:\/\/lestracesdelinfo.com\/index.php\/wp-json\/wp\/v2\/tags?post=59803"}],"curies":[{"name":"wp","href":"https:\/\/api.w.org\/{rel}","templated":true}]}}