{"id":59843,"date":"2024-11-28T21:37:31","date_gmt":"2024-11-28T21:37:31","guid":{"rendered":"https:\/\/lestracesdelinfo.com\/?p=59843"},"modified":"2024-11-28T22:24:50","modified_gmt":"2024-11-28T22:24:50","slug":"boghe-la-reception-de-180-kits-alimentaires-par-le-federal-du-brakna-mr-ndiaye-daouda","status":"publish","type":"post","link":"https:\/\/lestracesdelinfo.com\/index.php\/2024\/11\/28\/boghe-la-reception-de-180-kits-alimentaires-par-le-federal-du-brakna-mr-ndiaye-daouda\/","title":{"rendered":"\u00a0Bogh\u00e9\u00a0: La r\u00e9ception de 180 KITS Alimentaires par le F\u00e9d\u00e9ral du Brakna Mr Ndiaye Daouda."},"content":{"rendered":"\n<p><\/p>\n\n\n\n<figure class=\"wp-block-image size-large\"><img loading=\"lazy\" decoding=\"async\" width=\"1024\" height=\"461\" src=\"https:\/\/lestracesdelinfo.com\/wp-content\/uploads\/2024\/11\/IMG_20241128_142401-1024x461.jpg\" alt=\"\" class=\"wp-image-59844\" srcset=\"https:\/\/lestracesdelinfo.com\/wp-content\/uploads\/2024\/11\/IMG_20241128_142401-1024x461.jpg 1024w, https:\/\/lestracesdelinfo.com\/wp-content\/uploads\/2024\/11\/IMG_20241128_142401-300x135.jpg 300w, https:\/\/lestracesdelinfo.com\/wp-content\/uploads\/2024\/11\/IMG_20241128_142401-768x346.jpg 768w, https:\/\/lestracesdelinfo.com\/wp-content\/uploads\/2024\/11\/IMG_20241128_142401-1536x692.jpg 1536w, https:\/\/lestracesdelinfo.com\/wp-content\/uploads\/2024\/11\/IMG_20241128_142401-2048x922.jpg 2048w\" sizes=\"auto, (max-width: 1024px) 100vw, 1024px\" \/><\/figure>\n\n\n\n<p>La d\u00e9l\u00e9gation de\u00a0<strong>l\u2019INSAF\u00a0<\/strong>conduite\u00a0<strong>par Oumoulkheiry  Elmoustapha  Khliva <\/strong> membre du bureau ex\u00e9cutif et charg\u00e9 des affaires sociales a remis au F\u00e9d\u00e9ral du\u00a0<strong>Brakna Mr Ndiaye Daouda un<\/strong> lot de 180 Kiets alimentaires en pr\u00e9sence du pr\u00e9sident de la section de<strong> l\u2019Insaf d\u00e9partemental Alassane Adama<\/strong> Ba<strong>.<\/strong><\/p>\n\n\n\n<p>La r\u00e9ception de ce don alimentaire compos\u00e9 de sac de sucre, des sachets de lait en poudre, de l\u2019huile et de sacs de riz&nbsp;&nbsp; a eu lieu&nbsp; dans l\u2019enceinte de l\u2019h\u00f4tel Diam de Bogh\u00e9, &nbsp;pour exprimer la solidarit\u00e9 envers les victimes des intemp\u00e9ries qui frappent durement les populations vivant le long du fleuve S\u00e9n\u00e9gal (zone du Brakna).<\/p>\n\n\n\n<p><strong>Oumoulkheiry  Elmoustapha  Khliva <\/strong> Membre \u00a0du bureau ex\u00e9cutif et charg\u00e9 des affaires sociales a \u00e9lucid\u00e9, ce matin du 28 Novembre 2024 devant l\u2019assistance\u00a0:\u00a0\u00ab\u00a0que c\u2019est un acte salutaire envers les victimes des inondations et leur faire comprendre que nous accordons beaucoup d\u2019importance \u00e0 leur vie.<\/p>\n\n\n\n<p> Le chef de l\u2019\u00e9tat et son gouvernement nous envoie de nous porter aupr\u00e8s de ces populations les plus vuln\u00e9rables et les aider dans leurs milieux respectifs \u00bb &nbsp;<\/p>\n\n\n\n<p>Lui, succ\u00e9dant, le f\u00e9d\u00e9ral du<strong> Brakna Mr Ndiaye Daouda<\/strong> a f\u00e9licit\u00e9 et salu\u00e9 ces actes humanistes et concr\u00e8tes qui vont droits vers les populations du Brakna victimes des inondations. &nbsp;&nbsp;&nbsp;<\/p>\n\n\n\n<p><strong>Diop Mohamedou Abou (les tracesdelinfo)<\/strong><\/p>\n\n\n\n<figure class=\"wp-block-image size-large\"><img loading=\"lazy\" decoding=\"async\" width=\"1024\" height=\"461\" src=\"https:\/\/lestracesdelinfo.com\/wp-content\/uploads\/2024\/11\/IMG_20241128_143102-1024x461.jpg\" alt=\"\" class=\"wp-image-59846\" srcset=\"https:\/\/lestracesdelinfo.com\/wp-content\/uploads\/2024\/11\/IMG_20241128_143102-1024x461.jpg 1024w, https:\/\/lestracesdelinfo.com\/wp-content\/uploads\/2024\/11\/IMG_20241128_143102-300x135.jpg 300w, https:\/\/lestracesdelinfo.com\/wp-content\/uploads\/2024\/11\/IMG_20241128_143102-768x346.jpg 768w, https:\/\/lestracesdelinfo.com\/wp-content\/uploads\/2024\/11\/IMG_20241128_143102-1536x692.jpg 1536w, https:\/\/lestracesdelinfo.com\/wp-content\/uploads\/2024\/11\/IMG_20241128_143102-2048x922.jpg 2048w\" sizes=\"auto, (max-width: 1024px) 100vw, 1024px\" \/><\/figure>\n\n\n\n<figure class=\"wp-block-image size-large\"><img loading=\"lazy\" decoding=\"async\" width=\"1024\" height=\"461\" src=\"https:\/\/lestracesdelinfo.com\/wp-content\/uploads\/2024\/11\/IMG_20241128_142300-1024x461.jpg\" alt=\"\" class=\"wp-image-59847\" srcset=\"https:\/\/lestracesdelinfo.com\/wp-content\/uploads\/2024\/11\/IMG_20241128_142300-1024x461.jpg 1024w, https:\/\/lestracesdelinfo.com\/wp-content\/uploads\/2024\/11\/IMG_20241128_142300-300x135.jpg 300w, https:\/\/lestracesdelinfo.com\/wp-content\/uploads\/2024\/11\/IMG_20241128_142300-768x346.jpg 768w, https:\/\/lestracesdelinfo.com\/wp-content\/uploads\/2024\/11\/IMG_20241128_142300-1536x692.jpg 1536w, https:\/\/lestracesdelinfo.com\/wp-content\/uploads\/2024\/11\/IMG_20241128_142300-2048x922.jpg 2048w\" sizes=\"auto, (max-width: 1024px) 100vw, 1024px\" \/><\/figure>\n\n\n\n<figure class=\"wp-block-image size-large\"><img loading=\"lazy\" decoding=\"async\" width=\"1024\" height=\"768\" src=\"https:\/\/lestracesdelinfo.com\/wp-content\/uploads\/2024\/11\/IMG_20241128_113900-1024x768.jpg\" alt=\"\" class=\"wp-image-59848\" srcset=\"https:\/\/lestracesdelinfo.com\/wp-content\/uploads\/2024\/11\/IMG_20241128_113900-1024x768.jpg 1024w, https:\/\/lestracesdelinfo.com\/wp-content\/uploads\/2024\/11\/IMG_20241128_113900-300x225.jpg 300w, https:\/\/lestracesdelinfo.com\/wp-content\/uploads\/2024\/11\/IMG_20241128_113900-768x576.jpg 768w, https:\/\/lestracesdelinfo.com\/wp-content\/uploads\/2024\/11\/IMG_20241128_113900-1536x1152.jpg 1536w, https:\/\/lestracesdelinfo.com\/wp-content\/uploads\/2024\/11\/IMG_20241128_113900-2048x1536.jpg 2048w\" sizes=\"auto, (max-width: 1024px) 100vw, 1024px\" \/><\/figure>\n","protected":false},"excerpt":{"rendered":"<p>La d\u00e9l\u00e9gation de\u00a0l\u2019INSAF\u00a0conduite\u00a0par Oumoulkheiry Elmoustapha Khliva membre du bureau ex\u00e9cutif et charg\u00e9 des affaires sociales a remis au F\u00e9d\u00e9ral du\u00a0Brakna Mr Ndiaye Daouda un lot de 180 Kiets alimentaires en pr\u00e9sence du pr\u00e9sident de la section de l\u2019Insaf d\u00e9partemental Alassane Adama Ba. La r\u00e9ception de ce don alimentaire compos\u00e9 de sac de sucre, des sachets [&hellip;]<\/p>\n","protected":false},"author":2,"featured_media":59844,"comment_status":"open","ping_status":"open","sticky":false,"template":"","format":"standard","meta":{"footnotes":""},"categories":[1307],"tags":[],"class_list":["post-59843","post","type-post","status-publish","format-standard","has-post-thumbnail","hentry","category-regions-ou-wilayas"],"_links":{"self":[{"href":"https:\/\/lestracesdelinfo.com\/index.php\/wp-json\/wp\/v2\/posts\/59843","targetHints":{"allow":["GET"]}}],"collection":[{"href":"https:\/\/lestracesdelinfo.com\/index.php\/wp-json\/wp\/v2\/posts"}],"about":[{"href":"https:\/\/lestracesdelinfo.com\/index.php\/wp-json\/wp\/v2\/types\/post"}],"author":[{"embeddable":true,"href":"https:\/\/lestracesdelinfo.com\/index.php\/wp-json\/wp\/v2\/users\/2"}],"replies":[{"embeddable":true,"href":"https:\/\/lestracesdelinfo.com\/index.php\/wp-json\/wp\/v2\/comments?post=59843"}],"version-history":[{"count":2,"href":"https:\/\/lestracesdelinfo.com\/index.php\/wp-json\/wp\/v2\/posts\/59843\/revisions"}],"predecessor-version":[{"id":59852,"href":"https:\/\/lestracesdelinfo.com\/index.php\/wp-json\/wp\/v2\/posts\/59843\/revisions\/59852"}],"wp:featuredmedia":[{"embeddable":true,"href":"https:\/\/lestracesdelinfo.com\/index.php\/wp-json\/wp\/v2\/media\/59844"}],"wp:attachment":[{"href":"https:\/\/lestracesdelinfo.com\/index.php\/wp-json\/wp\/v2\/media?parent=59843"}],"wp:term":[{"taxonomy":"category","embeddable":true,"href":"https:\/\/lestracesdelinfo.com\/index.php\/wp-json\/wp\/v2\/categories?post=59843"},{"taxonomy":"post_tag","embeddable":true,"href":"https:\/\/lestracesdelinfo.com\/index.php\/wp-json\/wp\/v2\/tags?post=59843"}],"curies":[{"name":"wp","href":"https:\/\/api.w.org\/{rel}","templated":true}]}}