{"id":59861,"date":"2024-11-29T21:09:31","date_gmt":"2024-11-29T21:09:31","guid":{"rendered":"https:\/\/lestracesdelinfo.com\/?p=59861"},"modified":"2024-11-29T21:10:17","modified_gmt":"2024-11-29T21:10:17","slug":"depart-des-militaires-francais-diomaye-entrouvre-la-porte","status":"publish","type":"post","link":"https:\/\/lestracesdelinfo.com\/index.php\/2024\/11\/29\/depart-des-militaires-francais-diomaye-entrouvre-la-porte\/","title":{"rendered":"D\u00e9part des militaires fran\u00e7ais : Diomaye entrouvre la porte"},"content":{"rendered":"\n<p><a href=\"https:\/\/lequotidien.sn\/author\/aicha\/\">Lequotidien<\/a><\/p>\n\n\n\n<figure class=\"wp-block-image\"><img decoding=\"async\" src=\"https:\/\/lequotidien.sn\/wp-content\/uploads\/2024\/11\/bassirou-diomaye-faye.jpg\" alt=\"\"\/><\/figure>\n\n\n\n<p><strong>Dans une interview accord\u00e9e \u00e0 l\u2019Afp et France 2, le Pr\u00e9sident Faye a entrouvert le d\u00e9part des militaires fran\u00e7ais, en soutenant que \u00abla souverainet\u00e9 ne s\u2019accommode pas de la pr\u00e9sence de bases militaires (\u00e9trang\u00e8res) dans un pays souverain\u00bb.<\/strong><\/p>\n\n\n\n<p><strong>Par Justin GOMIS \u2013&nbsp;<\/strong>Apr\u00e8s Bamako et Niamey, l\u2019Arm\u00e9e fran\u00e7aise va-t-elle quitter Dakar ? Si leur pr\u00e9sence a \u00e9t\u00e9 r\u00e9duite depuis l\u2019av\u00e8nement de Me Wade, avec la r\u00e9trocession de plusieurs installations militaires fran\u00e7aises aux S\u00e9n\u00e9galais avec 350 hommes, elle est encore pr\u00e9sente dans la capitale s\u00e9n\u00e9galaise, notamment son Quartier g\u00e9n\u00e9ral de Ouakam et sa base marine dans la banlieue dakaroise. Dans un entretien hier avec l\u2019Afp et France 2, le Pr\u00e9sident Faye a laiss\u00e9 entrouverte cette \u00e9ventualit\u00e9. \u00abLe S\u00e9n\u00e9gal est un pays ind\u00e9pendant, c\u2019est un pays souverain, et la souverainet\u00e9 ne s\u2019accommode pas de la pr\u00e9sence de bases militaires (\u00e9trang\u00e8res) dans un pays souverain\u00bb, a-t-il dit dans cette interview. Cette annonce, qui fait \u00e9cho au discours de Sonko \u00e0 l\u2019Universit\u00e9 de Dakar lors de la visite de Jean-Luc M\u00e9lenchon, cadre avec les aspirations souverainistes du nouveau r\u00e9gime qui voudrait rompre avec ce pass\u00e9 avec la pr\u00e9sence des bases militaires fran\u00e7aises comme \u00e0 Abidjan, Libreville et Ndjamena.<\/p>\n\n\n\n<blockquote class=\"wp-block-quote is-layout-flow wp-block-quote-is-layout-flow\">\n<h2 class=\"wp-block-heading\"><strong><a href=\"https:\/\/lequotidien.sn\/decisions-judiciaires-journee-cent-peines-moustapha-diakhate-prend-2-mois-ferme\/\">D\u00e9cisions judiciaires \u2013 Journ\u00e9e cent peines : Moustapha Diakhat\u00e9 prend 2 mois ferme<\/a><\/strong><\/h2>\n<\/blockquote>\n\n\n\n<p>\u00abLes autorit\u00e9s fran\u00e7aises doivent envisager d\u2019avoir un partenariat d\u00e9pouill\u00e9 de cette pr\u00e9sence militaire-l\u00e0, mais qui soit un partenariat riche, un partenariat f\u00e9cond, un partenariat privil\u00e9gi\u00e9 et global, comme nous l\u2019avons avec beaucoup d\u2019autres pays. Pr\u00e9sence militaire ou absence militaire ne doit pas \u00eatre \u00e9gal \u00e0 rupture\u00bb, pr\u00e9cise Diomaye Faye, qui met en gras les relations entre le S\u00e9n\u00e9gal et des pays comme la Chine, la Turquie, les Etats-Unis ou l\u2019Arabie saoudite. \u00abTous ces pays-l\u00e0 n\u2019ont pas de base militaire au S\u00e9n\u00e9gal. Aujourd\u2019hui, la Chine est notre premier partenaire commercial par le volume des investissements et des \u00e9changes. Est-ce que la Chine a une pr\u00e9sence militaire au S\u00e9n\u00e9gal ? Non. Est-ce que pour autant on parle de rupture ? Non\u00bb, r\u00e9pond-il lui-m\u00eame \u00e0 ses interrogations. Il poursuit&nbsp;: \u00abEst-ce qu\u2019en tant que Fran\u00e7ais, vous accepteriez de nous voir dans votre pays avec des chars, des v\u00e9hicules militaires, des soldats en tenue s\u00e9n\u00e9galaise ? Sur le plan historique, la France a pris des esclaves, colonis\u00e9 et est rest\u00e9e. Lorsque vous inversez les r\u00f4les, vous aurez du mal \u00e0 concevoir qu\u2019une autre arm\u00e9e, qu\u2019il s\u2019agisse de la Chine, de la Russie, du S\u00e9n\u00e9gal ou autre, puisse avoir une base militaire en France.\u00bb Il pr\u00e9cise par contre qu\u2019aucun \u00abd\u00e9lai de rigueur n\u2019a \u00e9t\u00e9 fix\u00e9. Si jamais cela devait se produire, les autorit\u00e9s fran\u00e7aises en au\u00adraient la primeur de l\u2019annonce\u00bb.<\/p>\n\n\n\n<blockquote class=\"wp-block-quote is-layout-flow wp-block-quote-is-layout-flow\">\n<h2 class=\"wp-block-heading\"><strong>Lire la contribution \u2013&nbsp;<a href=\"https:\/\/lequotidien.sn\/1er-decembre-1944-a-thiaroye-dans-la-banlieue-dakaroise-au-senegal-massacre-de-centaines-de-tirailleurs-senegalais-par-larmee-francaise-2\/\">1er d\u00e9cembre 1944 \u00e0 Thiaroye dans la banlieue dakaroise au S\u00e9n\u00e9gal&nbsp;: massacre de centaines de Tirailleurs \u00abs\u00e9n\u00e9galais\u00bb par l\u2019Arm\u00e9e fran\u00e7aise<\/a><\/strong><\/h2>\n<\/blockquote>\n\n\n\n<p>Aujourd\u2019hui, il annonce la mise \u00e0 jour de la doctrine de la coop\u00e9ration militaire. Elle devrait commencer par ce d\u00e9part et la souverainet\u00e9 dans l\u2019acquisition des \u00e9quipements militaires, comme il l\u2019a annonc\u00e9 lors de la Journ\u00e9e des Forces arm\u00e9es avec une mise en place d\u2019une industrie militaire. Pour lui, cette actualisation \u00abimpose \u00e9videmment qu\u2019il n\u2019y ait plus de bases militaires de quelque pays que ce soit au S\u00e9n\u00e9gal, mais elle impose aussi d\u2019autres \u00e9volutions dans la coop\u00e9ration militaire avec ces diff\u00e9rents pays qui entendent encore la maintenir (la coop\u00e9ration) avec le S\u00e9n\u00e9gal\u00bb, insiste-t-il.<\/p>\n\n\n\n<p><strong>Macron reconnait un \u00abmassacre\u00bb sur Thiaroye 44<\/strong><br>Cette insistance sur ce discours souverainiste arrive dans un contexte de comm\u00e9moration des 80 ans du massacre de Thiaroye 44. Dans le m\u00eame entretien avec l\u2019Afp, le Pr\u00e9sident Faye a r\u00e9v\u00e9l\u00e9 que le Pr\u00e9sident Emmanuel Macron avait reconnu dans une lettre que les forces coloniales fran\u00e7aises avaient commis un \u00abmassacre\u00bb \u00e0 Thiaroye, pr\u00e8s de Dakar, le 1er d\u00e9cembre 1944. Il dit : \u00abJ\u2019ai re\u00e7u, aujourd\u2019hui (jeudi), du Pr\u00e9sident Emmanuel Macron, une lettre dans laquelle il reconna\u00eet que c\u2019\u00e9tait un massacre, de fa\u00e7on tr\u00e8s claire, sans ambigu\u00eft\u00e9 sur les termes.\u00bb Selon lui, il s\u2019agit d\u2019un \u00abgrand pas\u00bb fait par le dirigeant fran\u00e7ais qui \u00abs\u2019excuse\u00bb de son faux bond lors des festivit\u00e9s pr\u00e9vues dimanche \u00e0 Thiaroye. \u00abLa France se doit de reconnaitre que ce jour-l\u00e0, la confrontation de militaires et de tirailleurs qui exigeaient que soit vers\u00e9e l\u2019enti\u00e8ret\u00e9 de leur solde l\u00e9gitime, a d\u00e9clench\u00e9 un encha\u00eenement de faits ayant abouti \u00e0 un massacre\u00bb, dit le contenu de la lettre de M. Macron consult\u00e9e par l\u2019Afp. Il annonce d\u2019autres actes futurs. \u00abReconna\u00eetre qu\u2019on a perp\u00e9tr\u00e9 un massacre, \u00e9videmment doit avoir comme incidence de s\u2019amender. Sans \u00eatre dans la surench\u00e8re, nous pensons que de fa\u00e7on naturelle, c\u2019est ce qui doit suivre\u00bb, note-t-il.<\/p>\n\n\n\n<blockquote class=\"wp-block-quote is-layout-flow wp-block-quote-is-layout-flow\">\n<h2 class=\"wp-block-heading\"><strong>Lire la chronique \u2013&nbsp;<a href=\"https:\/\/lequotidien.sn\/aux-democrates-maliens\/\">Aux d\u00e9mocrates maliens<\/a><\/strong><\/h2>\n<\/blockquote>\n\n\n\n<p>Il faut rappeler que de nombreux tirailleurs s\u00e9n\u00e9galais, constitu\u00e9s de S\u00e9n\u00e9galais, de Soudanais (Maliens), de Tchadiens, avaient \u00e9t\u00e9 massacr\u00e9s au niveau du Camp de Thiaroye le 1er d\u00e9cembre 1944, alors qu\u2019ils r\u00e9clamaient le paiement de leurs arri\u00e9r\u00e9s de solde et diverses primes et indemnit\u00e9s de combat, les forces coloniales leur ont tir\u00e9 dessus. Si la France avait parl\u00e9 de 35 personnes tu\u00e9es, plusieurs historiens avancent un nombre de victimes bien plus \u00e9lev\u00e9 : peut-\u00eatre plusieurs centaines.<br><strong>jutsin@lequotidien.sn<\/strong><\/p>\n","protected":false},"excerpt":{"rendered":"<p>Lequotidien Dans une interview accord\u00e9e \u00e0 l\u2019Afp et France 2, le Pr\u00e9sident Faye a entrouvert le d\u00e9part des militaires fran\u00e7ais, en soutenant que \u00abla souverainet\u00e9 ne s\u2019accommode pas de la pr\u00e9sence de bases militaires (\u00e9trang\u00e8res) dans un pays souverain\u00bb. Par Justin GOMIS \u2013&nbsp;Apr\u00e8s Bamako et Niamey, l\u2019Arm\u00e9e fran\u00e7aise va-t-elle quitter Dakar ? Si leur pr\u00e9sence [&hellip;]<\/p>\n","protected":false},"author":2,"featured_media":59854,"comment_status":"open","ping_status":"open","sticky":false,"template":"","format":"standard","meta":{"footnotes":""},"categories":[1447],"tags":[],"class_list":["post-59861","post","type-post","status-publish","format-standard","has-post-thumbnail","hentry","category-afrique"],"_links":{"self":[{"href":"https:\/\/lestracesdelinfo.com\/index.php\/wp-json\/wp\/v2\/posts\/59861","targetHints":{"allow":["GET"]}}],"collection":[{"href":"https:\/\/lestracesdelinfo.com\/index.php\/wp-json\/wp\/v2\/posts"}],"about":[{"href":"https:\/\/lestracesdelinfo.com\/index.php\/wp-json\/wp\/v2\/types\/post"}],"author":[{"embeddable":true,"href":"https:\/\/lestracesdelinfo.com\/index.php\/wp-json\/wp\/v2\/users\/2"}],"replies":[{"embeddable":true,"href":"https:\/\/lestracesdelinfo.com\/index.php\/wp-json\/wp\/v2\/comments?post=59861"}],"version-history":[{"count":1,"href":"https:\/\/lestracesdelinfo.com\/index.php\/wp-json\/wp\/v2\/posts\/59861\/revisions"}],"predecessor-version":[{"id":59863,"href":"https:\/\/lestracesdelinfo.com\/index.php\/wp-json\/wp\/v2\/posts\/59861\/revisions\/59863"}],"wp:featuredmedia":[{"embeddable":true,"href":"https:\/\/lestracesdelinfo.com\/index.php\/wp-json\/wp\/v2\/media\/59854"}],"wp:attachment":[{"href":"https:\/\/lestracesdelinfo.com\/index.php\/wp-json\/wp\/v2\/media?parent=59861"}],"wp:term":[{"taxonomy":"category","embeddable":true,"href":"https:\/\/lestracesdelinfo.com\/index.php\/wp-json\/wp\/v2\/categories?post=59861"},{"taxonomy":"post_tag","embeddable":true,"href":"https:\/\/lestracesdelinfo.com\/index.php\/wp-json\/wp\/v2\/tags?post=59861"}],"curies":[{"name":"wp","href":"https:\/\/api.w.org\/{rel}","templated":true}]}}