{"id":59988,"date":"2024-12-14T07:40:59","date_gmt":"2024-12-14T07:40:59","guid":{"rendered":"https:\/\/lestracesdelinfo.com\/?p=59988"},"modified":"2024-12-14T07:41:05","modified_gmt":"2024-12-14T07:41:05","slug":"mairie-de-dakar-barth-revoque-aujourdhui","status":"publish","type":"post","link":"https:\/\/lestracesdelinfo.com\/index.php\/2024\/12\/14\/mairie-de-dakar-barth-revoque-aujourdhui\/","title":{"rendered":"Mairie de Dakar : BARTH\u2019 REVOQUE AUJOURD\u2019HUI"},"content":{"rendered":"\n<p><a href=\"https:\/\/lequotidien.sn\/author\/aicha\/\">Lequotidien<\/a><\/p>\n\n\n\n<figure class=\"wp-block-image\"><img decoding=\"async\" src=\"https:\/\/lequotidien.sn\/wp-content\/uploads\/2024\/12\/barth.jpg\" alt=\"\"\/><\/figure>\n\n\n\n<p><strong>Apr\u00e8s l\u2019Assembl\u00e9e nationale, Barth\u2019 va perdre la mairie de Dakar. Il lui sera notifi\u00e9 sa r\u00e9vocation ce vendredi. Une semaine noire !&nbsp;<\/strong><strong>Par Bocar SAKHO \u2013<\/strong><\/p>\n\n\n\n<p>M\u00eame agit\u00e9e par les responsables de Pastef, la nouvelle va avoir l\u2019effet d\u2019une bombe politique. Le r\u00e9gime a d\u00e9cid\u00e9 de d\u00e9pouiller Barth\u00e9lemy Dias de tous ses mandats \u00e9lectifs&nbsp;: apr\u00e8s sa radiation de l\u2019Assem\u00adbl\u00e9e nationale, il sera r\u00e9voqu\u00e9 de la mairie de Dakar aujourd\u2019hui. Il va recevoir la notification de la d\u00e9cision par le Pr\u00e9fet de Dakar. Hier, l\u2019info sur sa convocation par la police avait circul\u00e9 dans la journ\u00e9e, mais il ne s\u2019agissait nullement d\u2019une quelconque audition&nbsp;: l\u2019autorit\u00e9 voulait lui remettre un document administratif frapp\u00e9 du sceau de la confidentialit\u00e9 que tout le monde devinait dans son entourage. Elle le fera \u00e0 la mairie de Dakar tr\u00e8s t\u00f4t ce vendredi, alors que l\u2019\u00e9dile de Dakar avait pr\u00e9vu de faire des visites de chantiers \u00e9ducatifs et strat\u00e9giques dans sa ville, suivies d\u2019un point de presse.<\/p>\n\n\n\n<p>Aujourd\u2019hui, ce programme va \u00eatre chamboul\u00e9 avec ce d\u00e9cret de r\u00e9vocation pris de mani\u00e8re acc\u00e9l\u00e9r\u00e9e. Il cl\u00f4t un chapitre d\u2019inimiti\u00e9 entre Barth\u2019 et les nouvelles autorit\u00e9s. En attendant la prochaine bataille ? En tout cas, c\u2019est une amiti\u00e9 d\u00e9compos\u00e9e \u00e0 l\u2019aune des int\u00e9r\u00eats politiques. Entre Sonko et Dias, ce fut le parfait amour du temps de Yewwi askan wi. Ton pied, mon pied, ils ont men\u00e9 ensemble des combats politiques pour se d\u00e9fendre r\u00e9ciproquement dans le cadre du traitement de certains dossiers judiciaires qui les concernaient. Finalement, l\u2019entente filiale ou fraternelle a vol\u00e9 en \u00e9clats avec l\u2019organisation du dialogue national, qui a abouti \u00e0 la candidature de Khalifa Sall \u00e0 la Pr\u00e9sidentielle du 24 mars dernier.<\/p>\n\n\n\n<p>En homme politique av\u00e9r\u00e9, il voyait sans doute venir ? Hier, le maire de Dakar avait lib\u00e9r\u00e9 un ch\u00e8que de 25 millions F Cfa pour payer les dommages et int\u00e9r\u00eats dus \u00e0 la famille de Ndiaga Diouf tu\u00e9 lors de l\u2019attaque de la mairie de Mermoz-Sacr\u00e9 C\u0153ur dirig\u00e9e \u00e0 l\u2019\u00e9poque par Dias-fils, qui avait \u00e9chapp\u00e9 \u00e0 une exp\u00e9dition punitive de nervis lib\u00e9raux en 2011. Il avait \u00e9t\u00e9 condamn\u00e9 \u00e0 6 mois ferme confirm\u00e9 en appel et par la Cour supr\u00eame. C\u2019est cette affaire qui le rattrape aujourd\u2019hui et que l\u2019Etat a d\u00e9cid\u00e9 de r\u00e9activer pour le d\u00e9choir de ses mandats \u00e9lectifs. Lors de sa conf\u00e9rence de presse tenue le 9 d\u00e9cembre dernier, Barth\u00e9lemy Dias affichait clairement son intention de rester \u00e0 la t\u00eate de la Ville de Dakar. Avec des arguments \u00e0 l\u2019appui. \u00abL\u2019article 135 du Code g\u00e9n\u00e9ral des collectivit\u00e9s territoriales stipule que la r\u00e9vocation d\u2019un maire est possible uniquement en cas de condamnation pour crime. Or, j\u2019ai \u00e9t\u00e9 condamn\u00e9 pour un d\u00e9lit, pas pour un crime\u00bb, pr\u00e9cisait M. Dias. Il d\u00e9nonce les \u00abman\u0153uvres\u00bb visant \u00e0 le d\u00e9mettre de ses fonctions. \u00abCeux qui cherchent \u00e0 manipuler les textes pour justifier une \u00e9ventuelle destitution, je leur fais savoir d\u00e8s maintenant que cela n\u2019arrivera pas. Je n\u2019irai pas plus loin, mais nous ne c\u00e9derons pas d\u2019un millim\u00e8tre\u00bb, martelait-il. La messe est dite.<br><strong>bsakho@lequotidien.sn<\/strong><\/p>\n","protected":false},"excerpt":{"rendered":"<p>Lequotidien Apr\u00e8s l\u2019Assembl\u00e9e nationale, Barth\u2019 va perdre la mairie de Dakar. Il lui sera notifi\u00e9 sa r\u00e9vocation ce vendredi. Une semaine noire !&nbsp;Par Bocar SAKHO \u2013 M\u00eame agit\u00e9e par les responsables de Pastef, la nouvelle va avoir l\u2019effet d\u2019une bombe politique. Le r\u00e9gime a d\u00e9cid\u00e9 de d\u00e9pouiller Barth\u00e9lemy Dias de tous ses mandats \u00e9lectifs&nbsp;: apr\u00e8s [&hellip;]<\/p>\n","protected":false},"author":2,"featured_media":59989,"comment_status":"open","ping_status":"open","sticky":false,"template":"","format":"standard","meta":{"footnotes":""},"categories":[1447],"tags":[],"class_list":["post-59988","post","type-post","status-publish","format-standard","has-post-thumbnail","hentry","category-afrique"],"_links":{"self":[{"href":"https:\/\/lestracesdelinfo.com\/index.php\/wp-json\/wp\/v2\/posts\/59988","targetHints":{"allow":["GET"]}}],"collection":[{"href":"https:\/\/lestracesdelinfo.com\/index.php\/wp-json\/wp\/v2\/posts"}],"about":[{"href":"https:\/\/lestracesdelinfo.com\/index.php\/wp-json\/wp\/v2\/types\/post"}],"author":[{"embeddable":true,"href":"https:\/\/lestracesdelinfo.com\/index.php\/wp-json\/wp\/v2\/users\/2"}],"replies":[{"embeddable":true,"href":"https:\/\/lestracesdelinfo.com\/index.php\/wp-json\/wp\/v2\/comments?post=59988"}],"version-history":[{"count":1,"href":"https:\/\/lestracesdelinfo.com\/index.php\/wp-json\/wp\/v2\/posts\/59988\/revisions"}],"predecessor-version":[{"id":59990,"href":"https:\/\/lestracesdelinfo.com\/index.php\/wp-json\/wp\/v2\/posts\/59988\/revisions\/59990"}],"wp:featuredmedia":[{"embeddable":true,"href":"https:\/\/lestracesdelinfo.com\/index.php\/wp-json\/wp\/v2\/media\/59989"}],"wp:attachment":[{"href":"https:\/\/lestracesdelinfo.com\/index.php\/wp-json\/wp\/v2\/media?parent=59988"}],"wp:term":[{"taxonomy":"category","embeddable":true,"href":"https:\/\/lestracesdelinfo.com\/index.php\/wp-json\/wp\/v2\/categories?post=59988"},{"taxonomy":"post_tag","embeddable":true,"href":"https:\/\/lestracesdelinfo.com\/index.php\/wp-json\/wp\/v2\/tags?post=59988"}],"curies":[{"name":"wp","href":"https:\/\/api.w.org\/{rel}","templated":true}]}}