{"id":59991,"date":"2024-12-14T08:07:09","date_gmt":"2024-12-14T08:07:09","guid":{"rendered":"https:\/\/lestracesdelinfo.com\/?p=59991"},"modified":"2024-12-14T08:07:12","modified_gmt":"2024-12-14T08:07:12","slug":"burkina-faso-le-ccr-du-sahel-tient-sa-troisieme-session-ordinaire-de-lannee-a-dori","status":"publish","type":"post","link":"https:\/\/lestracesdelinfo.com\/index.php\/2024\/12\/14\/burkina-faso-le-ccr-du-sahel-tient-sa-troisieme-session-ordinaire-de-lannee-a-dori\/","title":{"rendered":"Burkina Faso\u00a0: Le CCR du Sahel tient sa troisi\u00e8me session ordinaire de l\u2019ann\u00e9e \u00e0 Dori"},"content":{"rendered":"\n<p><a href=\"https:\/\/sahel-intelligence.com\/author\/karol-biedermann\">Karol Biedermann<\/a>   <a href=\"https:\/\/sahel-intelligence.com\">                      sahel-intelligence.com<\/a><\/p>\n\n\n\n<figure class=\"wp-block-image\"><img decoding=\"async\" src=\"https:\/\/sahel-intelligence.com\/wp-content\/uploads\/2024\/12\/WhatsApp-Image-2024-12-12-at-20.18.40-752x440.jpeg\" alt=\"\"\/><\/figure>\n\n\n\n<p>Le Cadre de concertation r\u00e9gional (CCR) du Sahel a tenu le 9 d\u00e9cembre 2024 \u00e0 Dori sa troisi\u00e8me session ordinaire de l\u2019ann\u00e9e, centr\u00e9e sur trois principaux sujets : la continuit\u00e9 \u00e9ducative, la r\u00e9glementation de la profession de commer\u00e7ant et les actions de l\u2019UNICEF dans la r\u00e9gion.<\/p>\n\n\n\n<p>Cr\u00e9\u00e9 le 22 avril 2010, le CCR est, selon le gouverneur de la r\u00e9gion du Sahel, le lieutenant-colonel Fabien Rodolphe Sorgho, une plateforme d\u2019information et de formation des acteurs du d\u00e9veloppement, visant \u00e0 harmoniser les approches d\u2019intervention dans la r\u00e9gion.<\/p>\n\n\n\n<p>Cette session a permis d\u2019aborder les d\u00e9fis majeurs auxquels la r\u00e9gion fait face, notamment dans les domaines de l\u2019\u00e9ducation, du commerce et des actions men\u00e9es par l\u2019UNICEF.<\/p>\n\n\n\n<p>Le chef de bureau de l\u2019UNICEF \u00e0 Dori, Gervais Ouattara, a pr\u00e9sent\u00e9 un bilan d\u00e9taill\u00e9 des activit\u00e9s de l\u2019UNICEF pour l\u2019ann\u00e9e 2024. Il a soulign\u00e9 que l\u2019organisation avait investi environ 2,5 millions de dollars dans des initiatives touchant plusieurs secteurs : la sant\u00e9, la nutrition, l\u2019\u00e9ducation, l\u2019eau, l\u2019hygi\u00e8ne et l\u2019assainissement (WASH), la protection de l\u2019enfance et le soutien aux programmes locaux.<\/p>\n\n\n\n<p>Concernant la continuit\u00e9 \u00e9ducative, Boubacar Elhadji, directeur r\u00e9gional de l\u2019\u00e9ducation pr\u00e9scolaire, primaire et non formelle (DREPPNF), a pr\u00e9cis\u00e9 que, malgr\u00e9 l\u2019ins\u00e9curit\u00e9, le secteur \u00e9ducatif a fait preuve de r\u00e9silience en maintenant 186 \u00e9coles et 31 \u00e9tablissements secondaires fonctionnels en 2024. Il a \u00e9galement pr\u00e9sent\u00e9 les taux de r\u00e9ussite obtenus cette ann\u00e9e : 83,49 % au Certificat d\u2019\u00c9tudes Primaires (CEP), 64,06 % au Brevet d\u2019\u00c9tudes Professionnelles (BEP), 47,73 % au Brevet d\u2019Enseignement du Premier Cycle (BEPC) et 62,01 % au baccalaur\u00e9at.<\/p>\n\n\n\n<p>Le directeur r\u00e9gional du commerce du Sahel, Kalfassoro Konat\u00e9, a rappel\u00e9 que la profession de commer\u00e7ant est r\u00e9gie par la loi n\u00b0013-2013\/AN du 7 mai 2013, qui encadre son exercice au Burkina Faso.<\/p>\n\n\n\n<p>Enfin, au nom des membres du CCR, le haut-commissaire de la province du S\u00e9no, Wulfran \u00c9milie Firmin Bamas, a exprim\u00e9 sa reconnaissance envers le pr\u00e9sident du CCR, le lieutenant-colonel Fabien Rodolphe Sorgho, r\u00e9cemment nomm\u00e9 \u00e0 de nouvelles fonctions, selon l\u2019Agence d\u2019information du Burkina.<\/p>\n","protected":false},"excerpt":{"rendered":"<p>Karol Biedermann sahel-intelligence.com Le Cadre de concertation r\u00e9gional (CCR) du Sahel a tenu le 9 d\u00e9cembre 2024 \u00e0 Dori sa troisi\u00e8me session ordinaire de l\u2019ann\u00e9e, centr\u00e9e sur trois principaux sujets : la continuit\u00e9 \u00e9ducative, la r\u00e9glementation de la profession de commer\u00e7ant et les actions de l\u2019UNICEF dans la r\u00e9gion. Cr\u00e9\u00e9 le 22 avril 2010, le [&hellip;]<\/p>\n","protected":false},"author":2,"featured_media":59992,"comment_status":"open","ping_status":"open","sticky":false,"template":"","format":"standard","meta":{"footnotes":""},"categories":[1447],"tags":[],"class_list":["post-59991","post","type-post","status-publish","format-standard","has-post-thumbnail","hentry","category-afrique"],"_links":{"self":[{"href":"https:\/\/lestracesdelinfo.com\/index.php\/wp-json\/wp\/v2\/posts\/59991","targetHints":{"allow":["GET"]}}],"collection":[{"href":"https:\/\/lestracesdelinfo.com\/index.php\/wp-json\/wp\/v2\/posts"}],"about":[{"href":"https:\/\/lestracesdelinfo.com\/index.php\/wp-json\/wp\/v2\/types\/post"}],"author":[{"embeddable":true,"href":"https:\/\/lestracesdelinfo.com\/index.php\/wp-json\/wp\/v2\/users\/2"}],"replies":[{"embeddable":true,"href":"https:\/\/lestracesdelinfo.com\/index.php\/wp-json\/wp\/v2\/comments?post=59991"}],"version-history":[{"count":1,"href":"https:\/\/lestracesdelinfo.com\/index.php\/wp-json\/wp\/v2\/posts\/59991\/revisions"}],"predecessor-version":[{"id":59993,"href":"https:\/\/lestracesdelinfo.com\/index.php\/wp-json\/wp\/v2\/posts\/59991\/revisions\/59993"}],"wp:featuredmedia":[{"embeddable":true,"href":"https:\/\/lestracesdelinfo.com\/index.php\/wp-json\/wp\/v2\/media\/59992"}],"wp:attachment":[{"href":"https:\/\/lestracesdelinfo.com\/index.php\/wp-json\/wp\/v2\/media?parent=59991"}],"wp:term":[{"taxonomy":"category","embeddable":true,"href":"https:\/\/lestracesdelinfo.com\/index.php\/wp-json\/wp\/v2\/categories?post=59991"},{"taxonomy":"post_tag","embeddable":true,"href":"https:\/\/lestracesdelinfo.com\/index.php\/wp-json\/wp\/v2\/tags?post=59991"}],"curies":[{"name":"wp","href":"https:\/\/api.w.org\/{rel}","templated":true}]}}