{"id":60101,"date":"2024-12-25T09:31:37","date_gmt":"2024-12-25T09:31:37","guid":{"rendered":"https:\/\/lestracesdelinfo.com\/?p=60101"},"modified":"2024-12-25T09:33:01","modified_gmt":"2024-12-25T09:33:01","slug":"gorgol-demarrage-du-processus-denregistrement-des-enfants-handicapes-dans-le-registre-social","status":"publish","type":"post","link":"https:\/\/lestracesdelinfo.com\/index.php\/2024\/12\/25\/gorgol-demarrage-du-processus-denregistrement-des-enfants-handicapes-dans-le-registre-social\/","title":{"rendered":"Gorgol : d\u00e9marrage du processus d\u2019enregistrement des enfants handicap\u00e9s dans le registre social"},"content":{"rendered":"\n<p>ami<\/p>\n\n\n\n<figure class=\"wp-block-image\"><a href=\"https:\/\/ami.mr\/fr\/wp-content\/uploads\/2024\/12\/%D8%A7%D8%B9%D8%A7%D9%82%D8%A9.jpg\"><img decoding=\"async\" src=\"https:\/\/ami.mr\/fr\/wp-content\/uploads\/2024\/12\/%D8%A7%D8%B9%D8%A7%D9%82%D8%A9.jpg\" alt=\"\"\/><\/a><\/figure>\n\n\n\n<p>Le wali du Gorgol, M. Ahmedna Ould Sidebe, a supervis\u00e9 le lancement, lundi, \u00e0 Ka\u00e9di, de l\u2019op\u00e9ration d\u2019enregistrement des enfants handicap\u00e9s dans la wilaya au registre social.<\/p>\n\n\n\n<p>Cette op\u00e9ration, pour laquelle l\u2019Etat a allou\u00e9 tous les moyens humains et mat\u00e9riels n\u00e9cessaires, vise \u00e0 inscrire toutes les personnes handicap\u00e9es dans le registre social afin de les faire b\u00e9n\u00e9ficier de tous les programmes sociaux pr\u00e9vus par l\u2019Etat pour cette frange de la population, y compris l\u2019inscription \u00e0 la Caisse nationale d\u2019assurance maladie et le b\u00e9n\u00e9fice des montants financiers distribu\u00e9s \u00e0 ce segment de la soci\u00e9t\u00e9.<\/p>\n\n\n\n<p>En supervisant le lancement de cette op\u00e9ration de cinq jours, le wali a soulign\u00e9 que cette campagne de recensement des enfants handicap\u00e9s dans la wilaya du Gorgol est un processus important auquel la communaut\u00e9 attache beaucoup d\u2019espoir car elle cible une couche vuln\u00e9rable de la population.<\/p>\n\n\n\n<p>Le wali a soulign\u00e9 que chacune des 31 communes de la wilaya a \u00e9t\u00e9 dot\u00e9e d\u2019un agent recenseur qui travaille sous la supervision des autorit\u00e9s administratives et des \u00e9lus, et que chaque moughataa a un superviseur pour le processus qui vise \u00e0 enregister toutes les personnes handicap\u00e9es dans ce registre.<\/p>\n\n\n\n<p>Il a soulign\u00e9 que l\u2019\u00c9tat attache beaucoup d\u2019importance \u00e0 ce processus parce qu\u2019il vise les groupes vuln\u00e9rables de cette soci\u00e9t\u00e9, et que le fait de soutenir ces groupes et d\u2019\u00eatre \u00e0 leurs c\u00f4t\u00e9s est une action importante du d\u00e9veloppement et un objectif r\u00e9el du programme de Son Excellence le pr\u00e9sident de la R\u00e9publique, Mohamed Ould Cheikh El-Ghazouani.<\/p>\n\n\n\n<p>Le lancement de ce recensement s\u2019est d\u00e9roul\u00e9 en pr\u00e9sence du hakem de Ka\u00e9di, M. Mohamed Salem Bilal, du Maire de la Commune de Ka\u00e9di, M. Abdoulaye N\u2019Diaye, du Directeur des Etudes, de la Coop\u00e9ration et du Suivi, M. Saleck Ould Jeyreb, et des autorit\u00e9s s\u00e9curitaires.<\/p>\n","protected":false},"excerpt":{"rendered":"<p>ami Le wali du Gorgol, M. Ahmedna Ould Sidebe, a supervis\u00e9 le lancement, lundi, \u00e0 Ka\u00e9di, de l\u2019op\u00e9ration d\u2019enregistrement des enfants handicap\u00e9s dans la wilaya au registre social. Cette op\u00e9ration, pour laquelle l\u2019Etat a allou\u00e9 tous les moyens humains et mat\u00e9riels n\u00e9cessaires, vise \u00e0 inscrire toutes les personnes handicap\u00e9es dans le registre social afin de [&hellip;]<\/p>\n","protected":false},"author":2,"featured_media":60102,"comment_status":"open","ping_status":"open","sticky":false,"template":"","format":"standard","meta":{"footnotes":""},"categories":[1449],"tags":[],"class_list":["post-60101","post","type-post","status-publish","format-standard","has-post-thumbnail","hentry","category-national"],"_links":{"self":[{"href":"https:\/\/lestracesdelinfo.com\/index.php\/wp-json\/wp\/v2\/posts\/60101","targetHints":{"allow":["GET"]}}],"collection":[{"href":"https:\/\/lestracesdelinfo.com\/index.php\/wp-json\/wp\/v2\/posts"}],"about":[{"href":"https:\/\/lestracesdelinfo.com\/index.php\/wp-json\/wp\/v2\/types\/post"}],"author":[{"embeddable":true,"href":"https:\/\/lestracesdelinfo.com\/index.php\/wp-json\/wp\/v2\/users\/2"}],"replies":[{"embeddable":true,"href":"https:\/\/lestracesdelinfo.com\/index.php\/wp-json\/wp\/v2\/comments?post=60101"}],"version-history":[{"count":1,"href":"https:\/\/lestracesdelinfo.com\/index.php\/wp-json\/wp\/v2\/posts\/60101\/revisions"}],"predecessor-version":[{"id":60103,"href":"https:\/\/lestracesdelinfo.com\/index.php\/wp-json\/wp\/v2\/posts\/60101\/revisions\/60103"}],"wp:featuredmedia":[{"embeddable":true,"href":"https:\/\/lestracesdelinfo.com\/index.php\/wp-json\/wp\/v2\/media\/60102"}],"wp:attachment":[{"href":"https:\/\/lestracesdelinfo.com\/index.php\/wp-json\/wp\/v2\/media?parent=60101"}],"wp:term":[{"taxonomy":"category","embeddable":true,"href":"https:\/\/lestracesdelinfo.com\/index.php\/wp-json\/wp\/v2\/categories?post=60101"},{"taxonomy":"post_tag","embeddable":true,"href":"https:\/\/lestracesdelinfo.com\/index.php\/wp-json\/wp\/v2\/tags?post=60101"}],"curies":[{"name":"wp","href":"https:\/\/api.w.org\/{rel}","templated":true}]}}