{"id":60177,"date":"2024-12-31T13:25:29","date_gmt":"2024-12-31T13:25:29","guid":{"rendered":"https:\/\/lestracesdelinfo.com\/?p=60177"},"modified":"2024-12-31T14:16:06","modified_gmt":"2024-12-31T14:16:06","slug":"boghe-la-ceremonie-officielle-du-lancement-des-activites-du-mouvement-des-jeunes-pour-un-boghe-emergent","status":"publish","type":"post","link":"https:\/\/lestracesdelinfo.com\/index.php\/2024\/12\/31\/boghe-la-ceremonie-officielle-du-lancement-des-activites-du-mouvement-des-jeunes-pour-un-boghe-emergent\/","title":{"rendered":"Bogh\u00e9 : la c\u00e9r\u00e9monie officielle du lancement des activit\u00e9s du Mouvement des Jeunes pour un Bogh\u00e9 \u00e9mergent."},"content":{"rendered":"\n<figure class=\"wp-block-image size-large\"><img loading=\"lazy\" decoding=\"async\" width=\"1024\" height=\"576\" src=\"https:\/\/lestracesdelinfo.com\/wp-content\/uploads\/2024\/12\/IMG_20241230_114004-1024x576.jpg\" alt=\"\" class=\"wp-image-60178\" srcset=\"https:\/\/lestracesdelinfo.com\/wp-content\/uploads\/2024\/12\/IMG_20241230_114004-1024x576.jpg 1024w, https:\/\/lestracesdelinfo.com\/wp-content\/uploads\/2024\/12\/IMG_20241230_114004-300x169.jpg 300w, https:\/\/lestracesdelinfo.com\/wp-content\/uploads\/2024\/12\/IMG_20241230_114004-768x432.jpg 768w, https:\/\/lestracesdelinfo.com\/wp-content\/uploads\/2024\/12\/IMG_20241230_114004-1536x864.jpg 1536w, https:\/\/lestracesdelinfo.com\/wp-content\/uploads\/2024\/12\/IMG_20241230_114004-2048x1152.jpg 2048w\" sizes=\"auto, (max-width: 1024px) 100vw, 1024px\" \/><\/figure>\n\n\n\n<p>La maison des associations de Bogh\u00e9 a abrit\u00e9 ce 30 D\u00e9cembre 2024 la c\u00e9r\u00e9monie officielle du lancement des activit\u00e9s du <strong>Mouvement des Jeunes pour un Bogh\u00e9 \u00e9mergent<\/strong>.<br>L\u2019objectif dira le pr\u00e9sident du MJBE (mouvement des jeunes pour un Bogh\u00e9 \u00e9mergent), Mr le docteur <strong>Amadou Adama Ba<\/strong> (DRS) dans son allocution est de sensibiliser la population aux avantages de la CNASS (caisse nationale d\u2019assurance solidarit\u00e9 en sant\u00e9) et de soutenir la vision de son excellence Monsieur <strong>Mohamed Ould Cheikh El Ghazouani,<\/strong> qui vise \u00e0 \u00e9tablir une assurance maladie universelle pour prot\u00e9ger les populations de secteur informel et les m\u00e9nages les plus vuln\u00e9rables.<br>Cette c\u00e9r\u00e9monie a \u00e9t\u00e9 pr\u00e9sid\u00e9 par Le Hakem Moucaid de la <strong>Moughataa de Bogh\u00e9<\/strong> en pr\u00e9sence du maire de la commune de <strong>Bogh\u00e9 Mr Ba Adama Moussa<\/strong>.<\/p>\n\n\n\n<figure class=\"wp-block-image size-large\"><img loading=\"lazy\" decoding=\"async\" width=\"1024\" height=\"576\" src=\"https:\/\/lestracesdelinfo.com\/wp-content\/uploads\/2024\/12\/IMG_20241230_115039-1024x576.jpg\" alt=\"\" class=\"wp-image-60180\" srcset=\"https:\/\/lestracesdelinfo.com\/wp-content\/uploads\/2024\/12\/IMG_20241230_115039-1024x576.jpg 1024w, https:\/\/lestracesdelinfo.com\/wp-content\/uploads\/2024\/12\/IMG_20241230_115039-300x169.jpg 300w, https:\/\/lestracesdelinfo.com\/wp-content\/uploads\/2024\/12\/IMG_20241230_115039-768x432.jpg 768w, https:\/\/lestracesdelinfo.com\/wp-content\/uploads\/2024\/12\/IMG_20241230_115039-1536x864.jpg 1536w, https:\/\/lestracesdelinfo.com\/wp-content\/uploads\/2024\/12\/IMG_20241230_115039-2048x1152.jpg 2048w\" sizes=\"auto, (max-width: 1024px) 100vw, 1024px\" \/><\/figure>\n\n\n\n<p>Etaient pr\u00e9sents le chef d\u2019antenne de la <strong>CNASS \u00e0 Bogh\u00e9 Mr Mouhamadou Diakit\u00e9, <\/strong>tous les chefs de service de s\u00e9curit\u00e9s de Bogh\u00e9, les 3 parrains parmi les 5 parrains :<strong> Alioune Hamza Sarr (i<\/strong>nspecteur principal du tr\u00e9sor, consultant foncier),Mr <strong>le maire de Bogh\u00e9 Ba Adama moussa<\/strong> ) et <strong>Ramadhan Issa Ndiaye(infirmier <\/strong>\u00e0 Hodh el chargui).<br>Notons, que ces personnes sont aussi des parrains et une marraine de cette deuxi\u00e8me \u00e9dition : <strong>Abdoulaye Idrissa Wagne (<\/strong>ambassadeur au Br\u00e9sil), <strong>Khadijetou Mint Mbareck Fall (ambassadrice en Ethiopie aupr\u00e8s de l\u2019union africaine).<\/strong><br>La lecture du coran par le jeune <strong>Hamidou Guiss\u00e9<\/strong> annonce l\u2019ouverture de la c\u00e9r\u00e9monie.<br>Le maire de Bogh\u00e9 <strong>Mr Ba Adama Moussa <\/strong>a remerci\u00e9 ces jeunes et magnifier leur d\u00e9marche positive. Il louait ces belles initiatives de d\u00e9veloppement local qui \u00e9manent de ce mouvement des jeunes pour un Bogh\u00e9 \u00e9mergent. Avant de poursuivre et d\u2019affirmer que c\u2019est la 2\u00e9me \u00e9dition. Vos engagements concrets, votre travail commun, resteront toujours \u00e0 saluer, votre but vise \u00e0 am\u00e9liorer la qualit\u00e9 de vie des habitants en aidant et soutenant.<\/p>\n\n\n\n<figure class=\"wp-block-image size-large\"><img loading=\"lazy\" decoding=\"async\" width=\"1024\" height=\"576\" src=\"https:\/\/lestracesdelinfo.com\/wp-content\/uploads\/2024\/12\/IMG_20241230_115638-1024x576.jpg\" alt=\"\" class=\"wp-image-60181\" srcset=\"https:\/\/lestracesdelinfo.com\/wp-content\/uploads\/2024\/12\/IMG_20241230_115638-1024x576.jpg 1024w, https:\/\/lestracesdelinfo.com\/wp-content\/uploads\/2024\/12\/IMG_20241230_115638-300x169.jpg 300w, https:\/\/lestracesdelinfo.com\/wp-content\/uploads\/2024\/12\/IMG_20241230_115638-768x432.jpg 768w, https:\/\/lestracesdelinfo.com\/wp-content\/uploads\/2024\/12\/IMG_20241230_115638-1536x864.jpg 1536w, https:\/\/lestracesdelinfo.com\/wp-content\/uploads\/2024\/12\/IMG_20241230_115638-2048x1152.jpg 2048w\" sizes=\"auto, (max-width: 1024px) 100vw, 1024px\" \/><\/figure>\n\n\n\n<p>Lui ; succ\u00e9dant, le pr\u00e9sident du mouvement des jeunes pour un Bogh\u00e9 \u00e9mergent,<strong> Docteur Amadou Adama Ba (DRS) <\/strong>a dit : Notre but est clair c\u2019est d\u2019am\u00e9liorer la qualit\u00e9 de vie des habitants de Bogh\u00e9 en r\u00e9pondant \u00e0 leurs besoins fondamentaux. Nous sommes des jeunes engag\u00e9s dans le d\u00e9veloppement de notre r\u00e9gion, d\u00e9termin\u00e9s \u00e0 accompagner notre commune dans ses efforts pour faire face aux d\u00e9fis lies aux d\u00e9penses de sant\u00e9.<br>Je tiens \u00e0 souligner que notre mouvement a d\u00e9j\u00e0 r\u00e9alis\u00e9 plusieurs actions sociales et sportives, notamment un soutien aux sinistr\u00e9s en septembre <strong>2023 <\/strong>avec l\u2019achat de kits alimentaires pour un montant de <strong>115000<\/strong> mru, ainsi que le parrainage d\u2019activit\u00e9s sportives pour les jeunes. <\/p>\n\n\n\n<p>Nous avons, \u00e9galement assur\u00e9 jusqu\u2019\u00e0 ce <strong>80 familles, soit 406 b\u00e9n\u00e9ficiaires<\/strong> pour un coup de<strong> 101 150 MRU. A<\/strong> l\u2019\u2019avenir, nous pr\u00e9voyons d\u2019organiser des caravanes m\u00e9dicales et mettre en place une pharmacie communautaire pour fournir des m\u00e9dicaments de qualit\u00e9 pour des maladies chroniques telles que le diab\u00e8te et l\u2019hypertension qui repr\u00e9sentent un lourd fardeau pour les familles.<br>Aujourd\u2019hui, nous sommes ici pour renouveler <strong>l\u2019adh\u00e9sion de 50 familles<\/strong> que notre mouvement a soutenues en d\u00e9cembre 2023, ainsi que pour accueillir 30 nouvelles familles et aider plusieurs autres familles indigentes. <\/p>\n\n\n\n<p>Avant de conclure, je souhaite exprimer ma profonde gratitude aux donateurs , notamment \u00e0 son excellence l\u2019ambassadeur de la Mauritanie au Br\u00e9sil, <strong>Mr Wagne Abdoulaye Idriss, <\/strong>\u00e0 notre marraine l\u2019ambassadrice de la Mauritanie \u00e0 Addis -Abeba aupr\u00e9s de l\u2019union africaine, Madame <strong>Khadijetou maint Mbareck Fall<\/strong>, \u00e0 <strong>Mr Alioune Hamza Sarr<\/strong> inspecteur principal du tr\u00e9sor et consultant foncier, \u00e0 Mr le Maire de Bogh\u00e9 M<strong>r Ba Adama Moussa<\/strong>, \u00e0 M<strong>r Ramdhane Issa Ndiaye <\/strong>, ainsi qu\u2019\u00e0 tous les autres donateurs , coll\u00e8gues, amis, membres du mouvement des jeunes pour un Bogh\u00e8 \u00e9mergent et aux autorit\u00e9s administratives et municipales, ainsi que\u2019 aux MCM pour leur soutien ind\u00e9fectible dans la mise en \u0153uvre de ce programme. Je remercie \u00e9galement l\u2019\u00e9quipe de la CNASS pour leur engagement et leur organisation exemplaire. \u00bb<\/p>\n\n\n\n<figure class=\"wp-block-image size-large\"><img loading=\"lazy\" decoding=\"async\" width=\"1024\" height=\"576\" src=\"https:\/\/lestracesdelinfo.com\/wp-content\/uploads\/2024\/12\/IMG_20241230_120119-1024x576.jpg\" alt=\"\" class=\"wp-image-60182\" srcset=\"https:\/\/lestracesdelinfo.com\/wp-content\/uploads\/2024\/12\/IMG_20241230_120119-1024x576.jpg 1024w, https:\/\/lestracesdelinfo.com\/wp-content\/uploads\/2024\/12\/IMG_20241230_120119-300x169.jpg 300w, https:\/\/lestracesdelinfo.com\/wp-content\/uploads\/2024\/12\/IMG_20241230_120119-768x432.jpg 768w, https:\/\/lestracesdelinfo.com\/wp-content\/uploads\/2024\/12\/IMG_20241230_120119-1536x864.jpg 1536w, https:\/\/lestracesdelinfo.com\/wp-content\/uploads\/2024\/12\/IMG_20241230_120119-2048x1152.jpg 2048w\" sizes=\"auto, (max-width: 1024px) 100vw, 1024px\" \/><\/figure>\n\n\n\n<p>Ce fut ensuite, le repr\u00e9sentant de <strong>la CNASS Mr Mouhamadou Diakit\u00e9 <\/strong>a dit dans son discours : \u00ab cet \u00e9v\u00e8nement marquant le fruit d\u2019une collaboration dynamique et prometteuse entre notre institution et le Mouvement des jeunes pour un Bogh\u00e9 \u00e9mergent. Votre engagement et votre mobilisation refl\u00e8tent la force de notre vision commune : garantir \u00e0 chaque famille y compris les plus d\u00e9munies, l\u2019acc\u00e8s \u00e0 des soins de sant\u00e9 de qualit\u00e9. <\/p>\n\n\n\n<p>Nous sommes  ici , non seulement pour poser les bases mais aussi , pour inspirer une dynamique durable en faveur de la solidarit\u00e9 sociale et de la justice sanitaire. Cette initiative, qui je l\u2019esp\u00e8re deviendra un mod\u00e8le pour d\u2019autres r\u00e9gions. \u00bb<br>L<strong>e parrain l\u2019inspecteur principal du tr\u00e9sor et consultant foncier Mr Alioune Hamza Sarr <\/strong>a son mot introductif f\u00e9licite les jeunes du mouvement pour un Bogh\u00e9 \u00e9mergent de son esprit de sagacit\u00e9, de son engagement d\u00e9termin\u00e9 et concret vis-\u00e0-vis de sa population. Ils sont l\u00e0 pour r\u00e9soudre les questions essentielles de notre communaut\u00e9, en \u00e9troite collaboration avec les b\u00e9n\u00e9ficiaires. Votre mouvement apportera un changement palpable et significatif dans la vie de cette communaut\u00e9.<\/p>\n\n\n\n<figure class=\"wp-block-image size-large\"><img loading=\"lazy\" decoding=\"async\" width=\"1024\" height=\"576\" src=\"https:\/\/lestracesdelinfo.com\/wp-content\/uploads\/2024\/12\/IMG_20241230_115021-1024x576.jpg\" alt=\"\" class=\"wp-image-60183\" srcset=\"https:\/\/lestracesdelinfo.com\/wp-content\/uploads\/2024\/12\/IMG_20241230_115021-1024x576.jpg 1024w, https:\/\/lestracesdelinfo.com\/wp-content\/uploads\/2024\/12\/IMG_20241230_115021-300x169.jpg 300w, https:\/\/lestracesdelinfo.com\/wp-content\/uploads\/2024\/12\/IMG_20241230_115021-768x432.jpg 768w, https:\/\/lestracesdelinfo.com\/wp-content\/uploads\/2024\/12\/IMG_20241230_115021-1536x864.jpg 1536w, https:\/\/lestracesdelinfo.com\/wp-content\/uploads\/2024\/12\/IMG_20241230_115021-2048x1152.jpg 2048w\" sizes=\"auto, (max-width: 1024px) 100vw, 1024px\" \/><\/figure>\n\n\n\n<figure class=\"wp-block-image size-large\"><img loading=\"lazy\" decoding=\"async\" width=\"1024\" height=\"576\" src=\"https:\/\/lestracesdelinfo.com\/wp-content\/uploads\/2024\/12\/IMG_20241230_114218-1024x576.jpg\" alt=\"\" class=\"wp-image-60184\" srcset=\"https:\/\/lestracesdelinfo.com\/wp-content\/uploads\/2024\/12\/IMG_20241230_114218-1024x576.jpg 1024w, https:\/\/lestracesdelinfo.com\/wp-content\/uploads\/2024\/12\/IMG_20241230_114218-300x169.jpg 300w, https:\/\/lestracesdelinfo.com\/wp-content\/uploads\/2024\/12\/IMG_20241230_114218-768x432.jpg 768w, https:\/\/lestracesdelinfo.com\/wp-content\/uploads\/2024\/12\/IMG_20241230_114218-1536x864.jpg 1536w, https:\/\/lestracesdelinfo.com\/wp-content\/uploads\/2024\/12\/IMG_20241230_114218-2048x1152.jpg 2048w\" sizes=\"auto, (max-width: 1024px) 100vw, 1024px\" \/><\/figure>\n\n\n\n<figure class=\"wp-block-image size-large\"><img loading=\"lazy\" decoding=\"async\" width=\"1024\" height=\"576\" src=\"https:\/\/lestracesdelinfo.com\/wp-content\/uploads\/2024\/12\/IMG_20241230_114229-1024x576.jpg\" alt=\"\" class=\"wp-image-60185\" srcset=\"https:\/\/lestracesdelinfo.com\/wp-content\/uploads\/2024\/12\/IMG_20241230_114229-1024x576.jpg 1024w, https:\/\/lestracesdelinfo.com\/wp-content\/uploads\/2024\/12\/IMG_20241230_114229-300x169.jpg 300w, https:\/\/lestracesdelinfo.com\/wp-content\/uploads\/2024\/12\/IMG_20241230_114229-768x432.jpg 768w, https:\/\/lestracesdelinfo.com\/wp-content\/uploads\/2024\/12\/IMG_20241230_114229-1536x864.jpg 1536w, https:\/\/lestracesdelinfo.com\/wp-content\/uploads\/2024\/12\/IMG_20241230_114229-2048x1152.jpg 2048w\" sizes=\"auto, (max-width: 1024px) 100vw, 1024px\" \/><\/figure>\n\n\n\n<figure class=\"wp-block-image size-large\"><img loading=\"lazy\" decoding=\"async\" width=\"1024\" height=\"576\" src=\"https:\/\/lestracesdelinfo.com\/wp-content\/uploads\/2024\/12\/IMG_20241230_120834-1024x576.jpg\" alt=\"\" class=\"wp-image-60186\" srcset=\"https:\/\/lestracesdelinfo.com\/wp-content\/uploads\/2024\/12\/IMG_20241230_120834-1024x576.jpg 1024w, https:\/\/lestracesdelinfo.com\/wp-content\/uploads\/2024\/12\/IMG_20241230_120834-300x169.jpg 300w, https:\/\/lestracesdelinfo.com\/wp-content\/uploads\/2024\/12\/IMG_20241230_120834-768x432.jpg 768w, https:\/\/lestracesdelinfo.com\/wp-content\/uploads\/2024\/12\/IMG_20241230_120834-1536x864.jpg 1536w, https:\/\/lestracesdelinfo.com\/wp-content\/uploads\/2024\/12\/IMG_20241230_120834-2048x1152.jpg 2048w\" sizes=\"auto, (max-width: 1024px) 100vw, 1024px\" \/><\/figure>\n\n\n\n<p>Enfin<strong>, le Hakem Moucaid de la commune de Bogh\u00e9<\/strong> a salu\u00e9 l\u2019initiative de ce mouvement r\u00e9el qui est d\u00e9j\u00e0 dans sa deuxi\u00e8me ann\u00e9e de travail colossal visible. Votre programme fait partie int\u00e9grante des id\u00e9aux positifs du gouvernement et du chef de l\u2019\u00e9tat. Je d\u00e9clare, ouverte cette rencontre salutaire.<br>Il est programme le renouvellement des assurances pour 50 familles soit 226 b\u00e9n\u00e9ficiaires ainsi que l\u2019adh\u00e9sion de 30 nouvelles familles sinistr\u00e9es suite aux derni\u00e8res inondations.<br><strong>Diop Mohamedou Abou dit HBodiel (les traces de l\u2019info)<\/strong><\/p>\n\n\n\n<figure class=\"wp-block-image size-large\"><img loading=\"lazy\" decoding=\"async\" width=\"1024\" height=\"576\" src=\"https:\/\/lestracesdelinfo.com\/wp-content\/uploads\/2024\/12\/IMG_20241230_113907-1024x576.jpg\" alt=\"\" class=\"wp-image-60179\" srcset=\"https:\/\/lestracesdelinfo.com\/wp-content\/uploads\/2024\/12\/IMG_20241230_113907-1024x576.jpg 1024w, https:\/\/lestracesdelinfo.com\/wp-content\/uploads\/2024\/12\/IMG_20241230_113907-300x169.jpg 300w, https:\/\/lestracesdelinfo.com\/wp-content\/uploads\/2024\/12\/IMG_20241230_113907-768x432.jpg 768w, https:\/\/lestracesdelinfo.com\/wp-content\/uploads\/2024\/12\/IMG_20241230_113907-1536x864.jpg 1536w, https:\/\/lestracesdelinfo.com\/wp-content\/uploads\/2024\/12\/IMG_20241230_113907-2048x1152.jpg 2048w\" sizes=\"auto, (max-width: 1024px) 100vw, 1024px\" \/><\/figure>\n\n\n\n<p><\/p>\n","protected":false},"excerpt":{"rendered":"<p>La maison des associations de Bogh\u00e9 a abrit\u00e9 ce 30 D\u00e9cembre 2024 la c\u00e9r\u00e9monie officielle du lancement des activit\u00e9s du Mouvement des Jeunes pour un Bogh\u00e9 \u00e9mergent.L\u2019objectif dira le pr\u00e9sident du MJBE (mouvement des jeunes pour un Bogh\u00e9 \u00e9mergent), Mr le docteur Amadou Adama Ba (DRS) dans son allocution est de sensibiliser la population aux [&hellip;]<\/p>\n","protected":false},"author":2,"featured_media":60178,"comment_status":"open","ping_status":"open","sticky":false,"template":"","format":"standard","meta":{"footnotes":""},"categories":[1307],"tags":[987,1477,1192,1476,1008],"class_list":["post-60177","post","type-post","status-publish","format-standard","has-post-thumbnail","hentry","category-regions-ou-wilayas","tag-article","tag-boghe-2","tag-des-jeunes","tag-mouvement","tag-tracesdelinfo"],"_links":{"self":[{"href":"https:\/\/lestracesdelinfo.com\/index.php\/wp-json\/wp\/v2\/posts\/60177","targetHints":{"allow":["GET"]}}],"collection":[{"href":"https:\/\/lestracesdelinfo.com\/index.php\/wp-json\/wp\/v2\/posts"}],"about":[{"href":"https:\/\/lestracesdelinfo.com\/index.php\/wp-json\/wp\/v2\/types\/post"}],"author":[{"embeddable":true,"href":"https:\/\/lestracesdelinfo.com\/index.php\/wp-json\/wp\/v2\/users\/2"}],"replies":[{"embeddable":true,"href":"https:\/\/lestracesdelinfo.com\/index.php\/wp-json\/wp\/v2\/comments?post=60177"}],"version-history":[{"count":4,"href":"https:\/\/lestracesdelinfo.com\/index.php\/wp-json\/wp\/v2\/posts\/60177\/revisions"}],"predecessor-version":[{"id":60192,"href":"https:\/\/lestracesdelinfo.com\/index.php\/wp-json\/wp\/v2\/posts\/60177\/revisions\/60192"}],"wp:featuredmedia":[{"embeddable":true,"href":"https:\/\/lestracesdelinfo.com\/index.php\/wp-json\/wp\/v2\/media\/60178"}],"wp:attachment":[{"href":"https:\/\/lestracesdelinfo.com\/index.php\/wp-json\/wp\/v2\/media?parent=60177"}],"wp:term":[{"taxonomy":"category","embeddable":true,"href":"https:\/\/lestracesdelinfo.com\/index.php\/wp-json\/wp\/v2\/categories?post=60177"},{"taxonomy":"post_tag","embeddable":true,"href":"https:\/\/lestracesdelinfo.com\/index.php\/wp-json\/wp\/v2\/tags?post=60177"}],"curies":[{"name":"wp","href":"https:\/\/api.w.org\/{rel}","templated":true}]}}