{"id":60261,"date":"2025-01-02T23:46:00","date_gmt":"2025-01-02T23:46:00","guid":{"rendered":"https:\/\/lestracesdelinfo.com\/?p=60261"},"modified":"2025-01-02T23:47:28","modified_gmt":"2025-01-02T23:47:28","slug":"le-premier-ministre-lance-des-missions-ministerielles-dans-les-wilayas-de-linterieur-dans-le-cadre-des-forums-regionaux-pour-la-planification-participative-du-developpement","status":"publish","type":"post","link":"https:\/\/lestracesdelinfo.com\/index.php\/2025\/01\/02\/le-premier-ministre-lance-des-missions-ministerielles-dans-les-wilayas-de-linterieur-dans-le-cadre-des-forums-regionaux-pour-la-planification-participative-du-developpement\/","title":{"rendered":"Le Premier ministre lance des missions minist\u00e9rielles dans les wilayas de l\u2019int\u00e9rieur dans le cadre des forums r\u00e9gionaux pour la planification participative du d\u00e9veloppement"},"content":{"rendered":"\n<p>AMI<\/p>\n\n\n\n<figure class=\"wp-block-image\"><a href=\"https:\/\/ami.mr\/fr\/wp-content\/uploads\/2025\/01\/pm-02-01-25.jpg\"><img decoding=\"async\" src=\"https:\/\/ami.mr\/fr\/wp-content\/uploads\/2025\/01\/pm-02-01-25-750x430.jpg\" alt=\"\"\/><\/a><\/figure>\n\n\n\n<p>Le Premier ministre, <strong>M. Mokhtar Ould Diay, <\/strong>a proc\u00e9d\u00e9, jeudi, \u00e0 partir des locaux du Premier minist\u00e8re, au lancement des missions minist\u00e9rielles dans les wilayas de l\u2019int\u00e9rieur dans le cadre des forums r\u00e9gionaux pour la planification participative du d\u00e9veloppement.<\/p>\n\n\n\n<p>Le Premier ministre a prononc\u00e9 \u00e0 cette occasion un discours dans lequel il a rappel\u00e9 le cadre g\u00e9n\u00e9ral dans lequel se d\u00e9roulent ces forums, soulignant qu\u2019ils s\u2019inscrivent dans le cadre des instructions de Son Excellence le Pr\u00e9sident, <strong>Monsieur Mohamed Ould Cheikh El-Ghazouani,<\/strong> qui a engag\u00e9 le gouvernement \u00e0 prendre toutes les mesures appropri\u00e9es pour r\u00e9pondre rapidement aux demandes urgentes de d\u00e9veloppement des citoyens, en application des engagements qu\u2019il a pris lors de sa tourn\u00e9e dans le cadre de la campagne pour les derni\u00e8res \u00e9lections pr\u00e9sidentielles.<\/p>\n\n\n\n<p>Le Premier ministre a \u00e9galement engag\u00e9 les missions minist\u00e9rielles \u00e0 s\u2019approprier les avis des autorit\u00e9s administratives et des \u00e9lus dans la d\u00e9finition de leurs priorit\u00e9s de d\u00e9veloppement, et \u00e0 \u00e9couter les avis de tous les acteurs, y compris les organisations de jeunesse et associatives et les notables dans la d\u00e9finition des priorit\u00e9s afin d\u2019approfondir l\u2019approche participative adopt\u00e9e par Son Excellence le Pr\u00e9sident de la R\u00e9publique, <strong>Mohamed Ould Cheikh El-Ghazouani.<\/strong><\/p>\n\n\n\n<p>Le Premier ministre a demand\u00e9 aux missions minist\u00e9rielles d\u2019informer les participants \u00e0 ces forums sur la situation politique, s\u00e9curitaire et \u00e9conomique du pays, ainsi que sur les approches participatives que Son Excellence le Pr\u00e9sident de la R\u00e9publique cherche \u00e0 consolider.<\/p>\n\n\n\n<p><\/p>\n","protected":false},"excerpt":{"rendered":"<p>AMI Le Premier ministre, M. Mokhtar Ould Diay, a proc\u00e9d\u00e9, jeudi, \u00e0 partir des locaux du Premier minist\u00e8re, au lancement des missions minist\u00e9rielles dans les wilayas de l\u2019int\u00e9rieur dans le cadre des forums r\u00e9gionaux pour la planification participative du d\u00e9veloppement. Le Premier ministre a prononc\u00e9 \u00e0 cette occasion un discours dans lequel il a rappel\u00e9 [&hellip;]<\/p>\n","protected":false},"author":2,"featured_media":60262,"comment_status":"open","ping_status":"open","sticky":false,"template":"","format":"standard","meta":{"footnotes":""},"categories":[1449],"tags":[],"class_list":["post-60261","post","type-post","status-publish","format-standard","has-post-thumbnail","hentry","category-national"],"_links":{"self":[{"href":"https:\/\/lestracesdelinfo.com\/index.php\/wp-json\/wp\/v2\/posts\/60261","targetHints":{"allow":["GET"]}}],"collection":[{"href":"https:\/\/lestracesdelinfo.com\/index.php\/wp-json\/wp\/v2\/posts"}],"about":[{"href":"https:\/\/lestracesdelinfo.com\/index.php\/wp-json\/wp\/v2\/types\/post"}],"author":[{"embeddable":true,"href":"https:\/\/lestracesdelinfo.com\/index.php\/wp-json\/wp\/v2\/users\/2"}],"replies":[{"embeddable":true,"href":"https:\/\/lestracesdelinfo.com\/index.php\/wp-json\/wp\/v2\/comments?post=60261"}],"version-history":[{"count":1,"href":"https:\/\/lestracesdelinfo.com\/index.php\/wp-json\/wp\/v2\/posts\/60261\/revisions"}],"predecessor-version":[{"id":60263,"href":"https:\/\/lestracesdelinfo.com\/index.php\/wp-json\/wp\/v2\/posts\/60261\/revisions\/60263"}],"wp:featuredmedia":[{"embeddable":true,"href":"https:\/\/lestracesdelinfo.com\/index.php\/wp-json\/wp\/v2\/media\/60262"}],"wp:attachment":[{"href":"https:\/\/lestracesdelinfo.com\/index.php\/wp-json\/wp\/v2\/media?parent=60261"}],"wp:term":[{"taxonomy":"category","embeddable":true,"href":"https:\/\/lestracesdelinfo.com\/index.php\/wp-json\/wp\/v2\/categories?post=60261"},{"taxonomy":"post_tag","embeddable":true,"href":"https:\/\/lestracesdelinfo.com\/index.php\/wp-json\/wp\/v2\/tags?post=60261"}],"curies":[{"name":"wp","href":"https:\/\/api.w.org\/{rel}","templated":true}]}}