{"id":60308,"date":"2025-01-08T17:53:14","date_gmt":"2025-01-08T17:53:14","guid":{"rendered":"https:\/\/lestracesdelinfo.com\/?p=60308"},"modified":"2025-01-08T17:59:59","modified_gmt":"2025-01-08T17:59:59","slug":"le-premier-ministre-supervise-le-lancement-des-missions-ministerielles-dans-le-cadre-des-forums-regionaux-pour-la-planification-participative-du-developpement","status":"publish","type":"post","link":"https:\/\/lestracesdelinfo.com\/index.php\/2025\/01\/08\/le-premier-ministre-supervise-le-lancement-des-missions-ministerielles-dans-le-cadre-des-forums-regionaux-pour-la-planification-participative-du-developpement\/","title":{"rendered":"Bogh\u00e9 : Formation de 40 femmes rurales dans les wilayas du Brakna, du Gorgol, du Trarza et du Guidimagha"},"content":{"rendered":"\n<h2 class=\"wp-block-heading\">Bogh\u00e9   ami<\/h2>\n\n\n\n<figure class=\"wp-block-image size-full\"><img loading=\"lazy\" decoding=\"async\" width=\"1020\" height=\"768\" src=\"https:\/\/lestracesdelinfo.com\/wp-content\/uploads\/2025\/01\/image-6.png\" alt=\"\" class=\"wp-image-60312\" srcset=\"https:\/\/lestracesdelinfo.com\/wp-content\/uploads\/2025\/01\/image-6.png 1020w, https:\/\/lestracesdelinfo.com\/wp-content\/uploads\/2025\/01\/image-6-300x226.png 300w, https:\/\/lestracesdelinfo.com\/wp-content\/uploads\/2025\/01\/image-6-768x578.png 768w\" sizes=\"auto, (max-width: 1020px) 100vw, 1020px\" \/><\/figure>\n\n\n\n<figure class=\"wp-block-image\"><a href=\"https:\/\/ami.mr\/fr\/wp-content\/uploads\/2025\/01\/07-01-2025-005.jpg\"><img decoding=\"async\" src=\"https:\/\/ami.mr\/fr\/wp-content\/uploads\/2025\/01\/07-01-2025-005-750x430.jpg\" alt=\"\"\/><\/a><\/figure>\n\n\n\n<p>Le secr\u00e9taire g\u00e9n<strong>\u00e9ral du minist\u00e8re de l\u2019Agriculture et de la Souverainet\u00e9 alimentaire, M. Ahmed Salem Ould El Arbi<\/strong>, accompagn\u00e9 du<strong> wali mou\u00e7aid du Brakna, M. Mohamed Abdelfattah Ould Ahmed, a<\/strong> supervis\u00e9 lundi dan<strong>s la ville de Bogh\u00e9, dans la wilaya du Brakna, l<\/strong>\u2019ouverture d\u2019une formation organis\u00e9e en coop\u00e9ration entre le minist\u00e8re de l\u2019<em><strong>Agriculture et de la Souverainet\u00e9 alimentaire et l\u2019Organisation arabe pour le d\u00e9veloppement agricole (OADA) au profit des femmes rurales de Mauritanie sur les cha\u00eenes de valeur des produits agricoles et les \u00e9nergies renouvelables et leur utilisation en milieu rural.<\/strong><\/em><\/p>\n\n\n\n<p><em><strong>La formation de 10 jours b\u00e9n\u00e9ficiera \u00e0 40 femmes rurales des wilayas du Brakna, du Trarza, du Gorgol et du Guidimagha, dans le but de leur permettre de d\u00e9velopper leurs capacit\u00e9s et d\u2019acqu\u00e9rir des comp\u00e9tences pertinentes en rapport avec le sujet de la formation.<\/strong><\/em><\/p>\n\n\n\n<p>Dans une allocution prononc\u00e9e \u00e0 cette occasion, le secr\u00e9taire g\u00e9n\u00e9ral du minist\u00e8re de l\u2019Agriculture et de la Souverainet\u00e9 Alimentaire a so<em><strong>ulign\u00e9 que le d\u00e9partement a fait de la formation et du renforcement des capacit\u00e9s des producteurs l\u2019un des axes les plus importants de son intervention et qu\u2019il poursuivra cette d\u00e9marche qui prend de plus en plus d\u2019importance de nos jours vu la multiplication et la diversification des programmes de d\u00e9veloppement agricole dans les diff\u00e9rentes wilayas du pays gr\u00e2ce \u00e0 la vision \u00e9clair\u00e9e de Son Excellence le Pr\u00e9sident de la R\u00e9publique, M. Mohamed Ould C<\/strong><\/em>heikh El Ghazouani.<\/p>\n\n\n\n<p>Il a ajout\u00e9 que l\u2019organisation de ce stage en coop\u00e9ration avec l\u2019Organisation arabe pour le d\u00e9veloppement agricole, la Commission \u00e9conomique et sociale des Nations unies pour l\u2019Asie occidentale et la Banque islamique de d\u00e9veloppement traduit la profondeur des relations de notre pays avec ses diff\u00e9rents partenaires au d\u00e9veloppement et son attachement \u00e0 l\u2019action arabe commune, appelant les b\u00e9n\u00e9ficiaires de cette formation \u00e0 l\u2019effort et \u00e0 la pers\u00e9v\u00e9rance dans le suivi des sessions de formation th\u00e9orique et pratique.<\/p>\n\n\n\n<p>Pour sa part, le maire de la commune de Bogh\u00e9, <strong>M. Ba Adama Moussa, <\/strong>a salu\u00e9 la grande attention accord\u00e9e \u00e0 la femme mauritanienne par le Pr\u00e9sident de la R\u00e9publique, <strong>M. Mohamed Ould Cheikh El Ghazouani,<\/strong> louant cette formation qui contribuera \u00e0 accro\u00eetre la participation de la femme rurale au processus de d\u00e9veloppement.<\/p>\n\n\n\n<p><strong>Ahmed Salem Ould Ahmed Fall, Directeur du D\u00e9partement Formation, Etudes et Conseil \u00e0 l\u2019OADA<\/strong>, a d\u00e9clar\u00e9 que le choix de la composante f\u00e9minine comme premi\u00e8re b\u00e9n\u00e9ficiaire de cette formation se justifie par le s\u00e9rieux et la responsabilit\u00e9 de la femme rurale mauritanienne et les difficult\u00e9s qu\u2019elle endure pour le bien de la famille.<\/p>\n\n\n\n<p>Il a ajout\u00e9 que cette formation est l\u2019un des fruits de la coop\u00e9ration dans le domaine du renforcement des capacit\u00e9s entre le minist\u00e8re de l\u2019Agriculture et de la Souverainet\u00e9 Alimentaire, repr\u00e9sent\u00e9 par le Centre National de Formation des Producteurs Ruraux, d\u2019une part, et l\u2019Organisation Arabe pour le D\u00e9veloppement Agricole, la Commission Economique et Sociale des Nations Unies pour l\u2019Asie Occidentale et la Banque Islamique de D\u00e9veloppement, d\u2019autre part.<\/p>\n\n\n\n<p>Le stage a \u00e9t\u00e9 ouvert en pr\u00e9sence du hakem mou\u00e7aid de la moughataa de Bogh\u00e9, M. Hafedh Ould Mohamed Mahmoud, du directeur de l\u2019Organisation arabe pour le d\u00e9veloppement agricole au Maghreb, M. Bedreddine Omid, du d\u00e9l\u00e9gu\u00e9 r\u00e9gional du minist\u00e8re de l\u2019Agriculture et de la Souverainet\u00e9 alimentaire dans <strong>la wilaya du Brakna, M. Momma Ould Boubout, du directeur r\u00e9gional de la Sonader au Brakna, <\/strong>M. <strong>Mohamed El Hassan Ould Sidi Mohamed <\/strong>et du directeur du Centre national de formation des producteurs ruraux \u00e0 Bogh\u00e9, M. Taher Ould Mohamed Ahmed et d\u2019autres responsables de la moughataa de Bogh\u00e9.<\/p>\n\n\n\n<p><\/p>\n","protected":false},"excerpt":{"rendered":"<p>Bogh\u00e9 ami Le secr\u00e9taire g\u00e9n\u00e9ral du minist\u00e8re de l\u2019Agriculture et de la Souverainet\u00e9 alimentaire, M. Ahmed Salem Ould El Arbi, accompagn\u00e9 du wali mou\u00e7aid du Brakna, M. Mohamed Abdelfattah Ould Ahmed, a supervis\u00e9 lundi dans la ville de Bogh\u00e9, dans la wilaya du Brakna, l\u2019ouverture d\u2019une formation organis\u00e9e en coop\u00e9ration entre le minist\u00e8re de l\u2019Agriculture [&hellip;]<\/p>\n","protected":false},"author":2,"featured_media":60312,"comment_status":"open","ping_status":"open","sticky":false,"template":"","format":"standard","meta":{"footnotes":""},"categories":[1307],"tags":[],"class_list":["post-60308","post","type-post","status-publish","format-standard","has-post-thumbnail","hentry","category-regions-ou-wilayas"],"_links":{"self":[{"href":"https:\/\/lestracesdelinfo.com\/index.php\/wp-json\/wp\/v2\/posts\/60308","targetHints":{"allow":["GET"]}}],"collection":[{"href":"https:\/\/lestracesdelinfo.com\/index.php\/wp-json\/wp\/v2\/posts"}],"about":[{"href":"https:\/\/lestracesdelinfo.com\/index.php\/wp-json\/wp\/v2\/types\/post"}],"author":[{"embeddable":true,"href":"https:\/\/lestracesdelinfo.com\/index.php\/wp-json\/wp\/v2\/users\/2"}],"replies":[{"embeddable":true,"href":"https:\/\/lestracesdelinfo.com\/index.php\/wp-json\/wp\/v2\/comments?post=60308"}],"version-history":[{"count":2,"href":"https:\/\/lestracesdelinfo.com\/index.php\/wp-json\/wp\/v2\/posts\/60308\/revisions"}],"predecessor-version":[{"id":60313,"href":"https:\/\/lestracesdelinfo.com\/index.php\/wp-json\/wp\/v2\/posts\/60308\/revisions\/60313"}],"wp:featuredmedia":[{"embeddable":true,"href":"https:\/\/lestracesdelinfo.com\/index.php\/wp-json\/wp\/v2\/media\/60312"}],"wp:attachment":[{"href":"https:\/\/lestracesdelinfo.com\/index.php\/wp-json\/wp\/v2\/media?parent=60308"}],"wp:term":[{"taxonomy":"category","embeddable":true,"href":"https:\/\/lestracesdelinfo.com\/index.php\/wp-json\/wp\/v2\/categories?post=60308"},{"taxonomy":"post_tag","embeddable":true,"href":"https:\/\/lestracesdelinfo.com\/index.php\/wp-json\/wp\/v2\/tags?post=60308"}],"curies":[{"name":"wp","href":"https:\/\/api.w.org\/{rel}","templated":true}]}}