{"id":60314,"date":"2025-01-08T18:03:35","date_gmt":"2025-01-08T18:03:35","guid":{"rendered":"https:\/\/lestracesdelinfo.com\/?p=60314"},"modified":"2025-01-08T18:03:40","modified_gmt":"2025-01-08T18:03:40","slug":"le-gouvernement-a-decaisse-cinq-milliards-f-cfa-pour-indemniser-les-victimes-des-violences-politiques-entre-2021-et-2024","status":"publish","type":"post","link":"https:\/\/lestracesdelinfo.com\/index.php\/2025\/01\/08\/le-gouvernement-a-decaisse-cinq-milliards-f-cfa-pour-indemniser-les-victimes-des-violences-politiques-entre-2021-et-2024\/","title":{"rendered":"Le gouvernement a d\u00e9caiss\u00e9 cinq milliards F CFA pour indemniser les victimes des violences politiques entre 2021 et 2024"},"content":{"rendered":"\n<p>Le gouvernement a d\u00e9caiss\u00e9 cinq milliards F CFA pour indemniser les victimes des violences politiques entre 2021 et 2024<\/p>\n\n\n\n<p>Par:\u00a0<a href=\"https:\/\/www.seneweb.com\/news\/Politique\/le-gouvernement-a-decaisse-cinq-milliard_n_459606.html\">Seneweb News &#8211;\u00a0Seneweb.com<\/a><\/p>\n\n\n\n<figure class=\"wp-block-image\"><img decoding=\"async\" src=\"https:\/\/images.seneweb.com\/dynamic\/modules\/news\/images\/gen\/fb\/89339171346f38366d5d260034d85e57e90e307b.png\" alt=\"Single Post\"\/><figcaption class=\"wp-element-caption\">Le gouvernement a d\u00e9caiss\u00e9 cinq milliards F CFA pour indemniser les victimes des violences politiques entre 2021 et 2024<\/figcaption><\/figure>\n\n\n\n<p>Le gouvernement a annonc\u00e9 mardi avoir allou\u00e9 5 milliards pour indemniser les victimes des violences politiques dans ce pays entre 2021 et<em><strong> 2024, des faits ayant caus\u00e9 des dizaines de morts et couverts par une loi d&rsquo;amnistie que les autorit\u00e9s pr\u00e9voient d&rsquo;abroger.<br>Ces cinq milliards de FCFA \u00ab\u00a0sont destin\u00e9s \u00e0 soutenir les ex-d\u00e9tenus et autres victimes de la violence pr\u00e9\u00e9lectorale allant du 1er f\u00e9vrier 2021 au 25 f\u00e9vrier 2024\u00a0\u00bb, indique un communiqu\u00e9 du gouvernement.<br>La r\u00e9partition se fera suivant des crit\u00e8res propos\u00e9s par un comit\u00e9 interminist\u00e9riel, qui n&rsquo;ont pas \u00e9t\u00e9 pr\u00e9cis\u00e9s, tout comme le nombre total et le profil des b\u00e9n\u00e9ficiaires.<br>Mais 112 cas d'\u00a0\u00bbextr\u00eame urgence\u00a0\u00bb concernant des \u00ab\u00a0bless\u00e9s et traumatismes graves\u00a0\u00bb ont d\u00e9j\u00e0 \u00e9t\u00e9 pris en charge par un fonds de solidarit\u00e9 gouvernemental \u00ab\u00a0sur la <\/strong><\/em>base de justificatifs\u00a0\u00bb, pr\u00e9cise le communiqu\u00e9.<br>Le Premier ministre Ousmane Sonko a annonc\u00e9 le 27 d\u00e9cembre que son gouvernement d\u00e9poserait un projet pour abroger la loi <em><strong>d&rsquo;amnistie couvrant les faits relatifs \u00e0 ces violences politiques entre 2021 et 2024.<br>Cette loi avait \u00e9t\u00e9 vot\u00e9e en mars dernier \u00e0 l&rsquo;initiative de l&rsquo;ex-pr\u00e9sident Macky Sall et avant le scrutin pr\u00e9sidentiel ayant conduit fin <\/strong><\/em>mars \u00e0 l&rsquo;\u00e9lection du pr\u00e9side<strong>nt Bassirou Diomaye Faye.<\/strong><\/p>\n\n\n\n<p><\/p>\n","protected":false},"excerpt":{"rendered":"<p>Le gouvernement a d\u00e9caiss\u00e9 cinq milliards F CFA pour indemniser les victimes des violences politiques entre 2021 et 2024 Par:\u00a0Seneweb News &#8211;\u00a0Seneweb.com Le gouvernement a annonc\u00e9 mardi avoir allou\u00e9 5 milliards pour indemniser les victimes des violences politiques dans ce pays entre 2021 et 2024, des faits ayant caus\u00e9 des dizaines de morts et couverts [&hellip;]<\/p>\n","protected":false},"author":2,"featured_media":60315,"comment_status":"open","ping_status":"open","sticky":false,"template":"","format":"standard","meta":{"footnotes":""},"categories":[1447],"tags":[],"class_list":["post-60314","post","type-post","status-publish","format-standard","has-post-thumbnail","hentry","category-afrique"],"_links":{"self":[{"href":"https:\/\/lestracesdelinfo.com\/index.php\/wp-json\/wp\/v2\/posts\/60314","targetHints":{"allow":["GET"]}}],"collection":[{"href":"https:\/\/lestracesdelinfo.com\/index.php\/wp-json\/wp\/v2\/posts"}],"about":[{"href":"https:\/\/lestracesdelinfo.com\/index.php\/wp-json\/wp\/v2\/types\/post"}],"author":[{"embeddable":true,"href":"https:\/\/lestracesdelinfo.com\/index.php\/wp-json\/wp\/v2\/users\/2"}],"replies":[{"embeddable":true,"href":"https:\/\/lestracesdelinfo.com\/index.php\/wp-json\/wp\/v2\/comments?post=60314"}],"version-history":[{"count":1,"href":"https:\/\/lestracesdelinfo.com\/index.php\/wp-json\/wp\/v2\/posts\/60314\/revisions"}],"predecessor-version":[{"id":60316,"href":"https:\/\/lestracesdelinfo.com\/index.php\/wp-json\/wp\/v2\/posts\/60314\/revisions\/60316"}],"wp:featuredmedia":[{"embeddable":true,"href":"https:\/\/lestracesdelinfo.com\/index.php\/wp-json\/wp\/v2\/media\/60315"}],"wp:attachment":[{"href":"https:\/\/lestracesdelinfo.com\/index.php\/wp-json\/wp\/v2\/media?parent=60314"}],"wp:term":[{"taxonomy":"category","embeddable":true,"href":"https:\/\/lestracesdelinfo.com\/index.php\/wp-json\/wp\/v2\/categories?post=60314"},{"taxonomy":"post_tag","embeddable":true,"href":"https:\/\/lestracesdelinfo.com\/index.php\/wp-json\/wp\/v2\/tags?post=60314"}],"curies":[{"name":"wp","href":"https:\/\/api.w.org\/{rel}","templated":true}]}}