{"id":60336,"date":"2025-01-11T14:10:26","date_gmt":"2025-01-11T14:10:26","guid":{"rendered":"https:\/\/lestracesdelinfo.com\/?p=60336"},"modified":"2025-01-11T14:10:31","modified_gmt":"2025-01-11T14:10:31","slug":"mali-visite-detat-du-general-abdel-fattah-al-burhan-a-bamako","status":"publish","type":"post","link":"https:\/\/lestracesdelinfo.com\/index.php\/2025\/01\/11\/mali-visite-detat-du-general-abdel-fattah-al-burhan-a-bamako\/","title":{"rendered":"Mali : visite d\u2019\u00c9tat du g\u00e9n\u00e9ral Abdel Fattah al-Burhan \u00e0 Bamako"},"content":{"rendered":"\n<p>\u00a0<img loading=\"lazy\" decoding=\"async\" width=\"32\" height=\"32\" srcset=\"https:\/\/fr.apanews.net\/wp-content\/uploads\/sites\/2\/2023\/09\/APA-Ico-48x48.png 48w, https:\/\/fr.apanews.net\/wp-content\/uploads\/sites\/2\/2023\/09\/APA-Ico-300x300.png 300w, https:\/\/fr.apanews.net\/wp-content\/uploads\/sites\/2\/2023\/09\/APA-Ico-150x150.png 150w, https:\/\/fr.apanews.net\/wp-content\/uploads\/sites\/2\/2023\/09\/APA-Ico-70x70.png 70w, https:\/\/fr.apanews.net\/wp-content\/uploads\/sites\/2\/2023\/09\/APA-Ico-450x450.png 450w, https:\/\/fr.apanews.net\/wp-content\/uploads\/sites\/2\/2023\/09\/APA-Ico-24x24.png 24w, https:\/\/fr.apanews.net\/wp-content\/uploads\/sites\/2\/2023\/09\/APA-Ico-96x96.png 96w, https:\/\/fr.apanews.net\/wp-content\/uploads\/sites\/2\/2023\/09\/APA-Ico.png 512w\" src=\"https:\/\/fr.apanews.net\/wp-content\/uploads\/sites\/2\/2023\/09\/APA-Ico-48x48.png\" alt=\"APA - BAMAKO (MALI)\"><a>APA &#8211; BAMAKO (MALI)<\/a><\/p>\n\n\n\n<figure class=\"wp-block-image\"><img decoding=\"async\" src=\"https:\/\/fr.apanews.net\/wp-content\/uploads\/sites\/2\/2025\/01\/1000076559.jpg\" alt=\"\" title=\"Mali : visite d\u2019\u00c9tat du g\u00e9n\u00e9ral Abdel Fattah al-Burhan \u00e0 Bamako\"\/><\/figure>\n\n\n\n<p>Partager<\/p>\n\n\n\n<p><a href=\"https:\/\/www.facebook.com\/sharer.php?u=https%3A%2F%2Ffr.apanews.net%2Fnews%2Fmali-visite-detat-du-general-abdel-fattah-al-burhan-a-bamako%2F\" target=\"_blank\" rel=\"noreferrer noopener\"><\/a><a href=\"https:\/\/twitter.com\/intent\/tweet?url=https%3A%2F%2Ffr.apanews.net%2Fnews%2Fmali-visite-detat-du-general-abdel-fattah-al-burhan-a-bamako%2F&amp;text=Mali%20%3A%20visite%20d%E2%80%99%C3%89tat%20du%20g%C3%A9n%C3%A9ral%20Abdel%20Fattah%20al-Burhan%20%C3%A0%20Bamako\" target=\"_blank\" rel=\"noreferrer noopener\"><\/a><a href=\"https:\/\/wa.me\/?text=Mali%20%3A%20visite%20d%E2%80%99%C3%89tat%20du%20g%C3%A9n%C3%A9ral%20Abdel%20Fattah%20al-Burhan%20%C3%A0%20Bamako%20https%3A%2F%2Ffr.apanews.net%2Fnews%2Fmali-visite-detat-du-general-abdel-fattah-al-burhan-a-bamako%2F\" target=\"_blank\" rel=\"noreferrer noopener\"><\/a><a href=\"mailto:?subject=Mali%20%3A%20visite%20d%E2%80%99%C3%89tat%20du%20g%C3%A9n%C3%A9ral%20Abdel%20Fattah%20al-Burhan%20%C3%A0%20Bamako&amp;body=https%3A%2F%2Ffr.apanews.net%2Fnews%2Fmali-visite-detat-du-general-abdel-fattah-al-burhan-a-bamako%2F\" target=\"_blank\" rel=\"noreferrer noopener\"><\/a><a href=\"https:\/\/www.linkedin.com\/shareArticle?mini=true&amp;url=https%3A%2F%2Ffr.apanews.net%2Fnews%2Fmali-visite-detat-du-general-abdel-fattah-al-burhan-a-bamako%2F\" target=\"_blank\" rel=\"noreferrer noopener\"><\/a><a href=\"https:\/\/t.me\/share\/url?url=https%3A%2F%2Ffr.apanews.net%2Fnews%2Fmali-visite-detat-du-general-abdel-fattah-al-burhan-a-bamako%2F&amp;title=Mali%20%3A%20visite%20d%E2%80%99%C3%89tat%20du%20g%C3%A9n%C3%A9ral%20Abdel%20Fattah%20al-Burhan%20%C3%A0%20Bamako\" target=\"_blank\" rel=\"noreferrer noopener\"><\/a><\/p>\n\n\n\n<p><strong>Cette mission, qualifi\u00e9e de \u00ab visite d\u2019amiti\u00e9 et de travail \u00bb, a pour objectif principal de renforcer les relations bilat\u00e9rales entre le Mali et le Soudan, deux pays confront\u00e9es \u00e0 des d\u00e9fis politiques et s\u00e9curitaires similaires.<\/strong><\/p>\n\n\n\n<p>Le g\u00e9n\u00e9ral Abdel Fattah al-Burhan, pr\u00e9sident de la Transition de la R\u00e9publique du Soudan, est arriv\u00e9 ce samedi 11 janvier 2025 \u00e0 Bamako, la capitale malienne, pour une visite officielle de 48 heures.&nbsp;<\/p>\n\n\n\n<p>Accueilli \u00e0 sa descente d\u2019avion par son homologue malien, le g\u00e9n\u00e9ral Assimi Go\u00efta, pr\u00e9sident de la Transition du Mali, le chef d\u2019\u00c9tat soudanais va entamer une s\u00e9rie de rencontres et de discussions strat\u00e9giques. Les deux dirigeants, plac\u00e9s \u00e0 la t\u00eate de gouvernements de transition \u00e0 la suite de crises internes majeures, entendent mettre \u00e0 profit cette visite pour partager leurs exp\u00e9riences respectives en mati\u00e8re de gestion de la transition politique et de stabilisation nationale.<\/p>\n\n\n\n<p>Le Mali et le Soudan partagent une histoire r\u00e9cente marqu\u00e9e par l\u2019instabilit\u00e9 politique, les coups d\u2019\u00c9tat militaires et les insurrections arm\u00e9es. Le Mali fait face depuis 2012 \u00e0 une crise s\u00e9curitaire profonde li\u00e9e \u00e0 la mont\u00e9e en puissance des groupes jihadistes et des milices communautaires dans le nord et le centre du pays.<\/p>\n\n\n\n<p>De son c\u00f4t\u00e9, le Soudan est plong\u00e9 dans une guerre civile depuis avril 2023, opposant les Forces arm\u00e9es soudanaises (FAS), dirig\u00e9es par le g\u00e9n\u00e9ral al-Burhan, aux Forces de soutien rapide (FSR) du g\u00e9n\u00e9ral Mohamed Hamdan Daglo, dit \u00ab Hemetti \u00bb. Ce conflit, caract\u00e9ris\u00e9 par une violence extr\u00eame, a entra\u00een\u00e9 des milliers de morts et des d\u00e9placements massifs de populations, aggravant une crise humanitaire d\u00e9j\u00e0 critique.<\/p>\n\n\n\n<p>Dans ce contexte, la coop\u00e9ration en mati\u00e8re de s\u00e9curit\u00e9 figure en t\u00eate de l\u2019agenda de cette visite. Les deux chefs d\u2019\u00c9tat ambitionnent de coordonner leurs efforts pour faire face aux d\u00e9fis s\u00e9curitaires et humanitaires auxquels leurs pays respectifs sont confront\u00e9s. Des accords bilat\u00e9raux pourraient \u00eatre sign\u00e9s dans ce domaine, avec un accent particulier sur le partage d\u2019informations et les strat\u00e9gies de lutte contre les groupes arm\u00e9s transnationaux.<\/p>\n\n\n\n<p>Les grands axes de la coop\u00e9ration Mali-Soudan<\/p>\n\n\n\n<p>Les principaux axes de la coop\u00e9ration Mali-Soudan durant cette visite porteront sur trois domaines cl\u00e9s. Sur le plan s\u00e9curitaire, les deux \u00c9tats, confront\u00e9s \u00e0 des insurrections arm\u00e9es et \u00e0 des menaces terroristes, entendent intensifier leur collaboration militaire par le partage d\u2019informations et l\u2019\u00e9laboration de strat\u00e9gies communes contre l\u2019ins\u00e9curit\u00e9 transfrontali\u00e8re. Sur le plan \u00e9conomique, des discussions sont pr\u00e9vues pour explorer des partenariats dans les secteurs de l\u2019\u00e9nergie, des mines et de l\u2019agriculture, compte tenu des ressources naturelles consid\u00e9rables des deux pays. Enfin, la dimension culturelle occupera une place importante, avec la volont\u00e9 de renforcer les \u00e9changes dans les domaines de la culture, de l\u2019\u00e9ducation et de la recherche, en mettant en valeur leur riche patrimoine historique commun.<\/p>\n\n\n\n<p>La similitude des trajectoires politiques<\/p>\n\n\n\n<p>Cette visite d\u00e9montre des similitudes frappantes entre les trajectoires r\u00e9centes des deux pays. Le Mali et le Soudan ont tous deux connu des coups d\u2019\u00c9tat militaires aboutissant \u00e0 des r\u00e9gimes de transition dirig\u00e9s par des chefs militaires. Ces transitions ont \u00e9t\u00e9 marqu\u00e9es par des d\u00e9fis similaires : une qu\u00eate de l\u00e9gitimit\u00e9 politique, la n\u00e9cessit\u00e9 de r\u00e9tablir la s\u00e9curit\u00e9 et une pression internationale pour l\u2019organisation d\u2019\u00e9lections d\u00e9mocratiques.<\/p>\n\n\n\n<p>Cependant, les contextes diff\u00e8rent sur plusieurs points. Alors que le Mali b\u00e9n\u00e9ficie d\u2019un certain soutien r\u00e9gional de la part de ses voisins ouest-africains, le Soudan reste isol\u00e9 diplomatiquement, notamment en raison de la persistance du conflit entre les forces du g\u00e9n\u00e9ral al-Burhan et celles de son rival \u00ab Hemetti \u00bb.<\/p>\n\n\n\n<p><strong>MD\/ac\/APA<\/strong><\/p>\n","protected":false},"excerpt":{"rendered":"<p>\u00a0APA &#8211; BAMAKO (MALI) Partager Cette mission, qualifi\u00e9e de \u00ab visite d\u2019amiti\u00e9 et de travail \u00bb, a pour objectif principal de renforcer les relations bilat\u00e9rales entre le Mali et le Soudan, deux pays confront\u00e9es \u00e0 des d\u00e9fis politiques et s\u00e9curitaires similaires. Le g\u00e9n\u00e9ral Abdel Fattah al-Burhan, pr\u00e9sident de la Transition de la R\u00e9publique du Soudan, [&hellip;]<\/p>\n","protected":false},"author":2,"featured_media":60337,"comment_status":"open","ping_status":"open","sticky":false,"template":"","format":"standard","meta":{"footnotes":""},"categories":[1447],"tags":[],"class_list":["post-60336","post","type-post","status-publish","format-standard","has-post-thumbnail","hentry","category-afrique"],"_links":{"self":[{"href":"https:\/\/lestracesdelinfo.com\/index.php\/wp-json\/wp\/v2\/posts\/60336","targetHints":{"allow":["GET"]}}],"collection":[{"href":"https:\/\/lestracesdelinfo.com\/index.php\/wp-json\/wp\/v2\/posts"}],"about":[{"href":"https:\/\/lestracesdelinfo.com\/index.php\/wp-json\/wp\/v2\/types\/post"}],"author":[{"embeddable":true,"href":"https:\/\/lestracesdelinfo.com\/index.php\/wp-json\/wp\/v2\/users\/2"}],"replies":[{"embeddable":true,"href":"https:\/\/lestracesdelinfo.com\/index.php\/wp-json\/wp\/v2\/comments?post=60336"}],"version-history":[{"count":1,"href":"https:\/\/lestracesdelinfo.com\/index.php\/wp-json\/wp\/v2\/posts\/60336\/revisions"}],"predecessor-version":[{"id":60338,"href":"https:\/\/lestracesdelinfo.com\/index.php\/wp-json\/wp\/v2\/posts\/60336\/revisions\/60338"}],"wp:featuredmedia":[{"embeddable":true,"href":"https:\/\/lestracesdelinfo.com\/index.php\/wp-json\/wp\/v2\/media\/60337"}],"wp:attachment":[{"href":"https:\/\/lestracesdelinfo.com\/index.php\/wp-json\/wp\/v2\/media?parent=60336"}],"wp:term":[{"taxonomy":"category","embeddable":true,"href":"https:\/\/lestracesdelinfo.com\/index.php\/wp-json\/wp\/v2\/categories?post=60336"},{"taxonomy":"post_tag","embeddable":true,"href":"https:\/\/lestracesdelinfo.com\/index.php\/wp-json\/wp\/v2\/tags?post=60336"}],"curies":[{"name":"wp","href":"https:\/\/api.w.org\/{rel}","templated":true}]}}