{"id":60377,"date":"2025-01-17T08:22:30","date_gmt":"2025-01-17T08:22:30","guid":{"rendered":"https:\/\/lestracesdelinfo.com\/?p=60377"},"modified":"2025-01-17T08:22:38","modified_gmt":"2025-01-17T08:22:38","slug":"affaire-farba-ngom-lapr-denonce-une-manoeuvre-politique-et-une-derive-autoritaire-ousmane-sonko-accuse","status":"publish","type":"post","link":"https:\/\/lestracesdelinfo.com\/index.php\/2025\/01\/17\/affaire-farba-ngom-lapr-denonce-une-manoeuvre-politique-et-une-derive-autoritaire-ousmane-sonko-accuse\/","title":{"rendered":"Affaire Farba Ngom : L\u2019APR d\u00e9nonce une man\u0153uvre politique et une d\u00e9rive autoritaire, Ousmane Sonko accus\u00e9"},"content":{"rendered":"\n<p><a href=\"https:\/\/www.facebook.com\/sharer\/sharer.php?u=https:\/\/www.senenews.com\/actualites\/affaire-farba-ngom-lapr-denonce-une-manoeuvre-politique-et-une-derive-autoritaire-ousmane-sonko-accuse_523484.html&amp;display=popup\" rel=\"noreferrer noopener\" target=\"_blank\"><\/a><\/p>\n\n\n\n<figure class=\"wp-block-image\" id=\"figureSingle\"><img decoding=\"async\" src=\"https:\/\/www.senenews.com\/wp-content\/uploads\/2021\/07\/farba-ngom-4.jpg\" alt=\"farba ngom 4 - Senenews - Actualit\u00e9 au S\u00e9n\u00e9gal, Politique, \u00c9conomie, Sport\" title=\"Affaire Farba Ngom : L'APR d\u00e9nonce une man\u0153uvre politique et une d\u00e9rive autoritaire, Ousmane Sonko accus\u00e9 1\"\/><figcaption class=\"wp-element-caption\">Affaire Farba Ngom : L\u2019APR d\u00e9nonce une man\u0153uvre politique et une d\u00e9rive autoritaire, Ousmane Sonko accus\u00e9<\/figcaption><\/figure>\n\n\n\n<p>Par\u00a0<strong><a href=\"https:\/\/www.senenews.com\/author\/souleymane-barry\">Barry Souleymane<\/a><\/strong>                      <a href=\"https:\/\/www.senenews.com\/ac\"><strong>senenews.com<\/strong><\/a><\/p>\n\n\n\n<p>Dans une d\u00e9claration virulente, l\u2019Alliance Pour la R\u00e9publique (APR) condamne la proc\u00e9dure visant \u00e0 lever l\u2019immunit\u00e9 parlementaire de\u00a0<a href=\"https:\/\/www.senenews.com\/justice\/affaire-farba-ngom-le-juriste-amadou-mbaye-defend-le-role-du-procureur-et-clarifie-les-procedures_523482.html\">Farba Ngom<\/a>, d\u00e9put\u00e9 de la Coalition Takku Wallu S\u00e9<\/p>\n\n\n\n<p>Le parti exprime ses inqui\u00e9tudes quant aux motivations politiques derri\u00e8re cette d\u00e9marche, qu\u2019il consid\u00e8re comme une man\u0153uvre cibl\u00e9e et revancharde orchestr\u00e9e par le pouvoir en place, notamment par le Premier ministre Ousmane Sonko.<\/p>\n\n\n\n<p>L\u2019APR r\u00e9affirme son soutien ind\u00e9fectible \u00e0 Farba Ngom, d\u00e9non\u00e7ant une attaque politique et appelant \u00e0 l\u2019unit\u00e9 des forces r\u00e9publicaines face \u00e0 ce qu\u2019il qualifie de d\u00e9rive autocratique.<\/p>\n\n\n\n<p>Voici le communiqu\u00e9 !<\/p>\n\n\n\n<p>\u00ab&nbsp;D\u00e9claration de l\u2019Alliance Pour la R\u00e9publique<br>D\u00e9rives dictatoriales et menaces sur la R\u00e9publique !<br>Le mardi 14 Janvier 2024, l\u2019Assembl\u00e9e Nationale du S\u00e9n\u00e9gal a engag\u00e9 la proc\u00e9dure pour lever l\u2019immunit\u00e9 parlementaire de l\u2019honorable Mouhamadou Ngom dit Farba, suite \u00e0 la demande formul\u00e9e par le Ministre de la Justice.<\/p>\n\n\n\n<p>Si la d\u00e9marche, en elle \u2013 m\u00eame, ne pose aucun probl\u00e8me de droit et ne soul\u00e8ve aucune objection de notre part, grande est notre inqui\u00e9tude et celle de nos compatriotes, quant aux motivations profondes d\u2019une telle d\u00e9cision.<br>En s\u2019attaquant aussi brutalement au D\u00e9put\u00e9 de la Coalition Takku Wallu S\u00e9n\u00e9gal et membre \u00e9minent de l\u2019Alliance Pour la R\u00e9publique, le pouvoir confirme sa nature dictatoriale et t\u00e9moigne de la totale mainmise du Premier Ministre sur toutes les Institutions de la R\u00e9publique.<\/p>\n\n\n\n<p>Tous nos compatriotes se souviennent des violents propos d\u00e9bit\u00e9s par Ousmane Sonko lors de la campagne pour les L\u00e9gislatives anticip\u00e9es, \u00e0 Agnam. Apr\u00e8s avoir offens\u00e9 notre camarade Farba Ngom, Ousmane Sonko avait solennellement d\u00e9clar\u00e9 que &nbsp;\u00bb jamais plus&nbsp;\u00bb ce dernier &nbsp;\u00bb ne participera \u00e0 une \u00e9lection au S\u00e9n\u00e9gal \u00ab&nbsp;! Cette grossi\u00e8re et burlesque attaque ayant \u00e9t\u00e9 sanctionn\u00e9e par une humiliante d\u00e9faite, Ousmane Sonko engage la bataille de la revanche dont la finalit\u00e9 n\u2019est rien d\u2019autre, qu\u2019un emprisonnement de Farba Ngom.<\/p>\n\n\n\n<p>Certainement, avec cette grave forfaiture politique et morale, Ousmane entend conqu\u00e9rir une zone qui lui est hostile, en d\u00e9pit des agitations d\u2019une poign\u00e9e de traitres qui ont transhum\u00e9, mais honnis et vomis des populations.<\/p>\n\n\n\n<p>La c\u00e9l\u00e9rit\u00e9 avec laquelle l\u2019Assembl\u00e9e Nationale a r\u00e9agi \u00e0 la requ\u00eate du Ministre de la Justice, jette le trouble et un voile de suspicion sur les objectifs r\u00e9els de la man\u0153uvre politique.<br>Le levier actionn\u00e9 par le pouvoir constitue sans doute aucun, une parfaite illustration des intentions malsaines, politiciennes, cibl\u00e9es et revanchardes du pouvoir.<br>Au \u2013 del\u00e0 des graves &nbsp;\u00bb cas&nbsp;\u00bb dignes d\u2019int\u00e9r\u00eat, comme les 1000 milliards, les scandales de l\u2019Aser et de l\u2019Onas, les \u00e9carts et la boulimie fonci\u00e8re de plusieurs caciques de l\u2019actuel r\u00e9gime, des mouvements suspects, voire occultes, de manipulations permanentes de Fonds dans un pass\u00e9 r\u00e9cent, comme aujourd\u2019hui encore, le Centif s\u2019est int\u00e9ress\u00e9 \u00e0 Farba Ngom !<\/p>\n\n\n\n<p>Il s\u2019agit donc d\u2019un acharnement clair et sans \u00e9quivoque, suivant les injonctions et la volont\u00e9 autocratique d\u2019Ousmane Sonko qui avait impos\u00e9, en toute ill\u00e9galit\u00e9, la non \u2013 pr\u00e9sence de Farba Ngom dans le Bureau de l\u2019Assembl\u00e9e Nationale !<\/p>\n\n\n\n<p>C\u2019 est cette trajectoire de liquidation politique du D\u00e9put\u00e9 Farba Ngom voulue et impuls\u00e9e par Ousmane Sonko qui est en cours!<\/p>\n\n\n\n<p>C\u2019est cette agression indigne que nous d\u00e9non\u00e7ons!<br>Face \u00e0 l\u2019\u00e9preuve l\u2019Alliance Pour la R\u00e9publique exprime son soutien total et sa solidarit\u00e9 agissante \u00e0 l\u2019honorable D\u00e9put\u00e9 Farba Ngom, un haut dirigeant de notre parti, un mod\u00e8le d\u2019engagement, de loyaut\u00e9 et de fid\u00e9lit\u00e9.<\/p>\n\n\n\n<p>Nous refusons que pour faire plaisir \u00e0 un Premier Ministre du nom d\u2019 Ousmane Sonko, soient pi\u00e9tin\u00e9es les normes de l\u2019Etat de Droit et que soient ensevelis les valeurs et principes de la R\u00e9publique !<\/p>\n\n\n\n<p>Notre Parti, fidele \u00e0 son identit\u00e9 r\u00e9publicaine est totalement en faveur de la reddition des comptes \u00e0 la condition que celle-ci ne se transforme en son contraire : le r\u00e8glement de comptes!!<\/p>\n\n\n\n<p>Aujourd\u2019hui que le pays vit des heures sombres suite \u00e0 la hausse g\u00e9n\u00e9ralis\u00e9e des prix de toutes les denr\u00e9es, la col\u00e8re des jakartamen, des chauffeurs de taxis et marchands ambulants et dans un contexte d\u2019embrasement progressif du front social, le pouvoir engage sa fuite en \u2013 avant.<\/p>\n\n\n\n<p>Il tente d\u2019allumer des contre \u2013 feux pour calmer les ardeurs et mobilisations citoyennes et populaires.<br>Il persiste n\u00e9anmoins, dans sa volont\u00e9 de mener jusqu\u2019au bout, la chasse aux sorci\u00e8res, la traque de tous les hommes et toutes les femmes qui ont g\u00e9r\u00e9 des responsabilit\u00e9s dans l\u2019ancien pouvoir.<\/p>\n\n\n\n<p>Il veut briser toutes les oppositions, tous les hommes d\u2019affaires et autres op\u00e9rateurs \u00e9conomiques qui ont r\u00e9ussi!<br>Sous le manteau fallacieux de la r\u00e9cup\u00e9ration &nbsp;\u00bb des deniers publics vol\u00e9s , le pouvoir m\u00e8ne une inquisition qui vise \u00e0 d\u00e9busquer, exclure ou affaiblir tous les cadres et travailleurs estampill\u00e9s &nbsp;\u00bb pro \u2013 Macky&nbsp;\u00bb. Ses haineux de premi\u00e8re classe, comme les DG du Port et de la CDC, impulsent, dans un d\u00e9lire hallucin\u00e9, la dynamique et vocif\u00e8rent pour exiger que soit \u00e9cras\u00e9 tout ce qui respire Apr!<\/p>\n\n\n\n<p>Nous sommes aujourd\u2019hui \u00e0 un tournant d\u00e9cisif de notre histoire.<br>Face \u00e0 ce pouvoir structur\u00e9 autour de la justice des vainqueurs et de la manipulation, la seule voie de salut qui s\u2019offre \u00e0 toutes les forces citoyennes, r\u00e9publicaines et d\u00e9mocratiques, est la R\u00e9sistance.<\/p>\n\n\n\n<p>Pour l\u2019Alliance Pour la R\u00e9publique, la seule perspective qui s\u2019impose, demeure l\u2019unit\u00e9 politique et organis\u00e9e de toutes les forces regroup\u00e9es dans ATEL et dont la Coalition Takku Wallu S\u00e9n\u00e9gal qui s\u2019est remarquablement d\u00e9marqu\u00e9e de l\u2019op\u00e9ration de mise \u00e0 mort du D\u00e9put\u00e9 Farba Ngom, est la digne repr\u00e9sentante \u00e0 l\u2019Assembl\u00e9e Nationale.<\/p>\n\n\n\n<p>S\u2019opposer au pouvoir et se mobiliser dans une sinc\u00e8re unit\u00e9, pour le vaincre, telles sont les conditions garantes d\u2019un S\u00e9n\u00e9gal de paix et en paix, r\u00e9solument engag\u00e9 sur la voie de la satisfaction des pr\u00e9occupations de nos compatriotes !!!\u00a0\u00bb  <\/p>\n\n\n\n<p><a href=\"https:\/\/www.senenews.com\/ac\"><strong>senenews.com<\/strong><\/a><\/p>\n","protected":false},"excerpt":{"rendered":"<p>Par\u00a0Barry Souleymane senenews.com Dans une d\u00e9claration virulente, l\u2019Alliance Pour la R\u00e9publique (APR) condamne la proc\u00e9dure visant \u00e0 lever l\u2019immunit\u00e9 parlementaire de\u00a0Farba Ngom, d\u00e9put\u00e9 de la Coalition Takku Wallu S\u00e9 Le parti exprime ses inqui\u00e9tudes quant aux motivations politiques derri\u00e8re cette d\u00e9marche, qu\u2019il consid\u00e8re comme une man\u0153uvre cibl\u00e9e et revancharde orchestr\u00e9e par le pouvoir en place, [&hellip;]<\/p>\n","protected":false},"author":2,"featured_media":60378,"comment_status":"open","ping_status":"open","sticky":false,"template":"","format":"standard","meta":{"footnotes":""},"categories":[1306],"tags":[],"class_list":["post-60377","post","type-post","status-publish","format-standard","has-post-thumbnail","hentry","category-politique-general-politique-general"],"_links":{"self":[{"href":"https:\/\/lestracesdelinfo.com\/index.php\/wp-json\/wp\/v2\/posts\/60377","targetHints":{"allow":["GET"]}}],"collection":[{"href":"https:\/\/lestracesdelinfo.com\/index.php\/wp-json\/wp\/v2\/posts"}],"about":[{"href":"https:\/\/lestracesdelinfo.com\/index.php\/wp-json\/wp\/v2\/types\/post"}],"author":[{"embeddable":true,"href":"https:\/\/lestracesdelinfo.com\/index.php\/wp-json\/wp\/v2\/users\/2"}],"replies":[{"embeddable":true,"href":"https:\/\/lestracesdelinfo.com\/index.php\/wp-json\/wp\/v2\/comments?post=60377"}],"version-history":[{"count":1,"href":"https:\/\/lestracesdelinfo.com\/index.php\/wp-json\/wp\/v2\/posts\/60377\/revisions"}],"predecessor-version":[{"id":60379,"href":"https:\/\/lestracesdelinfo.com\/index.php\/wp-json\/wp\/v2\/posts\/60377\/revisions\/60379"}],"wp:featuredmedia":[{"embeddable":true,"href":"https:\/\/lestracesdelinfo.com\/index.php\/wp-json\/wp\/v2\/media\/60378"}],"wp:attachment":[{"href":"https:\/\/lestracesdelinfo.com\/index.php\/wp-json\/wp\/v2\/media?parent=60377"}],"wp:term":[{"taxonomy":"category","embeddable":true,"href":"https:\/\/lestracesdelinfo.com\/index.php\/wp-json\/wp\/v2\/categories?post=60377"},{"taxonomy":"post_tag","embeddable":true,"href":"https:\/\/lestracesdelinfo.com\/index.php\/wp-json\/wp\/v2\/tags?post=60377"}],"curies":[{"name":"wp","href":"https:\/\/api.w.org\/{rel}","templated":true}]}}