{"id":60380,"date":"2025-01-18T08:02:15","date_gmt":"2025-01-18T08:02:15","guid":{"rendered":"https:\/\/lestracesdelinfo.com\/?p=60380"},"modified":"2025-01-18T08:02:20","modified_gmt":"2025-01-18T08:02:20","slug":"mauritanie-pam-signature-dun-accord-daction-quinquennal-pour-les-interventions-du-programme-dans-le-pays","status":"publish","type":"post","link":"https:\/\/lestracesdelinfo.com\/index.php\/2025\/01\/18\/mauritanie-pam-signature-dun-accord-daction-quinquennal-pour-les-interventions-du-programme-dans-le-pays\/","title":{"rendered":"\u00a0Mauritanie-PAM : signature d\u2019un accord d\u2019action quinquennal pour les interventions du programme dans le pays"},"content":{"rendered":"\n<p><img loading=\"lazy\" decoding=\"async\" src=\"https:\/\/cridem.org\/media\/photos\/photo\/PAM_IMG_7976_1024x461.jpeg\" alt=\"Mauritanie-PAM : signature d\u2019un accord d\u2019action quinquennal pour les interventions du programme dans le pays\" width=\"300\" height=\"200\"><\/p>\n\n\n\n<p>SAHARA MEDIAS &#8211; La Mauritanie a sign\u00e9 ce vendredi avec le Programme alimentaire mondial (PAM) un protocole d\u2019accord qui s\u2019inscrit dans le cadre de la coop\u00e9ration et du partenariat entre le minist\u00e8re de l\u2019Environnement et du D\u00e9veloppement durable et le PAM.<br><br>Le protocole d\u2019accord a \u00e9t\u00e9 sign\u00e9 par la ministre de l\u2019environnement et du d\u00e9veloppement durable, Messouda mint Baham Ould Mohamed Laghdhaf, et le repr\u00e9sentant du programme alimentaire mondial (PAM) en Mauritanie, Aliou Diongue.<br><br>Ce partenariat co\u00efncide avec l\u2019adoption par le Programme Alimentaire Mondial (PAM) d\u2019un plan d\u2019action quinquennal 2024-2028 pour ses interventions en Mauritanie.<br><br>Ce partenariat permettra au PAM de renforcer la coop\u00e9ration, \u00ab d\u2019identifier les priorit\u00e9s, de pr\u00e9voir des m\u00e9canismes de suivi et d\u2019\u00e9valuation et de chercher \u00e0 cr\u00e9er des partenariats tripartites incluant d\u2019autres parties \u00e0 travers des programmes visant \u00e0 faire face aux p\u00e9nuries alimentaires, notamment celles li\u00e9es aux d\u00e9fis du changement climatique, de la s\u00e9cheresse et de la d\u00e9sertification. \u00bb<br><br>Le m\u00e9morandum vise \u00e0 \u00ab pr\u00e9parer un plan d\u2019action participatif en accord avec le Programme alimentaire mondial (PAM) et \u00e0 allouer les fonds n\u00e9cessaires pour mettre en \u0153uvre son plan d\u2019action dans les zones d\u2019intervention dans les wilayas de l\u2019Assaba, du Guidimakha et du Hodh Chargui \u00bb.<br><br>Il s\u2019agit \u00e9galement de \u00ab d\u00e9finir le cadre g\u00e9n\u00e9ral du partenariat entre les deux parties, rechercher les opportunit\u00e9s de coop\u00e9ration et de cofinancement dans lesquelles le PAM peut jouer un r\u00f4le d\u00e9terminant dans la mise en \u0153uvre, faire le plaidoyer pour l\u2019obtention des fonds climatiques par le minist\u00e8re, et d\u00e9finir les proc\u00e9dures de dialogue et de coordination entre les deux parties \u00bb.<br><br>\u00ab La Mauritanie est l\u2019un des pays les plus vuln\u00e9rables dans le monde au changement climatique et \u00e0 la d\u00e9gradation des ressources naturelles, dont les effets affectent tous les secteurs de son \u00e9conomie, y compris les \u00e9cosyst\u00e8mes et la population, en particulier les femmes et les jeunes \u00bb, a d\u00e9clar\u00e9 le repr\u00e9sentant.<br><br>Pour sa part, la ministre mauritanienne a d\u00e9clar\u00e9 que cet accord vient \u00ab renforcer le partenariat enracin\u00e9 et am\u00e9liorera l\u2019action du gouvernement dans le domaine de la lutte contre le changement climatique et de l\u2019appui aux populations locales pour s\u2019adapter au changement climatique et r\u00e9sister aux fluctuations climatiques \u00bb.<br><br>Elle s\u2019est f\u00e9licit\u00e9e de la signature de ce m\u00e9morandum qui \u00ab renforce le partenariat entre la Mauritanie et le Programme Alimentaire Mondial (PAM) depuis 1967, le PAM faisant partie de la liste des programmes du syst\u00e8me des Nations Unies qui ont soutenu la Mauritanie \u00bb.<br><br>Elle a appel\u00e9 \u00e0 la mise en place d\u2019un \u00ab grand projet capable d\u2019appuyer les efforts dans le domaine de la lutte contre la d\u00e9gradation des terres et de renforcer les capacit\u00e9s techniques des d\u00e9l\u00e9gations r\u00e9gionales de l\u2019environnement et du d\u00e9veloppement durable ainsi que des antennes locales de l\u2019Agence nationale de la Grande Muraille verte \u00bb.<br><br><br><\/p>\n","protected":false},"excerpt":{"rendered":"<p>SAHARA MEDIAS &#8211; La Mauritanie a sign\u00e9 ce vendredi avec le Programme alimentaire mondial (PAM) un protocole d\u2019accord qui s\u2019inscrit dans le cadre de la coop\u00e9ration et du partenariat entre le minist\u00e8re de l\u2019Environnement et du D\u00e9veloppement durable et le PAM. Le protocole d\u2019accord a \u00e9t\u00e9 sign\u00e9 par la ministre de l\u2019environnement et du d\u00e9veloppement [&hellip;]<\/p>\n","protected":false},"author":2,"featured_media":60381,"comment_status":"open","ping_status":"open","sticky":false,"template":"","format":"standard","meta":{"footnotes":""},"categories":[1449],"tags":[],"class_list":["post-60380","post","type-post","status-publish","format-standard","has-post-thumbnail","hentry","category-national"],"_links":{"self":[{"href":"https:\/\/lestracesdelinfo.com\/index.php\/wp-json\/wp\/v2\/posts\/60380","targetHints":{"allow":["GET"]}}],"collection":[{"href":"https:\/\/lestracesdelinfo.com\/index.php\/wp-json\/wp\/v2\/posts"}],"about":[{"href":"https:\/\/lestracesdelinfo.com\/index.php\/wp-json\/wp\/v2\/types\/post"}],"author":[{"embeddable":true,"href":"https:\/\/lestracesdelinfo.com\/index.php\/wp-json\/wp\/v2\/users\/2"}],"replies":[{"embeddable":true,"href":"https:\/\/lestracesdelinfo.com\/index.php\/wp-json\/wp\/v2\/comments?post=60380"}],"version-history":[{"count":1,"href":"https:\/\/lestracesdelinfo.com\/index.php\/wp-json\/wp\/v2\/posts\/60380\/revisions"}],"predecessor-version":[{"id":60382,"href":"https:\/\/lestracesdelinfo.com\/index.php\/wp-json\/wp\/v2\/posts\/60380\/revisions\/60382"}],"wp:featuredmedia":[{"embeddable":true,"href":"https:\/\/lestracesdelinfo.com\/index.php\/wp-json\/wp\/v2\/media\/60381"}],"wp:attachment":[{"href":"https:\/\/lestracesdelinfo.com\/index.php\/wp-json\/wp\/v2\/media?parent=60380"}],"wp:term":[{"taxonomy":"category","embeddable":true,"href":"https:\/\/lestracesdelinfo.com\/index.php\/wp-json\/wp\/v2\/categories?post=60380"},{"taxonomy":"post_tag","embeddable":true,"href":"https:\/\/lestracesdelinfo.com\/index.php\/wp-json\/wp\/v2\/tags?post=60380"}],"curies":[{"name":"wp","href":"https:\/\/api.w.org\/{rel}","templated":true}]}}