{"id":60389,"date":"2025-01-19T11:10:33","date_gmt":"2025-01-19T11:10:33","guid":{"rendered":"https:\/\/lestracesdelinfo.com\/?p=60389"},"modified":"2025-01-19T11:10:37","modified_gmt":"2025-01-19T11:10:37","slug":"le-premier-ministre-supervise-la-signature-de-deux-conventions-de-partenariat-entre-le-ministere-de-la-formation-professionnelle-lunion-du-patronat-et-la-fondation-turque-waghf","status":"publish","type":"post","link":"https:\/\/lestracesdelinfo.com\/index.php\/2025\/01\/19\/le-premier-ministre-supervise-la-signature-de-deux-conventions-de-partenariat-entre-le-ministere-de-la-formation-professionnelle-lunion-du-patronat-et-la-fondation-turque-waghf\/","title":{"rendered":"Le Premier ministre supervise la signature de deux conventions de partenariat entre le minist\u00e8re de la formation professionnelle, l\u2019Union du patronat et la fondation turque Waghf"},"content":{"rendered":"\n<p>ami<\/p>\n\n\n\n<figure class=\"wp-block-image\"><a href=\"https:\/\/ami.mr\/fr\/wp-content\/uploads\/2025\/01\/pm-17-01-.jpg\"><img decoding=\"async\" src=\"https:\/\/ami.mr\/fr\/wp-content\/uploads\/2025\/01\/pm-17-01--750x430.jpg\" alt=\"\"\/><\/a><\/figure>\n\n\n\n<p>Son Excellence le Premier ministre, M. El Moctar Ould Djay, a pr\u00e9sid\u00e9, vendredi soir, \u00e0 l\u2019\u00c9cole de Formation Professionnelle des Travaux Publics de Riyad, wilaya de Nouakchott sud, dans le cadre de la cl\u00f4ture des journ\u00e9es ouvertes sur la formation professionnelle, sous le th\u00e8me \u201con construit aujourd\u2019hui les comp\u00e9tences de demain\u201d, la signature de deux conventions de partenariat entre le minist\u00e8re de la formation professionnelle, de l\u2019artisanat et des m\u00e9tiers, l\u2019union nationale du patronat mauritanien, et la fondation turque Waghf.<\/p>\n\n\n<div class=\"wp-block-image\">\n<figure class=\"alignleft\"><img decoding=\"async\" src=\"https:\/\/ami.mr\/fr\/wp-content\/uploads\/2025\/01\/3G7A0125-300x200.jpg\" alt=\"\" class=\"wp-image-263213\"\/><\/figure>\n<\/div>\n\n\n<p>La premi\u00e8re convention, sign\u00e9e par le ministre de la Formation Professionnelle, de l\u2019Artisanat et des M\u00e9tiers, M. Mohamed Maalainine Ould Eyih, et le Pr\u00e9sident de l\u2019Union Nationale du Patronat&nbsp;Mauritanien, M. Mohamed Zeine El Abidine Ould Cheikh Ahmed, vise \u00e0 actualiser p\u00e9riodiquement les diff\u00e9rentes fili\u00e8res de formation en fonction des exigences du march\u00e9 et b\u00e9n\u00e9ficiera cette ann\u00e9e \u00e0 6.000 jeunes.<\/p>\n\n\n\n<p>La deuxi\u00e8me convention, sign\u00e9e par l\u2019inspecteur g\u00e9n\u00e9ral du minist\u00e8re de la formation professionnelle, de l\u2019artisanat et des m\u00e9tiers, secr\u00e9taire g\u00e9n\u00e9ral par int\u00e9rim, M. Mohamed Ould Houweiria, et le pr\u00e9sident de l\u2019agence Turque Waghf tecnologie, vise la cr\u00e9ation d\u2019un centre de d\u00e9veloppement des comp\u00e9tences technologiques pour les jeunes d\u00e9nomm\u00e9 \u00ab Centre scientifique de Nouakchott \u00bb.<\/p>\n\n\n\n<p>Dans un discours prononc\u00e9 \u00e0 cette occasion, le ministre de la formation professionnelle, de l\u2019artisanat et des m\u00e9tiers a souhait\u00e9 la bienvenue \u00e0 l\u2019\u00c9cole de Formation Professionnelle des Travaux Publics de Riyad, \u201cune institution d\u00e9sormais embl\u00e9matique dans cette Moughataa\u201d qui \u201ct\u00e9moigne de l\u2019engagement du Pr\u00e9sident de la R\u00e9publique, Son Excellence Monsieur Mohamed Ould Cheikh El Ghazouani, envers les cat\u00e9gories vuln\u00e9rables et de son souci de leur offrir un acc\u00e8s aux meilleurs services\u201d, a-t-il dit.<\/p>\n\n\n\n<p>\u201cLe parrainage par Son Excellence de ces journ\u00e9es portes ouvertes d\u00e9di\u00e9es \u00e0 la formation professionnelle, et la mission qui vous a \u00e9t\u00e9 confi\u00e9e pour y assister personnellement, illustrent l\u2019importance que le Pr\u00e9sident accorde \u00e0 ce secteur, refl\u00e9t\u00e9e dans la place privil\u00e9gi\u00e9e qu\u2019occupe la formation professionnelle dans les politiques du gouvernement\u201d, a poursuivi le ministre de la formation professionnelle.<\/p>\n\n\n\n<p>Il a ajout\u00e9 qu\u2019il \u201cest particuli\u00e8rement r\u00e9jouissant de voir se rassembler, durant ces journ\u00e9es, un grand nombre de cadres des d\u00e9partements minist\u00e9riels, des repr\u00e9sentants des organisations professionnelles, des entreprises de divers secteurs de l\u2019\u00e9conomie nationale, ainsi que des partenaires techniques et financiers, des formateurs et des stagiaires. Ce rassemblement, dans une ambiance marqu\u00e9e par un dialogue sinc\u00e8re, vise \u00e0 \u00e9tablir un partenariat r\u00e9el pour faire progresser le syst\u00e8me national de formation professionnelle.<\/p>\n\n\n<div class=\"wp-block-image\">\n<figure class=\"alignleft\"><img decoding=\"async\" src=\"https:\/\/ami.mr\/fr\/wp-content\/uploads\/2025\/01\/3G7A0115-300x200.jpg\" alt=\"\" class=\"wp-image-263212\"\/><\/figure>\n<\/div>\n\n\n<p>Les r\u00e9sultats des diff\u00e9rents ateliers abordant l\u2019intensification et la diversification des opportunit\u00e9s de formation, l\u2019am\u00e9lioration de la qualit\u00e9 des offres et leur ad\u00e9quation<\/p>\n\n\n\n<p>avec les besoins du march\u00e9 de l\u2019emploi, notamment \u00e0 travers le d\u00e9veloppement de formations en partenariat avec les entreprises, sont particuli\u00e8rement encourageants\u201d.<\/p>\n\n\n\n<p>Le ministre a indiqu\u00e9 qu\u2019au niveau de l\u2019intensification et la diversification de l\u2019offre de formation, \u201cles progr\u00e8s r\u00e9alis\u00e9s en termes d\u2019\u00e9largissement et de diversification de l\u2019offre de formation sont impressionnants. Le nombre de places dans les \u00e9coles de formation professionnelle est pass\u00e9 de moins de 4 000 en 2018-2019 \u00e0 environ<\/p>\n\n\n\n<p>13 000 en 2023-2024. Une avanc\u00e9e significative a \u00e9galement \u00e9t\u00e9 enregistr\u00e9e au d\u00e9but du second mandat pr\u00e9sidentiel, avec une augmentation de pr\u00e8s de 40% pour atteindre plus de 19 000 places en 2024-2025. Cet accomplissement confirme que l\u2019objectif du programme Toumouhy (mon ambition) visant \u00e0 offrir 115 000 opportunit\u00e9s de formation aux jeunes Mauritaniens d\u2019ici 2030, est \u00e0 port\u00e9e de main\u201d.<\/p>\n\n\n\n<p>Pour atteindre cet objectif, plusieurs projets structurants \u00e9t\u00e9 lanc\u00e9s et d\u2019autres sont en cours de pr\u00e9paration, notamment :<\/p>\n\n\n\n<p>\u2013 La construction de l\u2019\u00c9cole des Mines, du P\u00e9trole et du Gaz, bient\u00f4t achev\u00e9e gr\u00e2ce \u00e0 des financements du gouvernement et \u00e0 l\u2019acquisition de ses \u00e9quipements via le projet DREAM financ\u00e9 par la Banque mondiale.<\/p>\n\n\n\n<p>\u2013 L\u2019extension et la r\u00e9habilitation du Centre Sup\u00e9rieur d\u2019Enseignement Technique (CSET) de Nouakchott et de l\u2019\u00c9cole de Formation Professionnelle de Rosso, financ\u00e9es par la banque allemande KFW.<\/p>\n\n\n\n<p>\u2013 La planification de l\u2019\u00c9cole des Technologies de l\u2019Information et de la Communication \u00e0 Nouadhibou.<\/p>\n\n\n\n<p>\u2013 La pr\u00e9paration du projet de l\u2019\u00c9cole de Formation Professionnelle de Kiffa, en coop\u00e9ration avec l\u2019Alg\u00e9rie.<\/p>\n\n\n\n<p>\u2013 La r\u00e9habilitation de l\u2019\u00c9cole de Formation Professionnelle Commerciale (anciennement Lyc\u00e9e Commercial) \u00e0 Nouakchott.<\/p>\n\n\n\n<p>\u2013 L\u2019extension et la modernisation de l\u2019\u00c9cole de Formation Professionnelle d\u2019Aleg, soutenues par la coop\u00e9ration espagnole.<\/p>\n\n\n\n<p>\u2013 La mobilisation de financements pour la cr\u00e9ation de deux p\u00f4les de formation professionnelle \u00e0 Dar Naim d\u2019une capacite de 1280sueges qui couvrent 34 sp\u00e9cialit\u00e9s en faveur de six secteurs \u00e9conomiques et l\u2019autre \u00e0 El Mina, d\u2019une capacit\u00e9 de 1220 si\u00e8ges en faveur de six secteurs \u00e9conomiques en partenariat avec la Banque Islamique de D\u00e9veloppement et le soutien technique du Maroc.<\/p>\n\n\n\n<p>Le ministre a poursuivi son discours en soulignant que, \u201cconcernant l\u2019am\u00e9lioration de la qualit\u00e9 de la formation, des ressources significatives ont \u00e9t\u00e9 mobilis\u00e9es, notamment une subvention de 15 millions de dollars accord\u00e9e par la GIZ et des contributions de l\u2019Agence Fran\u00e7aise de D\u00e9veloppement\u201d, ce qui permettra de :<\/p>\n\n\n\n<p>\u2013 Renouveler les \u00e9quipements de nombreuses \u00e9coles de formation professionnelle ;<\/p>\n\n\n\n<p>\u2013 Soumettre les \u00e9tablissements de formation aux normes ISO 21001 ;<\/p>\n\n\n\n<p>\u2013 Former les formateurs et renforcer les capacit\u00e9s d\u2019encadrements ;<\/p>\n\n\n\n<p>Il a ajout\u00e9 que la signature aujourd\u2019hui sur l\u2019accord de coop\u00e9ration avec l\u2019agence Turque Waghf tecnologie T3 \u201cpermettra la cr\u00e9ation d\u2019un centre de renforcement de la formation scientifique et technologique d\u2019encouragement de l\u2019innovation dans l\u2019enceinte du lyc\u00e9e technique de Nouakchott\u201d et qu\u2019un \u201d programme de partenariat avec l\u2019Union Nationale du Patronat Mauritanien a \u00e9t\u00e9 lanc\u00e9 pour identifier les besoins sp\u00e9cifiques en comp\u00e9tences et d\u00e9velopper des formations adapt\u00e9es. La premi\u00e8re phase de ce programme que vous allez superviser aujourd\u2019hui pr\u00e9voit la formation de 8 000 jeunes, dont 6 000 d\u00e8s cette ann\u00e9e. En outre, un programme visant \u00e0 renforcer les comportements civiques et la pr\u00e9paration physique des stagiaires est en cours dans les trois plus grandes \u00e9coles de formation professionnelle, en partenariat avec le minist\u00e8re de la D\u00e9fense et des anciens combattants.\u201d<\/p>\n\n\n\n<p>Il a conclu en disant que, \u201cmalgr\u00e9 ces avanc\u00e9es, les d\u00e9fis restent importants pour atteindre les objectifs fix\u00e9s, notamment avec les perspectives \u00e9conomiques prometteuses du pays. Cependant, nous sommes d\u00e9termin\u00e9s \u00e0 relever ces d\u00e9fis gr\u00e2ce \u00e0 une v\u00e9ritable collaboration entre le secteur public et priv\u00e9, comme en t\u00e9moigne cette initiative.<\/p>\n\n\n\n<p>En conclusion, je tiens \u00e0 remercier sinc\u00e8rement les diff\u00e9rents secteurs gouvernementaux partenaires, l\u2019Union Nationale du Patronat Mauritanien, ainsi que tous nos partenaires techniques et financiers.\u201d<\/p>\n\n\n\n<p>Pour sa part, le Pr\u00e9sident de l\u2019Union Nationale du Patronat Mauritanien a indiqu\u00e9 que l\u2019organisation de cette manifestation constitue une occasion pr\u00e9cieuse pour \u00e9changer les id\u00e9es et passer en revue les solutions pour relever les d\u00e9fis majeurs auxquels est confront\u00e9 le syst\u00e8me de formation professionnelle et technique, ce qui n\u00e9cessite de mettre l\u2019accent sur la qualification des jeunes et de leur fournir les comp\u00e9tences n\u00e9cessaires au march\u00e9 du travail.<\/p>\n\n\n\n<p>Il a ajout\u00e9 que l\u2019Union Nationale du Patronat Mauritanien appr\u00e9cie hautement cette initiative qualitative et les discussions fructueuses qui ont eu lieu au cours des diff\u00e9rents ateliers et les recommandations qui en ont d\u00e9coul\u00e9 pour le d\u00e9veloppement de la formation professionnelle et les d\u00e9fis qui se posent \u00e0 la pr\u00e9paration et au d\u00e9veloppement des comp\u00e9tences humaines.<\/p>\n\n\n\n<p>Il a indiqu\u00e9 que la r\u00e9alisation des objectifs recherch\u00e9s dans le cadre de la formation professionnelle n\u00e9cessite un partenariat \u00e9troit entre le gouvernement, les \u00e9tablissements d\u2019enseignement et de formation et le secteur priv\u00e9, soulignant que c\u2019est la passerelle pour assurer une meilleure ad\u00e9quation entre les programmes de formation et les besoins du march\u00e9 de l\u2019emploi.<\/p>\n\n\n\n<p>Pour sa part, le maire de Riadh, M. Abdallahi Ould Idriss, a salu\u00e9 les r\u00e9alisations accomplies dans le domaine de la formation professionnelle \u00e0 travers la place accord\u00e9e par le Pr\u00e9sident de la R\u00e9publique \u00e0 ce secteur et les moyens qu\u2019il a mis \u00e0 sa disposition, ce qui t\u00e9moigne de la priorit\u00e9 qu\u2019il accorde aux couches vuln\u00e9rables dont la solution r\u00e9side dans l\u2019\u00e9ducation et la formation en raison de leur r\u00f4le dans la lutte contre la pauvret\u00e9, la r\u00e9sorption du ch\u00f4mage et l\u2019\u00e9radication de la d\u00e9linquance chez les jeunes.<\/p>\n\n\n\n<p>Le pr\u00e9sident de la Fondation turque Waghf a soulign\u00e9 que la Mauritanie est le quatri\u00e8me pays avec lequel la Fondation a \u00e9tabli un partenariat dans le domaine de la formation, notant que cette coop\u00e9ration contribuera \u00e0 renforcer le rendement de la formation, de la num\u00e9risation et de la technologie et \u00e0 fournir des comp\u00e9tences importantes dans divers domaines.<\/p>\n\n\n\n<p>En marge de la c\u00e9r\u00e9monie, S.E le Premier ministre et la d\u00e9l\u00e9gation qui l\u2019accompagne ont visit\u00e9 les diff\u00e9rentes expositions qui se tiennent \u00e0 l\u2019\u00e9cole, o\u00f9 il a re\u00e7u des explications d\u00e9taill\u00e9es de la part des organisateurs des expositions auxquelles participent plusieurs institutions professionnelles.<\/p>\n\n\n\n<p>La c\u00e9r\u00e9monie s\u2019est d\u00e9roul\u00e9e en pr\u00e9sence dU ministre de la promotion de la jeunesse, de l\u2019emploi, des sports, et du service civique, M. Mohamed AbdallahI Ould Louly, du ministre de la fonction publique et du travail, M. Mohamed Ould Soueidatt, du ministre de l\u2019\u00e9nergie et du p\u00e9trole, M. Mohamed Ould Khaled, des autorit\u00e9s administratives, d\u2019un certain nombre de conseillers au Premier minist\u00e8re et des responsables des secteurs concern\u00e9s.<\/p>\n","protected":false},"excerpt":{"rendered":"<p>ami Son Excellence le Premier ministre, M. El Moctar Ould Djay, a pr\u00e9sid\u00e9, vendredi soir, \u00e0 l\u2019\u00c9cole de Formation Professionnelle des Travaux Publics de Riyad, wilaya de Nouakchott sud, dans le cadre de la cl\u00f4ture des journ\u00e9es ouvertes sur la formation professionnelle, sous le th\u00e8me \u201con construit aujourd\u2019hui les comp\u00e9tences de demain\u201d, la signature de [&hellip;]<\/p>\n","protected":false},"author":2,"featured_media":60390,"comment_status":"open","ping_status":"open","sticky":false,"template":"","format":"standard","meta":{"footnotes":""},"categories":[1449],"tags":[],"class_list":["post-60389","post","type-post","status-publish","format-standard","has-post-thumbnail","hentry","category-national"],"_links":{"self":[{"href":"https:\/\/lestracesdelinfo.com\/index.php\/wp-json\/wp\/v2\/posts\/60389","targetHints":{"allow":["GET"]}}],"collection":[{"href":"https:\/\/lestracesdelinfo.com\/index.php\/wp-json\/wp\/v2\/posts"}],"about":[{"href":"https:\/\/lestracesdelinfo.com\/index.php\/wp-json\/wp\/v2\/types\/post"}],"author":[{"embeddable":true,"href":"https:\/\/lestracesdelinfo.com\/index.php\/wp-json\/wp\/v2\/users\/2"}],"replies":[{"embeddable":true,"href":"https:\/\/lestracesdelinfo.com\/index.php\/wp-json\/wp\/v2\/comments?post=60389"}],"version-history":[{"count":1,"href":"https:\/\/lestracesdelinfo.com\/index.php\/wp-json\/wp\/v2\/posts\/60389\/revisions"}],"predecessor-version":[{"id":60391,"href":"https:\/\/lestracesdelinfo.com\/index.php\/wp-json\/wp\/v2\/posts\/60389\/revisions\/60391"}],"wp:featuredmedia":[{"embeddable":true,"href":"https:\/\/lestracesdelinfo.com\/index.php\/wp-json\/wp\/v2\/media\/60390"}],"wp:attachment":[{"href":"https:\/\/lestracesdelinfo.com\/index.php\/wp-json\/wp\/v2\/media?parent=60389"}],"wp:term":[{"taxonomy":"category","embeddable":true,"href":"https:\/\/lestracesdelinfo.com\/index.php\/wp-json\/wp\/v2\/categories?post=60389"},{"taxonomy":"post_tag","embeddable":true,"href":"https:\/\/lestracesdelinfo.com\/index.php\/wp-json\/wp\/v2\/tags?post=60389"}],"curies":[{"name":"wp","href":"https:\/\/api.w.org\/{rel}","templated":true}]}}