{"id":60451,"date":"2025-01-24T15:13:15","date_gmt":"2025-01-24T15:13:15","guid":{"rendered":"https:\/\/lestracesdelinfo.com\/?p=60451"},"modified":"2025-01-24T15:13:20","modified_gmt":"2025-01-24T15:13:20","slug":"le-premier-ministre-presente-a-lassemblee-nationale-le-bilan-de-laction-gouvernementale-2024-et-les-grandes-lignes-de-laction-pour-2025","status":"publish","type":"post","link":"https:\/\/lestracesdelinfo.com\/index.php\/2025\/01\/24\/le-premier-ministre-presente-a-lassemblee-nationale-le-bilan-de-laction-gouvernementale-2024-et-les-grandes-lignes-de-laction-pour-2025\/","title":{"rendered":"Le Premier ministre pr\u00e9sente \u00e0 l\u2019Assembl\u00e9e nationale le bilan de l\u2019action gouvernementale 2024 et les grandes lignes de l\u2019action pour 2025"},"content":{"rendered":"\n<figure class=\"wp-block-image\"><a href=\"https:\/\/ami.mr\/fr\/wp-content\/uploads\/2025\/01\/24-01-2025-51.jpg\"><img decoding=\"async\" src=\"https:\/\/ami.mr\/fr\/wp-content\/uploads\/2025\/01\/24-01-2025-51-750x430.jpg\" alt=\"\"\/><\/a><\/figure>\n\n\n\n<p><strong>Le Premier ministre, M. El Moctar Ould Djay <\/strong>a pr\u00e9sent\u00e9 vendredi matin \u00e0 Nouakchott, au cours d\u2019une s\u00e9ance pl\u00e9ni\u00e8re de l\u2019Assembl\u00e9e nationale, pr\u00e9sid\u00e9e par son pr\u00e9sident, M. Mohamed Bamba Meguett, en pr\u00e9sence des membres du gouvernement, le bilan g\u00e9n\u00e9ral des travaux du gouvernement au cours de l\u2019ann\u00e9e derni\u00e8re (2024) et les grandes lignes de ceux au cours de cette ann\u00e9e (2025).<\/p>\n\n\n\n<p>Ce rapport comprend les r\u00e9alisations accomplies et le plan d\u2019action du gouvernement mis en \u0153uvre, dans le cadre des axes du programme \u00e9lectoral \u00ab Mon Ambition pour la Nation \u00bb du Pr\u00e9sident de la R\u00e9publique, Son Excellence Monsieur Mohamed Ould Cheikh El Ghazouani.<\/p>\n\n\n\n<p>Il est pr\u00e9vu l\u2019organisation d\u2019une s\u00e9ance pl\u00e9ni\u00e8re dimanche prochain consacr\u00e9e aux r\u00e9ponses des questions des d\u00e9put\u00e9s apr\u00e8s leur \u00e9tude du rapport.<\/p>\n","protected":false},"excerpt":{"rendered":"<p>Le Premier ministre, M. El Moctar Ould Djay a pr\u00e9sent\u00e9 vendredi matin \u00e0 Nouakchott, au cours d\u2019une s\u00e9ance pl\u00e9ni\u00e8re de l\u2019Assembl\u00e9e nationale, pr\u00e9sid\u00e9e par son pr\u00e9sident, M. Mohamed Bamba Meguett, en pr\u00e9sence des membres du gouvernement, le bilan g\u00e9n\u00e9ral des travaux du gouvernement au cours de l\u2019ann\u00e9e derni\u00e8re (2024) et les grandes lignes de ceux [&hellip;]<\/p>\n","protected":false},"author":2,"featured_media":60452,"comment_status":"open","ping_status":"open","sticky":false,"template":"","format":"standard","meta":{"footnotes":""},"categories":[1449],"tags":[],"class_list":["post-60451","post","type-post","status-publish","format-standard","has-post-thumbnail","hentry","category-national"],"_links":{"self":[{"href":"https:\/\/lestracesdelinfo.com\/index.php\/wp-json\/wp\/v2\/posts\/60451","targetHints":{"allow":["GET"]}}],"collection":[{"href":"https:\/\/lestracesdelinfo.com\/index.php\/wp-json\/wp\/v2\/posts"}],"about":[{"href":"https:\/\/lestracesdelinfo.com\/index.php\/wp-json\/wp\/v2\/types\/post"}],"author":[{"embeddable":true,"href":"https:\/\/lestracesdelinfo.com\/index.php\/wp-json\/wp\/v2\/users\/2"}],"replies":[{"embeddable":true,"href":"https:\/\/lestracesdelinfo.com\/index.php\/wp-json\/wp\/v2\/comments?post=60451"}],"version-history":[{"count":1,"href":"https:\/\/lestracesdelinfo.com\/index.php\/wp-json\/wp\/v2\/posts\/60451\/revisions"}],"predecessor-version":[{"id":60453,"href":"https:\/\/lestracesdelinfo.com\/index.php\/wp-json\/wp\/v2\/posts\/60451\/revisions\/60453"}],"wp:featuredmedia":[{"embeddable":true,"href":"https:\/\/lestracesdelinfo.com\/index.php\/wp-json\/wp\/v2\/media\/60452"}],"wp:attachment":[{"href":"https:\/\/lestracesdelinfo.com\/index.php\/wp-json\/wp\/v2\/media?parent=60451"}],"wp:term":[{"taxonomy":"category","embeddable":true,"href":"https:\/\/lestracesdelinfo.com\/index.php\/wp-json\/wp\/v2\/categories?post=60451"},{"taxonomy":"post_tag","embeddable":true,"href":"https:\/\/lestracesdelinfo.com\/index.php\/wp-json\/wp\/v2\/tags?post=60451"}],"curies":[{"name":"wp","href":"https:\/\/api.w.org\/{rel}","templated":true}]}}