{"id":60470,"date":"2025-01-25T08:24:37","date_gmt":"2025-01-25T08:24:37","guid":{"rendered":"https:\/\/lestracesdelinfo.com\/?p=60470"},"modified":"2025-01-25T08:24:40","modified_gmt":"2025-01-25T08:24:40","slug":"ould-ghazouani-procede-a-plusieurs-changements-dans-les-rangs-des-ambassadeurs-mauritaniens","status":"publish","type":"post","link":"https:\/\/lestracesdelinfo.com\/index.php\/2025\/01\/25\/ould-ghazouani-procede-a-plusieurs-changements-dans-les-rangs-des-ambassadeurs-mauritaniens\/","title":{"rendered":"\u00a0Ould Ghazouani proc\u00e8de \u00e0 plusieurs changements dans les rangs des ambassadeurs mauritaniens"},"content":{"rendered":"\n<figure class=\"wp-block-image size-full\"><img loading=\"lazy\" decoding=\"async\" width=\"485\" height=\"360\" src=\"https:\/\/lestracesdelinfo.com\/wp-content\/uploads\/2025\/01\/image-13.png\" alt=\"\" class=\"wp-image-60471\" srcset=\"https:\/\/lestracesdelinfo.com\/wp-content\/uploads\/2025\/01\/image-13.png 485w, https:\/\/lestracesdelinfo.com\/wp-content\/uploads\/2025\/01\/image-13-300x223.png 300w\" sizes=\"auto, (max-width: 485px) 100vw, 485px\" \/><\/figure>\n\n\n\n<p>MADAR &#8211; Le pr\u00e9sident mauritanien Mohamed Ould Ghazouani a proc\u00e9d\u00e9 vendredi \u00e0 des changements dans les rangs des ambassadeurs mauritaniens.<br><br>Ces changements diplomatiques font suite au d\u00e9part \u00e0 la retraite d\u2019un certain nombre d\u2019ambassadeurs mauritaniens. Selon les m\u00e9dias locaux, l\u2019ambassadeur de Mauritanie en Libye, Mohamed Ould Babana, a \u00e9t\u00e9 transf\u00e9r\u00e9 \u00e0 l\u2019ambassade de Mauritanie au Qatar.<br><br>L\u2019ambassadeur de Mauritanie \u00e0 Addis-Abeba et d\u00e9l\u00e9gu\u00e9 aupr\u00e8s de l\u2019Union africaine a \u00e9t\u00e9 nomm\u00e9 ambassadeur en Italie.<br><br>L\u2019ambassadeur de Mauritanie en Guin\u00e9e-Bissau, Ahmed Ould Bousseif, a \u00e9t\u00e9 nomm\u00e9 ambassadeur de Mauritanie au Br\u00e9sil, et l\u2019ancien d\u00e9l\u00e9gu\u00e9 de TAAZOUR, Mohamed Aly Sid Mohamed, a \u00e9t\u00e9 nomm\u00e9 ambassadeur de Mauritanie au S\u00e9n\u00e9gal.<br><br>Les ambassades concern\u00e9es sont :<br><br>\u2013 Ambassadeur au S\u00e9n\u00e9gal, Mohamed Ali Ould Sidi Mohamed<br><br>\u2013 Ambassadeur en Guin\u00e9e-Bissau, Ahmadit Ould Chein<br><br>\u2013 Ambassadeur en Russie, Sidaty Ould Ahmed Aish<br><br>\u2013 Ambassadrice au Canada, Niang Djibril<br><br>\u2013 Ambassadeur au Qatar, Mohamed Ould Babana<br><br>\u2013 Ambassadeur en Inde, Ahmedou Ould Ahmedou<br><br>\u2013 Ambassadeur au Japon, Abdellahi Ould Kabd<br><br>\u2013 Ambassadeur au Br\u00e9sil, Ahmed Ould Bousseif<br><br>\u2013 Ambassadeur au Nigeria, Ba Abdullah<br><br>\u2013 L\u2019ambassadeur d\u2019Allemagne en Syrie, Lemana Ould Moujtaba<br><br>\u2013 Ambassadeur en Libye, Wedadi Ould Sidi Haiba<br><br>\u2013 Ambassadeur au Niger, Jar Inallah<br><br>\u2013 Ambassadeur en Afrique du Sud, Am\u00e9di Kamara<br><br>\u2013 Ambassadrice en Italie, Khadija Mint Mbarek Fall<br><br>\u2013 Ambassadeur en Ethiopie et aupr\u00e8s de l\u2019Union Africaine, Taleb Khyar Ould Abdi Salem<br><br>\u2013 Consul G\u00e9n\u00e9ral \u00e0 Las Palmas, Baba Ould Sid Ahmed<br><br>\u2013 Consule G\u00e9n\u00e9rale \u00e0 Casablanca, Mariem Mint Owfa<\/p>\n","protected":false},"excerpt":{"rendered":"<p>MADAR &#8211; Le pr\u00e9sident mauritanien Mohamed Ould Ghazouani a proc\u00e9d\u00e9 vendredi \u00e0 des changements dans les rangs des ambassadeurs mauritaniens. Ces changements diplomatiques font suite au d\u00e9part \u00e0 la retraite d\u2019un certain nombre d\u2019ambassadeurs mauritaniens. Selon les m\u00e9dias locaux, l\u2019ambassadeur de Mauritanie en Libye, Mohamed Ould Babana, a \u00e9t\u00e9 transf\u00e9r\u00e9 \u00e0 l\u2019ambassade de Mauritanie au [&hellip;]<\/p>\n","protected":false},"author":2,"featured_media":60472,"comment_status":"open","ping_status":"open","sticky":false,"template":"","format":"standard","meta":{"footnotes":""},"categories":[1449],"tags":[],"class_list":["post-60470","post","type-post","status-publish","format-standard","has-post-thumbnail","hentry","category-national"],"_links":{"self":[{"href":"https:\/\/lestracesdelinfo.com\/index.php\/wp-json\/wp\/v2\/posts\/60470","targetHints":{"allow":["GET"]}}],"collection":[{"href":"https:\/\/lestracesdelinfo.com\/index.php\/wp-json\/wp\/v2\/posts"}],"about":[{"href":"https:\/\/lestracesdelinfo.com\/index.php\/wp-json\/wp\/v2\/types\/post"}],"author":[{"embeddable":true,"href":"https:\/\/lestracesdelinfo.com\/index.php\/wp-json\/wp\/v2\/users\/2"}],"replies":[{"embeddable":true,"href":"https:\/\/lestracesdelinfo.com\/index.php\/wp-json\/wp\/v2\/comments?post=60470"}],"version-history":[{"count":1,"href":"https:\/\/lestracesdelinfo.com\/index.php\/wp-json\/wp\/v2\/posts\/60470\/revisions"}],"predecessor-version":[{"id":60473,"href":"https:\/\/lestracesdelinfo.com\/index.php\/wp-json\/wp\/v2\/posts\/60470\/revisions\/60473"}],"wp:featuredmedia":[{"embeddable":true,"href":"https:\/\/lestracesdelinfo.com\/index.php\/wp-json\/wp\/v2\/media\/60472"}],"wp:attachment":[{"href":"https:\/\/lestracesdelinfo.com\/index.php\/wp-json\/wp\/v2\/media?parent=60470"}],"wp:term":[{"taxonomy":"category","embeddable":true,"href":"https:\/\/lestracesdelinfo.com\/index.php\/wp-json\/wp\/v2\/categories?post=60470"},{"taxonomy":"post_tag","embeddable":true,"href":"https:\/\/lestracesdelinfo.com\/index.php\/wp-json\/wp\/v2\/tags?post=60470"}],"curies":[{"name":"wp","href":"https:\/\/api.w.org\/{rel}","templated":true}]}}