{"id":60477,"date":"2025-01-26T09:46:24","date_gmt":"2025-01-26T09:46:24","guid":{"rendered":"https:\/\/lestracesdelinfo.com\/?p=60477"},"modified":"2025-01-26T09:46:29","modified_gmt":"2025-01-26T09:46:29","slug":"le-president-de-la-republique-president-en-exercice-lomvs-envoie-un-message-special-au-president-du-senegal","status":"publish","type":"post","link":"https:\/\/lestracesdelinfo.com\/index.php\/2025\/01\/26\/le-president-de-la-republique-president-en-exercice-lomvs-envoie-un-message-special-au-president-du-senegal\/","title":{"rendered":"Le Pr\u00e9sident de la R\u00e9publique, pr\u00e9sident en exercice l\u2019OMVS envoie un message sp\u00e9cial au Pr\u00e9sident du S\u00e9n\u00e9gal"},"content":{"rendered":"\n<figure class=\"wp-block-image\"><a href=\"https:\/\/ami.mr\/fr\/wp-content\/uploads\/2025\/01\/25-01-2025-002.jpg\"><img decoding=\"async\" src=\"https:\/\/ami.mr\/fr\/wp-content\/uploads\/2025\/01\/25-01-2025-002-750x430.jpg\" alt=\"\"\/><\/a><\/figure>\n\n\n\n<p>Le Haut-Commissaire de l\u2019Organisation de la mise en valeur du Fleuve S\u00e9n\u00e9gal (OMVS), Mohamed Ould Abdel Vettah, en sa qualit\u00e9 d\u2019envoy\u00e9 sp\u00e9cial de Son Excellence le Pr\u00e9sident de la R\u00e9publique, Pr\u00e9sident en exercice l\u2019OMVS, M. Mohamed Ould Cheikh El Ghazouani, a remis un message sp\u00e9cial de Son Excellence le Pr\u00e9sident de la R\u00e9publique \u00e0 Son Excellence Bassirou Diomaye Faye, Pr\u00e9sident de la R\u00e9publique du S\u00e9n\u00e9gal, au cours d\u2019une audience qu\u2019il lui a accord\u00e9e vendredi \u00e0 Dakar.<\/p>\n\n\n\n<p>Son Excellence le Pr\u00e9sident de la R\u00e9publique, Pr\u00e9sident en exercice de l\u2019Organisation de la mise en valeur du Fleuve S\u00e9n\u00e9gal (OMVS), a d\u00e9p\u00each\u00e9 le Haut-Commissaire de l\u2019OMVS aupr\u00e8s des Chefs d\u2019Etat des pays membres de l\u2019organisation avec des messages sp\u00e9ciaux, \u00e0 commencer par une rencontre mardi (21 janvier 2025) avec le G\u00e9n\u00e9ral Assimi Go\u00efta, Pr\u00e9sident de la Transition et Chef d\u2019Etat de la R\u00e9publique du Mali, puis avec le Pr\u00e9sident guin\u00e9en, le G\u00e9n\u00e9ral Mamadi Doumbouya.<\/p>\n\n\n\n<p>Cette mission s\u2019inscrit dans le cadre des priorit\u00e9s de S.E. le Pr\u00e9sident de la R\u00e9publique, qui assure la pr\u00e9sidence tournante de l\u2019OMVS, visant \u00e0 renforcer la concertation et la coop\u00e9ration afin de promouvoir le d\u00e9veloppement des \u00c9tats membres et de coordonner leurs efforts pour faire face aux d\u00e9fis du d\u00e9veloppement et au changement climatique dans la r\u00e9gion.<\/p>\n\n\n\n<p>AMI<\/p>\n\n\n\n<p><a href=\"https:\/\/www.facebook.com\/sharer\/sharer.php?u=https%3A%2F%2Fami.mr%2Ffr%2Farchives%2F263677\" rel=\"noreferrer noopener\" target=\"_blank\"><\/a><a href=\"https:\/\/twitter.com\/intent\/tweet?text=Le%20Pr%C3%A9sident%20de%20la%20R%C3%A9publique%2C%20pr%C3%A9sident%20en%20exercice%20l%E2%80%99OMVS%20envoie%20un%20message%20sp%C3%A9cial%20au%20Pr%C3%A9sident%20du%20S%C3%A9n%C3%A9gal&amp;url=https%3A%2F%2Fami.mr%2Ffr%2Farchives%2F263677\" rel=\"noreferrer noopener\" target=\"_blank\"><\/a><a href=\"https:\/\/api.whatsapp.com\/send?text=Le%20Pr%C3%A9sident%20de%20la%20R%C3%A9publique%2C%20pr%C3%A9sident%20en%20exercice%20l%E2%80%99OMVS%20envoie%20un%20message%20sp%C3%A9cial%20au%20Pr%C3%A9sident%20du%20S%C3%A9n%C3%A9gal%20https%3A%2F%2Fami.mr%2Ffr%2Farchives%2F263677\" rel=\"noreferrer noopener\" target=\"_blank\"><\/a><a href=\"https:\/\/www.instagram.com\/\" rel=\"noreferrer noopener\" target=\"_blank\"><\/a><a href=\"https:\/\/ami.mr\/fr\/archives\/263677\"><\/a><\/p>\n","protected":false},"excerpt":{"rendered":"<p>Le Haut-Commissaire de l\u2019Organisation de la mise en valeur du Fleuve S\u00e9n\u00e9gal (OMVS), Mohamed Ould Abdel Vettah, en sa qualit\u00e9 d\u2019envoy\u00e9 sp\u00e9cial de Son Excellence le Pr\u00e9sident de la R\u00e9publique, Pr\u00e9sident en exercice l\u2019OMVS, M. Mohamed Ould Cheikh El Ghazouani, a remis un message sp\u00e9cial de Son Excellence le Pr\u00e9sident de la R\u00e9publique \u00e0 Son [&hellip;]<\/p>\n","protected":false},"author":2,"featured_media":60478,"comment_status":"open","ping_status":"open","sticky":false,"template":"","format":"standard","meta":{"footnotes":""},"categories":[1449],"tags":[],"class_list":["post-60477","post","type-post","status-publish","format-standard","has-post-thumbnail","hentry","category-national"],"_links":{"self":[{"href":"https:\/\/lestracesdelinfo.com\/index.php\/wp-json\/wp\/v2\/posts\/60477","targetHints":{"allow":["GET"]}}],"collection":[{"href":"https:\/\/lestracesdelinfo.com\/index.php\/wp-json\/wp\/v2\/posts"}],"about":[{"href":"https:\/\/lestracesdelinfo.com\/index.php\/wp-json\/wp\/v2\/types\/post"}],"author":[{"embeddable":true,"href":"https:\/\/lestracesdelinfo.com\/index.php\/wp-json\/wp\/v2\/users\/2"}],"replies":[{"embeddable":true,"href":"https:\/\/lestracesdelinfo.com\/index.php\/wp-json\/wp\/v2\/comments?post=60477"}],"version-history":[{"count":1,"href":"https:\/\/lestracesdelinfo.com\/index.php\/wp-json\/wp\/v2\/posts\/60477\/revisions"}],"predecessor-version":[{"id":60479,"href":"https:\/\/lestracesdelinfo.com\/index.php\/wp-json\/wp\/v2\/posts\/60477\/revisions\/60479"}],"wp:featuredmedia":[{"embeddable":true,"href":"https:\/\/lestracesdelinfo.com\/index.php\/wp-json\/wp\/v2\/media\/60478"}],"wp:attachment":[{"href":"https:\/\/lestracesdelinfo.com\/index.php\/wp-json\/wp\/v2\/media?parent=60477"}],"wp:term":[{"taxonomy":"category","embeddable":true,"href":"https:\/\/lestracesdelinfo.com\/index.php\/wp-json\/wp\/v2\/categories?post=60477"},{"taxonomy":"post_tag","embeddable":true,"href":"https:\/\/lestracesdelinfo.com\/index.php\/wp-json\/wp\/v2\/tags?post=60477"}],"curies":[{"name":"wp","href":"https:\/\/api.w.org\/{rel}","templated":true}]}}