{"id":60504,"date":"2025-01-29T00:00:51","date_gmt":"2025-01-29T00:00:51","guid":{"rendered":"https:\/\/lestracesdelinfo.com\/?p=60504"},"modified":"2025-01-29T00:01:42","modified_gmt":"2025-01-29T00:01:42","slug":"60504","status":"publish","type":"post","link":"https:\/\/lestracesdelinfo.com\/index.php\/2025\/01\/29\/60504\/","title":{"rendered":"Avion pr\u00e9sidentiel : Le Boeing pr\u00e9sidentiel reprend les airs!"},"content":{"rendered":"\n<p>Avion pr\u00e9sidentiel : Le Boeing pr\u00e9sidentiel reprend les airs!<\/p>\n\n\n\n<figure class=\"wp-block-image size-full\"><img loading=\"lazy\" decoding=\"async\" width=\"780\" height=\"377\" src=\"https:\/\/lestracesdelinfo.com\/wp-content\/uploads\/2025\/01\/image-15.png\" alt=\"\" class=\"wp-image-60505\" srcset=\"https:\/\/lestracesdelinfo.com\/wp-content\/uploads\/2025\/01\/image-15.png 780w, https:\/\/lestracesdelinfo.com\/wp-content\/uploads\/2025\/01\/image-15-300x145.png 300w, https:\/\/lestracesdelinfo.com\/wp-content\/uploads\/2025\/01\/image-15-768x371.png 768w\" sizes=\"auto, (max-width: 780px) 100vw, 780px\" \/><\/figure>\n\n\n\n<p>La D\u00e9p\u00eache &#8211; L\u2019avion pr\u00e9sidentiel, en r\u00e9vision technique depuis quelques semaines \u00e0 l\u2019\u00e9tranger, a repris les airs \u00e0 l\u2019occasion du voyage du pr\u00e9sident de la R\u00e9publique, Mohamed Ould Ghazouani, et sa d\u00e9l\u00e9gation d\u2019accompagnement \u00e0 destination de Dar Essalam, en Tanzanie.<br><br>L\u2019avion de type \u00ab Boeing Bussiness Jet 737 \u00bb, avait \u00e9t\u00e9 acquis, il y a une ann\u00e9e, en f\u00e9vrier 2023 aupr\u00e8s des \u00c9mirats arabes unis. Les travaux de r\u00e9vision ont port\u00e9 sur sa maintenance mais aussi sur de nouvelles options de confort pour ses utilisateurs.<br><br>Depuis son d\u00e9part en r\u00e9vision, les voyages pr\u00e9sidentiels notamment pour les missions de l\u2019Ua \u00e9taient assur\u00e9s par le recours \u00e0 des jets priv\u00e9s.<br><br>Contrairement \u00e0 des rumeurs colport\u00e9es, l\u2019avion \u00e9tait sur le tarmac de Nouakchott avant le d\u00e9collage du pr\u00e9sident et de sa d\u00e9l\u00e9gation en direction de la Tanzanie pour prendre part au Sommet africain de l\u2019\u00e9nergie.<\/p>\n","protected":false},"excerpt":{"rendered":"<p>Avion pr\u00e9sidentiel : Le Boeing pr\u00e9sidentiel reprend les airs! La D\u00e9p\u00eache &#8211; L\u2019avion pr\u00e9sidentiel, en r\u00e9vision technique depuis quelques semaines \u00e0 l\u2019\u00e9tranger, a repris les airs \u00e0 l\u2019occasion du voyage du pr\u00e9sident de la R\u00e9publique, Mohamed Ould Ghazouani, et sa d\u00e9l\u00e9gation d\u2019accompagnement \u00e0 destination de Dar Essalam, en Tanzanie. L\u2019avion de type \u00ab Boeing Bussiness [&hellip;]<\/p>\n","protected":false},"author":2,"featured_media":60506,"comment_status":"open","ping_status":"open","sticky":false,"template":"","format":"standard","meta":{"footnotes":""},"categories":[1449],"tags":[],"class_list":["post-60504","post","type-post","status-publish","format-standard","has-post-thumbnail","hentry","category-national"],"_links":{"self":[{"href":"https:\/\/lestracesdelinfo.com\/index.php\/wp-json\/wp\/v2\/posts\/60504","targetHints":{"allow":["GET"]}}],"collection":[{"href":"https:\/\/lestracesdelinfo.com\/index.php\/wp-json\/wp\/v2\/posts"}],"about":[{"href":"https:\/\/lestracesdelinfo.com\/index.php\/wp-json\/wp\/v2\/types\/post"}],"author":[{"embeddable":true,"href":"https:\/\/lestracesdelinfo.com\/index.php\/wp-json\/wp\/v2\/users\/2"}],"replies":[{"embeddable":true,"href":"https:\/\/lestracesdelinfo.com\/index.php\/wp-json\/wp\/v2\/comments?post=60504"}],"version-history":[{"count":2,"href":"https:\/\/lestracesdelinfo.com\/index.php\/wp-json\/wp\/v2\/posts\/60504\/revisions"}],"predecessor-version":[{"id":60508,"href":"https:\/\/lestracesdelinfo.com\/index.php\/wp-json\/wp\/v2\/posts\/60504\/revisions\/60508"}],"wp:featuredmedia":[{"embeddable":true,"href":"https:\/\/lestracesdelinfo.com\/index.php\/wp-json\/wp\/v2\/media\/60506"}],"wp:attachment":[{"href":"https:\/\/lestracesdelinfo.com\/index.php\/wp-json\/wp\/v2\/media?parent=60504"}],"wp:term":[{"taxonomy":"category","embeddable":true,"href":"https:\/\/lestracesdelinfo.com\/index.php\/wp-json\/wp\/v2\/categories?post=60504"},{"taxonomy":"post_tag","embeddable":true,"href":"https:\/\/lestracesdelinfo.com\/index.php\/wp-json\/wp\/v2\/tags?post=60504"}],"curies":[{"name":"wp","href":"https:\/\/api.w.org\/{rel}","templated":true}]}}