{"id":60569,"date":"2025-02-06T07:28:56","date_gmt":"2025-02-06T07:28:56","guid":{"rendered":"https:\/\/lestracesdelinfo.com\/?p=60569"},"modified":"2025-02-06T07:32:04","modified_gmt":"2025-02-06T07:32:04","slug":"fin-dune-session-de-formation-sur-la-photographie-organisee-par-la-hapa","status":"publish","type":"post","link":"https:\/\/lestracesdelinfo.com\/index.php\/2025\/02\/06\/fin-dune-session-de-formation-sur-la-photographie-organisee-par-la-hapa\/","title":{"rendered":"Fin d\u2019une session de formation sur la photographie organis\u00e9e par la HAPA"},"content":{"rendered":"\n<p>ami<\/p>\n\n\n\n<figure class=\"wp-block-image\"><a href=\"https:\/\/ami.mr\/fr\/wp-content\/uploads\/2025\/02\/%D8%A7%D9%84%D9%87%D8%A7%D8%A8%D8%A7.jpg\"><img decoding=\"async\" src=\"https:\/\/ami.mr\/fr\/wp-content\/uploads\/2025\/02\/%D8%A7%D9%84%D9%87%D8%A7%D8%A8%D8%A7-750x430.jpg\" alt=\"\"\/><\/a><\/figure>\n\n\n\n<p>Une formation organis\u00e9e par la Haute Autorit\u00e9 de la Presse et de l\u2019Audiovisuel (HAPA) en collaboration avec l\u2019Ambassade des Etats-Unis, sous le titre : \u201cLa Photographie : Rapporter les faits, documenter l\u2019actualit\u00e9 et construire des ponts\u201d.<\/p>\n\n\n\n<p>Dix-huit participants repr\u00e9sentant diverses organisations nationales de m\u00e9dias ont b\u00e9n\u00e9fici\u00e9 de ce cours, au cours duquel ils ont re\u00e7u une formation intensive sur l\u2019utilisation de la photographie comme moyen efficace de transmettre des faits et de documenter des \u00e9v\u00e9nements, ainsi que sur son r\u00f4le dans la promotion de la compr\u00e9hension et la construction de ponts entre les cultures.<\/p>\n\n\n\n<p>Dans une allocution prononc\u00e9e \u00e0 cette occasion, le secr\u00e9taire g\u00e9n\u00e9ral de la Haute autorit\u00e9 de la presse et de l\u2019audiovisuel, M. Laghdaf Ould Khay, a d\u00e9clar\u00e9 que ce stage s\u2019inscrit dans le cadre de la mise en \u0153uvre des missions et engagements de la Haute autorit\u00e9 de la presse et de l\u2019audiovisuel, qui vise \u00e0 r\u00e9guler la sc\u00e8ne m\u00e9diatique nationale, \u00e0 garantir la libert\u00e9 de communication et d\u2019expression dans le cadre du respect des valeurs et des lois r\u00e9gissant les m\u00e9dias, ainsi qu\u2019\u00e0 renforcer les capacit\u00e9s des journalistes et \u00e0 d\u00e9velopper leurs comp\u00e9tences professionnelles \u00e0 travers des formations sp\u00e9cialis\u00e9es, afin de doter les professionnels des m\u00e9dias d\u2019outils d\u2019autocontr\u00f4le pr\u00e9ventifs fond\u00e9s sur l\u2019expertise, l\u2019exp\u00e9rience et la formation.<\/p>\n\n\n\n<p>Il a ajout\u00e9 que la Haute Autorit\u00e9 de la Presse et de l\u2019Audiovisuel, dans le cadre de sa strat\u00e9gie visant \u00e0 renforcer l\u2019autocontr\u00f4le pr\u00e9ventif des professionnels des m\u00e9dias, poursuivra ses efforts en mati\u00e8re de qualification et d\u2019habilitation professionnelles, en intensifiant et en diversifiant les formations, afin de servir le d\u00e9veloppement de la sc\u00e8ne m\u00e9diatique dans notre pays.<\/p>\n\n\n\n<p>Le Secr\u00e9taire g\u00e9n\u00e9ral a remerci\u00e9 l\u2019Ambassade des Etats-Unis d\u2019Am\u00e9rique \u00e0 Nouakchott pour avoir soutenu cette formation et l\u2019avoir promue de mani\u00e8re \u00e0 contribuer \u00e0 la r\u00e9alisation des objectifs communs en mati\u00e8re de consolidation du professionnalisme des m\u00e9dias, de garantie de la qualit\u00e9 du contenu et de renforcement des capacit\u00e9s des journalistes et des photographes.<\/p>\n\n\n\n<p>Pour sa part, le charg\u00e9 des relations publiques \u00e0 l\u2019ambassade des Etats-Unis \u00e0 Nouakchott a d\u00e9clar\u00e9 qu\u2019il \u00e9tait heureux de participer \u00e0 la conclusion de ce cours important, qui refl\u00e8te l\u2019engagement commun \u00e0 d\u00e9velopper les comp\u00e9tences des professionnels des m\u00e9dias et \u00e0 promouvoir la libert\u00e9 de la presse.<\/p>\n\n\n\n<p>Il a d\u00e9clar\u00e9 que la coop\u00e9ration fructueuse entre l\u2019ambassade et les organisateurs a jou\u00e9 un r\u00f4le essentiel dans la r\u00e9ussite de ce cours visant \u00e0 permettre aux journalistes d\u2019utiliser les outils photographiques pour rendre compte des faits de mani\u00e8re objective et professionnelle.<\/p>\n\n\n\n<p>Il a soulign\u00e9 que l\u2019image a un r\u00f4le ind\u00e9niable dans le journalisme, notant qu\u2019il ne s\u2019agit pas seulement d\u2019un instantan\u00e9 visuel mais d\u2019un r\u00e9cit d\u2019actualit\u00e9 qui se lit sans mots, car il refl\u00e8te la v\u00e9rit\u00e9 et transmet les \u00e9v\u00e9nements avec pr\u00e9cision et rapidit\u00e9 dans un monde o\u00f9 les nouvelles sont acc\u00e9l\u00e9r\u00e9es et o\u00f9 l\u2019image de presse joue un r\u00f4le cl\u00e9 dans la communication de l\u2019information au public.<\/p>\n\n\n\n<p>Des membres du Conseil sup\u00e9rieur de la presse et de l\u2019audiovisuel ont assist\u00e9 \u00e0 la c\u00e9r\u00e9monie de cl\u00f4ture de cette formation.<\/p>\n\n\n\n<p><a href=\"https:\/\/www.facebook.com\/sharer\/sharer.php?u=https%3A%2F%2Fami.mr%2Ffr%2Farchives%2F264454\" rel=\"noreferrer noopener\" target=\"_blank\"><\/a><a href=\"https:\/\/twitter.com\/intent\/tweet?text=Fin%20d%27une%20session%20de%20formation%20sur%20la%20photographie%20organis%C3%A9e%20par%20la%20HAPA&amp;url=https%3A%2F%2Fami.mr%2Ffr%2Farchives%2F264454\" rel=\"noreferrer noopener\" target=\"_blank\"><\/a><a href=\"https:\/\/api.whatsapp.com\/send?text=Fin%20d%27une%20session%20de%20formation%20sur%20la%20photographie%20organis%C3%A9e%20par%20la%20HAPA%20https%3A%2F%2Fami.mr%2Ffr%2Farchives%2F264454\" rel=\"noreferrer noopener\" target=\"_blank\"><\/a><a href=\"https:\/\/www.instagram.com\/\" rel=\"noreferrer noopener\" target=\"_blank\"><\/a><a href=\"https:\/\/ami.mr\/fr\/archives\/264454\"><\/a><\/p>\n","protected":false},"excerpt":{"rendered":"<p>ami Une formation organis\u00e9e par la Haute Autorit\u00e9 de la Presse et de l\u2019Audiovisuel (HAPA) en collaboration avec l\u2019Ambassade des Etats-Unis, sous le titre : \u201cLa Photographie : Rapporter les faits, documenter l\u2019actualit\u00e9 et construire des ponts\u201d. Dix-huit participants repr\u00e9sentant diverses organisations nationales de m\u00e9dias ont b\u00e9n\u00e9fici\u00e9 de ce cours, au cours duquel ils ont [&hellip;]<\/p>\n","protected":false},"author":2,"featured_media":60570,"comment_status":"open","ping_status":"open","sticky":false,"template":"","format":"standard","meta":{"footnotes":""},"categories":[1447],"tags":[],"class_list":["post-60569","post","type-post","status-publish","format-standard","has-post-thumbnail","hentry","category-afrique"],"_links":{"self":[{"href":"https:\/\/lestracesdelinfo.com\/index.php\/wp-json\/wp\/v2\/posts\/60569","targetHints":{"allow":["GET"]}}],"collection":[{"href":"https:\/\/lestracesdelinfo.com\/index.php\/wp-json\/wp\/v2\/posts"}],"about":[{"href":"https:\/\/lestracesdelinfo.com\/index.php\/wp-json\/wp\/v2\/types\/post"}],"author":[{"embeddable":true,"href":"https:\/\/lestracesdelinfo.com\/index.php\/wp-json\/wp\/v2\/users\/2"}],"replies":[{"embeddable":true,"href":"https:\/\/lestracesdelinfo.com\/index.php\/wp-json\/wp\/v2\/comments?post=60569"}],"version-history":[{"count":1,"href":"https:\/\/lestracesdelinfo.com\/index.php\/wp-json\/wp\/v2\/posts\/60569\/revisions"}],"predecessor-version":[{"id":60571,"href":"https:\/\/lestracesdelinfo.com\/index.php\/wp-json\/wp\/v2\/posts\/60569\/revisions\/60571"}],"wp:featuredmedia":[{"embeddable":true,"href":"https:\/\/lestracesdelinfo.com\/index.php\/wp-json\/wp\/v2\/media\/60570"}],"wp:attachment":[{"href":"https:\/\/lestracesdelinfo.com\/index.php\/wp-json\/wp\/v2\/media?parent=60569"}],"wp:term":[{"taxonomy":"category","embeddable":true,"href":"https:\/\/lestracesdelinfo.com\/index.php\/wp-json\/wp\/v2\/categories?post=60569"},{"taxonomy":"post_tag","embeddable":true,"href":"https:\/\/lestracesdelinfo.com\/index.php\/wp-json\/wp\/v2\/tags?post=60569"}],"curies":[{"name":"wp","href":"https:\/\/api.w.org\/{rel}","templated":true}]}}