{"id":60572,"date":"2025-02-06T07:33:27","date_gmt":"2025-02-06T07:33:27","guid":{"rendered":"https:\/\/lestracesdelinfo.com\/?p=60572"},"modified":"2025-02-06T07:33:31","modified_gmt":"2025-02-06T07:33:31","slug":"burkina-faso-plusieurs-terroristes-neutralises-et-plusieurs-bases-detruites","status":"publish","type":"post","link":"https:\/\/lestracesdelinfo.com\/index.php\/2025\/02\/06\/burkina-faso-plusieurs-terroristes-neutralises-et-plusieurs-bases-detruites\/","title":{"rendered":"Burkina Faso : Plusieurs terroristes neutralis\u00e9s et plusieurs bases d\u00e9truites"},"content":{"rendered":"\n<p><a href=\"https:\/\/sahel-intelligence.com\/author\/samuel\">Samuel Benshimon<\/a><\/p>\n\n\n\n<figure class=\"wp-block-image\"><img decoding=\"async\" src=\"https:\/\/sahel-intelligence.com\/wp-content\/uploads\/2024\/08\/armees-Burkina-Sahel-securite-defense-FDS-scaled-1.jpg\" alt=\"\"\/><\/figure>\n\n\n\n<p>L\u2019arm\u00e9e burkinab\u00e8 a \u00e9limin\u00e9 plusieurs dizaines de terroristes lors d\u2019op\u00e9rations antiterroristes men\u00e9es fin janvier dans diverses r\u00e9gions du pays, ont rapport\u00e9 des m\u00e9dias locaux.&nbsp;<\/p>\n\n\n\n<p>Selon la Radiodiffusion T\u00e9l\u00e9vision du Burkina (RTB), les forces arm\u00e9es ont men\u00e9 des op\u00e9rations combin\u00e9es, alliant interventions terrestres et frappes a\u00e9riennes, entre le 21 janvier et le 1er f\u00e9vrier 2025. Les r\u00e9gions cibl\u00e9es comprenaient le Nord, le Sahel, l\u2019Est et la Boucle du Mouhoun. Ces actions ont permis de \u00ab&nbsp;neutraliser&nbsp;\u00bb de nombreux terroristes, pr\u00e9cise le m\u00e9dia public.<\/p>\n\n\n\n<p>En outre, plusieurs bases terroristes ont \u00e9t\u00e9 d\u00e9truites et du mat\u00e9riel a \u00e9t\u00e9 saisi par les Forces de d\u00e9fense et de s\u00e9curit\u00e9 (FDS) du Burkina Faso, qui ont \u00e9galement diffus\u00e9 des images des op\u00e9rations.&nbsp;<\/p>\n\n\n\n<p>Depuis 2015, les FDS, soutenues par les Volontaires pour la D\u00e9fense de la Patrie (VDP), m\u00e8nent des op\u00e9rations contre les groupes terroristes arm\u00e9s qui se sont implant\u00e9s sur une grande partie du territoire, dans le but de prot\u00e9ger la population et ses biens.&nbsp;<\/p>\n\n\n\n<p>Ces violences ont caus\u00e9 plus de 26 000 morts et provoqu\u00e9 pr\u00e8s de deux millions de d\u00e9plac\u00e9s, selon les chiffres de l\u2019ONG Acled, qui recense les victimes des conflits \u00e0 l\u2019\u00e9chelle mondiale.<\/p>\n","protected":false},"excerpt":{"rendered":"<p>Samuel Benshimon L\u2019arm\u00e9e burkinab\u00e8 a \u00e9limin\u00e9 plusieurs dizaines de terroristes lors d\u2019op\u00e9rations antiterroristes men\u00e9es fin janvier dans diverses r\u00e9gions du pays, ont rapport\u00e9 des m\u00e9dias locaux.&nbsp; Selon la Radiodiffusion T\u00e9l\u00e9vision du Burkina (RTB), les forces arm\u00e9es ont men\u00e9 des op\u00e9rations combin\u00e9es, alliant interventions terrestres et frappes a\u00e9riennes, entre le 21 janvier et le 1er f\u00e9vrier [&hellip;]<\/p>\n","protected":false},"author":2,"featured_media":60573,"comment_status":"open","ping_status":"open","sticky":false,"template":"","format":"standard","meta":{"footnotes":""},"categories":[1447],"tags":[],"class_list":["post-60572","post","type-post","status-publish","format-standard","has-post-thumbnail","hentry","category-afrique"],"_links":{"self":[{"href":"https:\/\/lestracesdelinfo.com\/index.php\/wp-json\/wp\/v2\/posts\/60572","targetHints":{"allow":["GET"]}}],"collection":[{"href":"https:\/\/lestracesdelinfo.com\/index.php\/wp-json\/wp\/v2\/posts"}],"about":[{"href":"https:\/\/lestracesdelinfo.com\/index.php\/wp-json\/wp\/v2\/types\/post"}],"author":[{"embeddable":true,"href":"https:\/\/lestracesdelinfo.com\/index.php\/wp-json\/wp\/v2\/users\/2"}],"replies":[{"embeddable":true,"href":"https:\/\/lestracesdelinfo.com\/index.php\/wp-json\/wp\/v2\/comments?post=60572"}],"version-history":[{"count":1,"href":"https:\/\/lestracesdelinfo.com\/index.php\/wp-json\/wp\/v2\/posts\/60572\/revisions"}],"predecessor-version":[{"id":60574,"href":"https:\/\/lestracesdelinfo.com\/index.php\/wp-json\/wp\/v2\/posts\/60572\/revisions\/60574"}],"wp:featuredmedia":[{"embeddable":true,"href":"https:\/\/lestracesdelinfo.com\/index.php\/wp-json\/wp\/v2\/media\/60573"}],"wp:attachment":[{"href":"https:\/\/lestracesdelinfo.com\/index.php\/wp-json\/wp\/v2\/media?parent=60572"}],"wp:term":[{"taxonomy":"category","embeddable":true,"href":"https:\/\/lestracesdelinfo.com\/index.php\/wp-json\/wp\/v2\/categories?post=60572"},{"taxonomy":"post_tag","embeddable":true,"href":"https:\/\/lestracesdelinfo.com\/index.php\/wp-json\/wp\/v2\/tags?post=60572"}],"curies":[{"name":"wp","href":"https:\/\/api.w.org\/{rel}","templated":true}]}}