{"id":60575,"date":"2025-02-06T13:49:30","date_gmt":"2025-02-06T13:49:30","guid":{"rendered":"https:\/\/lestracesdelinfo.com\/?p=60575"},"modified":"2025-02-06T13:49:34","modified_gmt":"2025-02-06T13:49:34","slug":"niger-10-soldats-tues-dans-une-embuscade-pres-de-la-frontiere-avec-le-burkina-faso","status":"publish","type":"post","link":"https:\/\/lestracesdelinfo.com\/index.php\/2025\/02\/06\/niger-10-soldats-tues-dans-une-embuscade-pres-de-la-frontiere-avec-le-burkina-faso\/","title":{"rendered":"Niger : 10 soldats tu\u00e9s dans une embuscade\u00a0 pr\u00e8s de la fronti\u00e8re avec le Burkina Faso"},"content":{"rendered":"\n<p><a href=\"https:\/\/sahel-intelligence.com\/author\/samuel\">Samuel Benshimon<\/a>                              <a href=\"https:\/\/sahel-intelligence.com\">Sahel-intelligence.com<\/a><\/p>\n\n\n\n<figure class=\"wp-block-image\"><img decoding=\"async\" src=\"https:\/\/sahel-intelligence.com\/wp-content\/uploads\/2023\/08\/NIGER5-752x440.webp\" alt=\"\"\/><\/figure>\n\n\n\n<p>Au moins 10 soldats nig\u00e9riens ont \u00e9t\u00e9 tu\u00e9s dans une embuscade tendue par un \u00ab groupe arm\u00e9 \u00bb dans la r\u00e9gion de Tillab\u00e9ri, pr\u00e8s de la fronti\u00e8re avec le Burkina Faso, ont annonc\u00e9 les autorit\u00e9s militaires.<\/p>\n\n\n\n<p>Selon un communiqu\u00e9 diffus\u00e9 mercredi soir, une unit\u00e9 d\u2019intervention avait \u00e9t\u00e9 d\u00e9ploy\u00e9e lundi dans l\u2019ouest du pays pour capturer des criminels qui d\u00e9valisaient du b\u00e9tail \u00e0 Takzat, un village du Niger. C\u2019est durant cette op\u00e9ration qu\u2019un groupe de criminels a attaqu\u00e9 le d\u00e9tachement des forces de s\u00e9curit\u00e9 int\u00e9rieure, causant la mort de 10 soldats.&nbsp;<\/p>\n\n\n\n<p>Les attaquants ont r\u00e9ussi \u00e0 prendre la fuite, mais l\u2019arm\u00e9e a d\u00e9clar\u00e9 avoir captur\u00e9 et neutralis\u00e9 15 \u00ab terroristes \u00bb lors de l\u2019op\u00e9ration de suivi.<\/p>\n\n\n\n<p>Le Niger, aux c\u00f4t\u00e9s de ses voisins le Burkina Faso et le Mali, lutte depuis plus de dix ans contre une insurrection aliment\u00e9e par des groupes jihadistes, certains \u00e9tant affili\u00e9s \u00e0 Al-Qa\u00efda et \u00e0 l\u2019\u00c9tat islamique.&nbsp;<\/p>\n\n\n\n<p>La situation s\u00e9curitaire dans le Sahel, une vaste r\u00e9gion qui borde le d\u00e9sert du Sahara, continue de se d\u00e9t\u00e9riorer, avec un nombre record d\u2019attaques et de victimes civiles, tant de la part des groupes islamistes que des forces gouvernementales, selon les analystes.<\/p>\n\n\n\n<p>En d\u00e9cembre dernier, l\u2019arm\u00e9e nig\u00e9rienne avait d\u00e9j\u00e0 d\u00e9plor\u00e9 la mort de dix soldats et sept bless\u00e9s dans une attaque pr\u00e8s de la fronti\u00e8re avec le Burkina Faso. Le m\u00eame mois, des militants li\u00e9s \u00e0 l\u2019\u00c9tat islamique, op\u00e9rant sous le nom de Province de l\u2019\u00c9tat islamique du Sahel, avaient abattu 21 passagers d\u2019un bus dans le village d\u2019Arboudji, pr\u00e8s de cette m\u00eame fronti\u00e8re, selon les donn\u00e9es de l\u2019ONG Armed Conflict Location and Event Data.<\/p>\n","protected":false},"excerpt":{"rendered":"<p>Samuel Benshimon Sahel-intelligence.com Au moins 10 soldats nig\u00e9riens ont \u00e9t\u00e9 tu\u00e9s dans une embuscade tendue par un \u00ab groupe arm\u00e9 \u00bb dans la r\u00e9gion de Tillab\u00e9ri, pr\u00e8s de la fronti\u00e8re avec le Burkina Faso, ont annonc\u00e9 les autorit\u00e9s militaires. Selon un communiqu\u00e9 diffus\u00e9 mercredi soir, une unit\u00e9 d\u2019intervention avait \u00e9t\u00e9 d\u00e9ploy\u00e9e lundi dans l\u2019ouest du [&hellip;]<\/p>\n","protected":false},"author":2,"featured_media":60576,"comment_status":"open","ping_status":"open","sticky":false,"template":"","format":"standard","meta":{"footnotes":""},"categories":[1447],"tags":[],"class_list":["post-60575","post","type-post","status-publish","format-standard","has-post-thumbnail","hentry","category-afrique"],"_links":{"self":[{"href":"https:\/\/lestracesdelinfo.com\/index.php\/wp-json\/wp\/v2\/posts\/60575","targetHints":{"allow":["GET"]}}],"collection":[{"href":"https:\/\/lestracesdelinfo.com\/index.php\/wp-json\/wp\/v2\/posts"}],"about":[{"href":"https:\/\/lestracesdelinfo.com\/index.php\/wp-json\/wp\/v2\/types\/post"}],"author":[{"embeddable":true,"href":"https:\/\/lestracesdelinfo.com\/index.php\/wp-json\/wp\/v2\/users\/2"}],"replies":[{"embeddable":true,"href":"https:\/\/lestracesdelinfo.com\/index.php\/wp-json\/wp\/v2\/comments?post=60575"}],"version-history":[{"count":1,"href":"https:\/\/lestracesdelinfo.com\/index.php\/wp-json\/wp\/v2\/posts\/60575\/revisions"}],"predecessor-version":[{"id":60577,"href":"https:\/\/lestracesdelinfo.com\/index.php\/wp-json\/wp\/v2\/posts\/60575\/revisions\/60577"}],"wp:featuredmedia":[{"embeddable":true,"href":"https:\/\/lestracesdelinfo.com\/index.php\/wp-json\/wp\/v2\/media\/60576"}],"wp:attachment":[{"href":"https:\/\/lestracesdelinfo.com\/index.php\/wp-json\/wp\/v2\/media?parent=60575"}],"wp:term":[{"taxonomy":"category","embeddable":true,"href":"https:\/\/lestracesdelinfo.com\/index.php\/wp-json\/wp\/v2\/categories?post=60575"},{"taxonomy":"post_tag","embeddable":true,"href":"https:\/\/lestracesdelinfo.com\/index.php\/wp-json\/wp\/v2\/tags?post=60575"}],"curies":[{"name":"wp","href":"https:\/\/api.w.org\/{rel}","templated":true}]}}