{"id":60578,"date":"2025-02-06T16:28:57","date_gmt":"2025-02-06T16:28:57","guid":{"rendered":"https:\/\/lestracesdelinfo.com\/?p=60578"},"modified":"2025-02-06T16:31:27","modified_gmt":"2025-02-06T16:31:27","slug":"tunisie-kais-saied-suit-tebboune-en-operant-un-changement-gouvernemental-dans-un-contexte-de-crise-economique","status":"publish","type":"post","link":"https:\/\/lestracesdelinfo.com\/index.php\/2025\/02\/06\/tunisie-kais-saied-suit-tebboune-en-operant-un-changement-gouvernemental-dans-un-contexte-de-crise-economique\/","title":{"rendered":"Tunisie : Ka\u00efs Sa\u00efed suit Tebboune en op\u00e9rant un changement gouvernemental dans un contexte de crise \u00e9conomique"},"content":{"rendered":"\n<p><a href=\"https:\/\/sahel-intelligence.com\/author\/samuel\">Samuel Benshimon<\/a>                  <a href=\"https:\/\/sahel-intelligence.com\">sahel-intelligence.com<\/a><\/p>\n\n\n\n<figure class=\"wp-block-image\"><img decoding=\"async\" src=\"https:\/\/sahel-intelligence.com\/wp-content\/uploads\/2025\/02\/ssss-teboube-752x440.jpg\" alt=\"\"\/><\/figure>\n\n\n\n<p>Dans un contexte \u00e9conomique de plus en plus tendu, le pr\u00e9sident tunisien Ka\u00efs Sa\u00efed suit les directives de son chef alg\u00e9rien, le pr\u00e9sident Abdelmadjid Tebboune, en op\u00e9rant un remaniement au sein de son gouvernement.&nbsp;<\/p>\n\n\n\n<p>Apr\u00e8s le limogeage du ministre des Finances alg\u00e9rien Laaziz Fayed, Sa\u00efed a \u00e9t\u00e9 oblig\u00e9 de prendre la d\u00e9cision de remplacer sa propre ministre des Finances, Sihem Boughdiri Nemsia, sans fournir de raison officielle.&nbsp;<\/p>\n\n\n\n<p>Il a nomm\u00e9 \u00e0 sa place Michket Slama Khaldi, une mesure qui s\u2019inscrit soi-disant dans une dynamique de r\u00e9formes \u00e9conomiques face \u00e0 des difficult\u00e9s structurelles croissantes, selon les analystes.<\/p>\n\n\n\n<p>Les deux pays, qui partagent des d\u00e9fis similaires, semblent r\u00e9agir face \u00e0 une crise \u00e9conomique profonde, marqu\u00e9e par des p\u00e9nuries de produits de premi\u00e8re n\u00e9cessit\u00e9 tels que le lait, le sucre, la semoule et la farine. La situation a \u00e9t\u00e9 r\u00e9cemment aggrav\u00e9e par la p\u00e9nurie de bouteilles de gaz domestique, essentiel \u00e0 la fois pour la cuisine et le chauffage, dans plusieurs r\u00e9gions de la Tunisie.<\/p>\n\n\n\n<p>Dans ce climat de m\u00e9contentement populaire, le gouvernement tunisien cherche \u00e0 r\u00e9pondre \u00e0 la pression interne et internationale en ajustant ses politiques \u00e9conomiques.&nbsp;<\/p>\n\n\n\n<p>Le limogeage de Sihem Boughdiri Nemsia et la nomination de Michket Slama Khaldi t\u00e9moignent de cette volont\u00e9 de \u2018\u2019changement\u2019\u2019 dans un contexte o\u00f9 la Tunisie, tout comme l\u2019Alg\u00e9rie, se trouve confront\u00e9e \u00e0 des crises multiples.&nbsp;<\/p>\n\n\n\n<p>Ces ajustements minist\u00e9riels s\u2019inscrivent dans une s\u00e9rie de r\u00e9formes qui semblent, en partie, viser \u00e0 d\u00e9tourner l\u2019attention des populations des difficult\u00e9s \u00e9conomiques croissantes.&nbsp;<\/p>\n\n\n\n<p>D\u2019apr\u00e8s les experts, en proc\u00e9dant \u00e0 des remaniements, les dirigeants cherchent \u00e0 envoyer un signal de changement et de dynamisme face \u00e0 une crise persistante. Cependant, ces gestes peuvent aussi \u00eatre per\u00e7us comme une tentative de masquer les profondes failles structurelles des \u00e9conomies tunisienne et alg\u00e9rienne.<\/p>\n\n\n\n<p>Agissant ainsi, les gouvernements esp\u00e8rent apaiser le m\u00e9contentement populaire, tout en \u00e9vitant d\u2019aborder frontalement les causes profondes de l\u2019instabilit\u00e9 \u00e9conomique, pr\u00e9f\u00e9rant focaliser l\u2019attention sur des solutions apparentes et des changements de visage \u00e0 la t\u00eate des minist\u00e8res cl\u00e9s.<\/p>\n","protected":false},"excerpt":{"rendered":"<p>Samuel Benshimon sahel-intelligence.com Dans un contexte \u00e9conomique de plus en plus tendu, le pr\u00e9sident tunisien Ka\u00efs Sa\u00efed suit les directives de son chef alg\u00e9rien, le pr\u00e9sident Abdelmadjid Tebboune, en op\u00e9rant un remaniement au sein de son gouvernement.&nbsp; Apr\u00e8s le limogeage du ministre des Finances alg\u00e9rien Laaziz Fayed, Sa\u00efed a \u00e9t\u00e9 oblig\u00e9 de prendre la d\u00e9cision [&hellip;]<\/p>\n","protected":false},"author":2,"featured_media":60579,"comment_status":"open","ping_status":"open","sticky":false,"template":"","format":"standard","meta":{"footnotes":""},"categories":[1447],"tags":[],"class_list":["post-60578","post","type-post","status-publish","format-standard","has-post-thumbnail","hentry","category-afrique"],"_links":{"self":[{"href":"https:\/\/lestracesdelinfo.com\/index.php\/wp-json\/wp\/v2\/posts\/60578","targetHints":{"allow":["GET"]}}],"collection":[{"href":"https:\/\/lestracesdelinfo.com\/index.php\/wp-json\/wp\/v2\/posts"}],"about":[{"href":"https:\/\/lestracesdelinfo.com\/index.php\/wp-json\/wp\/v2\/types\/post"}],"author":[{"embeddable":true,"href":"https:\/\/lestracesdelinfo.com\/index.php\/wp-json\/wp\/v2\/users\/2"}],"replies":[{"embeddable":true,"href":"https:\/\/lestracesdelinfo.com\/index.php\/wp-json\/wp\/v2\/comments?post=60578"}],"version-history":[{"count":2,"href":"https:\/\/lestracesdelinfo.com\/index.php\/wp-json\/wp\/v2\/posts\/60578\/revisions"}],"predecessor-version":[{"id":60581,"href":"https:\/\/lestracesdelinfo.com\/index.php\/wp-json\/wp\/v2\/posts\/60578\/revisions\/60581"}],"wp:featuredmedia":[{"embeddable":true,"href":"https:\/\/lestracesdelinfo.com\/index.php\/wp-json\/wp\/v2\/media\/60579"}],"wp:attachment":[{"href":"https:\/\/lestracesdelinfo.com\/index.php\/wp-json\/wp\/v2\/media?parent=60578"}],"wp:term":[{"taxonomy":"category","embeddable":true,"href":"https:\/\/lestracesdelinfo.com\/index.php\/wp-json\/wp\/v2\/categories?post=60578"},{"taxonomy":"post_tag","embeddable":true,"href":"https:\/\/lestracesdelinfo.com\/index.php\/wp-json\/wp\/v2\/tags?post=60578"}],"curies":[{"name":"wp","href":"https:\/\/api.w.org\/{rel}","templated":true}]}}