{"id":60582,"date":"2025-02-06T16:32:33","date_gmt":"2025-02-06T16:32:33","guid":{"rendered":"https:\/\/lestracesdelinfo.com\/?p=60582"},"modified":"2025-02-06T16:32:37","modified_gmt":"2025-02-06T16:32:37","slug":"le-decret-daffectation-signe-9-mois-apres-kande-fait-enfin-ses-valises","status":"publish","type":"post","link":"https:\/\/lestracesdelinfo.com\/index.php\/2025\/02\/06\/le-decret-daffectation-signe-9-mois-apres-kande-fait-enfin-ses-valises\/","title":{"rendered":"Le d\u00e9cret d\u2019affectation sign\u00e9 9 mois apr\u00e8s : KAND\u00c9 FAIT ENFIN SES VALISES"},"content":{"rendered":"\n<p><a href=\"https:\/\/lequotidien.sn\/author\/aicha\/\">Lequotidien<\/a><\/p>\n\n\n\n<figure class=\"wp-block-image\"><img decoding=\"async\" src=\"https:\/\/lequotidien.sn\/wp-content\/uploads\/2024\/06\/general-kande.jpg\" alt=\"\"\/><\/figure>\n\n\n\n<p><strong>Le pr\u00e9sident de la R\u00e9publique a confirm\u00e9 l\u2019affectation du G\u00e9n\u00e9ral Souleymane Kand\u00e9 en Inde comme attach\u00e9 de d\u00e9fense et de s\u00e9curit\u00e9. L\u2019ancien patron de l\u2019Arm\u00e9e de terre va prendre ses fonctions le 1er mars. Le d\u00e9cret d\u2019affectation a \u00e9t\u00e9 sign\u00e9 le 23 janvier dernier.<\/strong><strong>Par Malick GAYE&nbsp; \u2013&nbsp;<\/strong><\/p>\n\n\n\n<p>Le G\u00e9n\u00e9ral Souleymane Kand\u00e9 va finalement rejoindre le poste qui lui a \u00e9t\u00e9 affect\u00e9 \u00e0 l\u2019ambassade du S\u00e9n\u00e9gal en Inde. Son d\u00e9cret de nomination en tant que attach\u00e9 de d\u00e9fense et de s\u00e9curit\u00e9 \u00e0 New Delhi a finalement \u00e9t\u00e9 sign\u00e9 depuis le 23 janvier dernier, 9 mois apr\u00e8s que la mesure a \u00e9t\u00e9 publiquement annonc\u00e9e la premi\u00e8re fois. Ainsi, l\u2019ancien patron de l\u2019Arm\u00e9e de terre, ancien commandant des Forces sp\u00e9ciales, va aller s\u2019enfermer dans un placard, m\u00eame pas dor\u00e9, dans la capitale indienne, \u00e0 partir de la fin de ce mois. Cela, au moment o\u00f9 les murmures du danger terroriste se rapprochent de nos fronti\u00e8res.<\/p>\n\n\n\n<p>Faut-il le rappeler, l\u2019affectation du G\u00e9n\u00e9ral Kand\u00e9, aux allures de sanction, avait fait couler beaucoup d\u2019encre l\u2019ann\u00e9e derni\u00e8re. Cela avait m\u00eame valu au Directeur de publication du journal Le Quotidien, de passer toute une journ\u00e9e dans les locaux de la Section de recherches \u00e0 Dakar. En effet, avec ses excellents \u00e9tats de service, le G\u00e9n\u00e9ral Kand\u00e9 aurait pu pr\u00e9tendre \u00e0 mieux qu\u2019un poste subalterne en Inde, et sous l\u2019autorit\u00e9 d\u2019un ambassadeur. Ayant r\u00e9ussi \u00e0 faire taire les armes en Casamance avec une grande d\u00e9termination, l\u2019ancien patron de l\u2019Arm\u00e9e de terre pourrait pr\u00e9tendre au titre de h\u00e9ros, car il a permis \u00e0 l\u2019Etat du S\u00e9n\u00e9gal de gagner la guerre dans le Sud, en laissant le loisir aux politiques de pr\u00e9server la paix dans cette partie du pays.<\/p>\n\n\n\n<p>Gr\u00e2ce \u00e0 son esprit de d\u00e9cision, des zones enti\u00e8res, qui avaient \u00e9t\u00e9 laiss\u00e9es aux mains des maquisards du Mfdc, ont vu leurs populations revenir et retrouver la qui\u00e9tude. A l\u2019\u00e9poque, il \u00e9tait seulement Comzone.<\/p>\n\n\n\n<p>De&nbsp;Bissine&nbsp;\u00e0&nbsp;Bidialoum&nbsp;Manjacque,&nbsp;o\u00f9 toutes les bases rebelles ont \u00e9t\u00e9 d\u00e9mantel\u00e9es, en passant par l\u2019arrondissement de&nbsp;Niassya, il a act\u00e9, \u00e0 travers des op\u00e9rations de s\u00e9curisation, le retour des populations d\u00e9plac\u00e9es apr\u00e8s la pacification de ces zones.<\/p>\n\n\n\n<p>En avril 2020 d\u00e9j\u00e0, le Colonel Souleymane&nbsp;Kand\u00e9&nbsp;entame la s\u00e9curisation des zones sensibles de Niaguiss,&nbsp;Bindialoum Manjacque, Baraka&nbsp;Banaw, Baraka Patata,&nbsp;Santhiaba Manjacque,&nbsp;reprises aux mains des bandes arm\u00e9es apr\u00e8s quelques semaines d\u2019op\u00e9rations appuy\u00e9es. La pause n\u2019aura dur\u00e9 qu\u2019un mois et le Colonel&nbsp;Kand\u00e9&nbsp;et ses troupes s\u2019orientent vers&nbsp;Bissine&nbsp;devenu un nouvel objectif de conqu\u00eate. En mai 2020, la reprise du site aux bandes arm\u00e9es est \u00e2prement disput\u00e9e. Mais ce village, symbole de l\u2019organisation de toute une \u00e9conomie criminelle aux mains des bandes arm\u00e9es, finit par tomber sous la f\u00e9rule de la Grande muette. Le temps d\u2019entamer les op\u00e9rations pour le retour des d\u00e9plac\u00e9s de&nbsp;Bissine, la s\u00e9curisation int\u00e9grale de l\u2019arrondissement de&nbsp;Niaguiss,&nbsp;\u00e0 la fronti\u00e8re avec la Guin\u00e9e-Bissau,&nbsp;reprend en janvier 2021,&nbsp;toujours sous le commandement du Colonel Souleymane&nbsp;Kand\u00e9.<\/p>\n\n\n\n<p>Tous ces hauts faits d\u2019armes lui ont valu une promotion. Il devient G\u00e9n\u00e9ral de brigade et patron de l\u2019Arm\u00e9e de terre. En m\u00eame temps, il dirige les Forces sp\u00e9ciales, unit\u00e9 d\u2019\u00e9lite de l\u2019Arm\u00e9e s\u00e9n\u00e9galaise. Il n\u2019occupera pas longtemps ces postes, qu\u2019il perdra vite avec l\u2019arriv\u00e9e de nouvelles autorit\u00e9s politiques au pouvoir. Cette affectation brutale fera na\u00eetre de nombreuses sp\u00e9culations sur l\u2019animosit\u00e9 que sembleraient lui porter, non seulement la hi\u00e9rarchie militaire, mais surtout le commandement politique du pays. Comme s\u2019il lui \u00e9tait reproch\u00e9 d\u2019avoir gagn\u00e9 la guerre l\u00e0 o\u00f9 ses pr\u00e9d\u00e9cesseurs ont lamentablement \u00e9chou\u00e9. Certains n\u2019avaient pas h\u00e9sit\u00e9 \u00e0 imaginer une certaine vindicte du chef du gouvernement lui-m\u00eame. Lorsque la nouvelle de son affectation avait \u00e9t\u00e9 annonc\u00e9e, le toll\u00e9 qui avait suivi avait laiss\u00e9 penser que la direction du pays h\u00e9sitait \u00e0 mettre en application sa d\u00e9cision. On vient de voir, avec la publication du d\u00e9cret d\u2019affectation, que les autorit\u00e9s n\u2019ont pas recul\u00e9. Elles seules savent pourquoi.<br><strong>mgaye@lequotidien.sn<\/strong><\/p>\n","protected":false},"excerpt":{"rendered":"<p>Lequotidien Le pr\u00e9sident de la R\u00e9publique a confirm\u00e9 l\u2019affectation du G\u00e9n\u00e9ral Souleymane Kand\u00e9 en Inde comme attach\u00e9 de d\u00e9fense et de s\u00e9curit\u00e9. L\u2019ancien patron de l\u2019Arm\u00e9e de terre va prendre ses fonctions le 1er mars. Le d\u00e9cret d\u2019affectation a \u00e9t\u00e9 sign\u00e9 le 23 janvier dernier.Par Malick GAYE&nbsp; \u2013&nbsp; Le G\u00e9n\u00e9ral Souleymane Kand\u00e9 va finalement rejoindre [&hellip;]<\/p>\n","protected":false},"author":2,"featured_media":60583,"comment_status":"open","ping_status":"open","sticky":false,"template":"","format":"standard","meta":{"footnotes":""},"categories":[1447],"tags":[],"class_list":["post-60582","post","type-post","status-publish","format-standard","has-post-thumbnail","hentry","category-afrique"],"_links":{"self":[{"href":"https:\/\/lestracesdelinfo.com\/index.php\/wp-json\/wp\/v2\/posts\/60582","targetHints":{"allow":["GET"]}}],"collection":[{"href":"https:\/\/lestracesdelinfo.com\/index.php\/wp-json\/wp\/v2\/posts"}],"about":[{"href":"https:\/\/lestracesdelinfo.com\/index.php\/wp-json\/wp\/v2\/types\/post"}],"author":[{"embeddable":true,"href":"https:\/\/lestracesdelinfo.com\/index.php\/wp-json\/wp\/v2\/users\/2"}],"replies":[{"embeddable":true,"href":"https:\/\/lestracesdelinfo.com\/index.php\/wp-json\/wp\/v2\/comments?post=60582"}],"version-history":[{"count":1,"href":"https:\/\/lestracesdelinfo.com\/index.php\/wp-json\/wp\/v2\/posts\/60582\/revisions"}],"predecessor-version":[{"id":60584,"href":"https:\/\/lestracesdelinfo.com\/index.php\/wp-json\/wp\/v2\/posts\/60582\/revisions\/60584"}],"wp:featuredmedia":[{"embeddable":true,"href":"https:\/\/lestracesdelinfo.com\/index.php\/wp-json\/wp\/v2\/media\/60583"}],"wp:attachment":[{"href":"https:\/\/lestracesdelinfo.com\/index.php\/wp-json\/wp\/v2\/media?parent=60582"}],"wp:term":[{"taxonomy":"category","embeddable":true,"href":"https:\/\/lestracesdelinfo.com\/index.php\/wp-json\/wp\/v2\/categories?post=60582"},{"taxonomy":"post_tag","embeddable":true,"href":"https:\/\/lestracesdelinfo.com\/index.php\/wp-json\/wp\/v2\/tags?post=60582"}],"curies":[{"name":"wp","href":"https:\/\/api.w.org\/{rel}","templated":true}]}}