{"id":60585,"date":"2025-02-06T18:44:38","date_gmt":"2025-02-06T18:44:38","guid":{"rendered":"https:\/\/lestracesdelinfo.com\/?p=60585"},"modified":"2025-02-06T18:44:42","modified_gmt":"2025-02-06T18:44:42","slug":"crise-paris-alger-vers-la-fin-de-laccord-migratoire-de-1968","status":"publish","type":"post","link":"https:\/\/lestracesdelinfo.com\/index.php\/2025\/02\/06\/crise-paris-alger-vers-la-fin-de-laccord-migratoire-de-1968\/","title":{"rendered":"Crise Paris\/Alger : vers la fin de l\u2019accord migratoire de 1968 ?"},"content":{"rendered":"\n<p><a href=\"https:\/\/fr.apanews.net\/category\/not-to-be-missed\/\">\u00c0 ne pas manquer<\/a>\u00a0<img loading=\"lazy\" decoding=\"async\" width=\"32\" height=\"32\" srcset=\"https:\/\/fr.apanews.net\/wp-content\/uploads\/sites\/2\/2023\/09\/APA-Ico-48x48.png 48w, https:\/\/fr.apanews.net\/wp-content\/uploads\/sites\/2\/2023\/09\/APA-Ico-300x300.png 300w, https:\/\/fr.apanews.net\/wp-content\/uploads\/sites\/2\/2023\/09\/APA-Ico-150x150.png 150w, https:\/\/fr.apanews.net\/wp-content\/uploads\/sites\/2\/2023\/09\/APA-Ico-70x70.png 70w, https:\/\/fr.apanews.net\/wp-content\/uploads\/sites\/2\/2023\/09\/APA-Ico-450x450.png 450w, https:\/\/fr.apanews.net\/wp-content\/uploads\/sites\/2\/2023\/09\/APA-Ico-24x24.png 24w, https:\/\/fr.apanews.net\/wp-content\/uploads\/sites\/2\/2023\/09\/APA-Ico-96x96.png 96w, https:\/\/fr.apanews.net\/wp-content\/uploads\/sites\/2\/2023\/09\/APA-Ico.png 512w\" src=\"https:\/\/fr.apanews.net\/wp-content\/uploads\/sites\/2\/2023\/09\/APA-Ico-48x48.png\" alt=\"APA-Paris (France)\"><a>APA-Paris (France)<\/a><\/p>\n\n\n\n<figure class=\"wp-block-image\"><img decoding=\"async\" src=\"https:\/\/fr.apanews.net\/wp-content\/uploads\/sites\/2\/2025\/02\/1000126211.jpg\" alt=\"\" title=\"Crise Paris\/Alger : vers la fin de l\u2019accord migratoire de 1968 ?\"\/><\/figure>\n\n\n\n<p>Partager<\/p>\n\n\n\n<p><a href=\"https:\/\/www.facebook.com\/sharer.php?u=https%3A%2F%2Ffr.apanews.net%2Fdiplomacy%2Fcrise-entre-paris-et-alger-le-senat-francais-preconise-la-fin-de-laccord-migratoire-de-1968%2F\" target=\"_blank\" rel=\"noreferrer noopener\"><\/a><a href=\"https:\/\/twitter.com\/intent\/tweet?url=https%3A%2F%2Ffr.apanews.net%2Fdiplomacy%2Fcrise-entre-paris-et-alger-le-senat-francais-preconise-la-fin-de-laccord-migratoire-de-1968%2F&amp;text=Crise%20Paris%2FAlger%20%3A%20vers%20la%20fin%20de%20l%E2%80%99accord%20migratoire%20de%201968%20%3F\" target=\"_blank\" rel=\"noreferrer noopener\"><\/a><a href=\"https:\/\/wa.me\/?text=Crise%20Paris%2FAlger%20%3A%20vers%20la%20fin%20de%20l%E2%80%99accord%20migratoire%20de%201968%20%3F%20https%3A%2F%2Ffr.apanews.net%2Fdiplomacy%2Fcrise-entre-paris-et-alger-le-senat-francais-preconise-la-fin-de-laccord-migratoire-de-1968%2F\" target=\"_blank\" rel=\"noreferrer noopener\"><\/a><a href=\"mailto:?subject=Crise%20Paris%2FAlger%20%3A%20vers%20la%20fin%20de%20l%E2%80%99accord%20migratoire%20de%201968%20%3F&amp;body=https%3A%2F%2Ffr.apanews.net%2Fdiplomacy%2Fcrise-entre-paris-et-alger-le-senat-francais-preconise-la-fin-de-laccord-migratoire-de-1968%2F\" target=\"_blank\" rel=\"noreferrer noopener\"><\/a><a href=\"https:\/\/www.linkedin.com\/shareArticle?mini=true&amp;url=https%3A%2F%2Ffr.apanews.net%2Fdiplomacy%2Fcrise-entre-paris-et-alger-le-senat-francais-preconise-la-fin-de-laccord-migratoire-de-1968%2F\" target=\"_blank\" rel=\"noreferrer noopener\"><\/a><a href=\"https:\/\/t.me\/share\/url?url=https%3A%2F%2Ffr.apanews.net%2Fdiplomacy%2Fcrise-entre-paris-et-alger-le-senat-francais-preconise-la-fin-de-laccord-migratoire-de-1968%2F&amp;title=Crise%20Paris%2FAlger%20%3A%20vers%20la%20fin%20de%20l%E2%80%99accord%20migratoire%20de%201968%20%3F\" target=\"_blank\" rel=\"noreferrer noopener\"><\/a><\/p>\n\n\n\n<p><strong>Une tension accrue r\u00e8gne entre deux pays aux relations bilat\u00e9rales historiquement complexes, qu\u2019aggrave la reconnaissance de la souverainet\u00e9 marocaine sur le Sahara. Au point de menacer l\u2019accord de 1968 entre la France et l\u2019Alg\u00e9rie, qui limitait initialement l\u2019immigration \u00e0 35 000 Alg\u00e9riens par an, qui pouvaient entrer en France sans avoir besoin d\u2019un visa de long s\u00e9jour.<\/strong><\/p>\n\n\n\n<p>Le climat entre la France et l\u2019Alg\u00e9rie ne cesse de se d\u00e9t\u00e9riorer, marqu\u00e9 par des tensions croissantes qui trouvent leur origine dans des d\u00e9cisions politiques controvers\u00e9es et des diff\u00e9rends diplomatiques persistants. La r\u00e9cente arrestation de l\u2019\u00e9crivain franco-alg\u00e9rien Boualem Sansal \u00e0 la mi-novembre, ainsi que le retour en Alg\u00e9rie d\u2019un influenceur alg\u00e9rien expuls\u00e9 de France, ont exacerb\u00e9 une situation d\u00e9j\u00e0 fragile. Ces \u00e9v\u00e9nements surviennent dans un contexte o\u00f9 la reconnaissance par Paris, en juillet dernier, de la souverainet\u00e9 marocaine sur le Sahara a profond\u00e9ment irrit\u00e9 Alger et le Front Polisario, son alli\u00e9 de longue date.<\/p>\n\n\n\n<p>Dans ce climat d\u00e9l\u00e9t\u00e8re, le pr\u00e9sident alg\u00e9rien Abdelmadjid Tebboune a admis, lors d\u2019un entretien accord\u00e9 au journal L\u2019Opinion, que le dialogue entre les deux nations \u00e9tait \u00ab&nbsp;<em>quasiment interrompu<\/em>&nbsp;\u00bb. Ce constat t\u00e9moigne de la gravit\u00e9 de la crise, qui s\u2019enracine dans des relations bilat\u00e9rales historiquement complexes et ponctu\u00e9es de malentendus.<\/p>\n\n\n\n<p>Au c\u0153ur de cette discorde, un accord bilat\u00e9ral sign\u00e9 le 27 d\u00e9cembre 1968, r\u00e9gissant les conditions de circulation et de s\u00e9jour des ressortissants alg\u00e9riens en France. N\u00e9goci\u00e9 par Abdelaziz Bouteflika, alors ministre alg\u00e9rien des Affaires \u00e9trang\u00e8res et futur pr\u00e9sident (1999-2019), cet accord, bien que per\u00e7u aujourd\u2019hui comme relativement lib\u00e9ral, visait \u00e0 l\u2019\u00e9poque \u00e0 restreindre certains avantages migratoires accord\u00e9s ant\u00e9rieurement.<\/p>\n\n\n\n<p>Or, un rapport s\u00e9natorial pr\u00e9sent\u00e9 mercredi pr\u00e9conise la r\u00e9siliation pure et simple de cet accord, un geste per\u00e7u comme une r\u00e9ponse directe aux \u00ab&nbsp;<em>provocations<\/em>&nbsp;\u00bb alg\u00e9riennes qui auraient, selon ses auteurs, contribu\u00e9 \u00e0 la d\u00e9gradation des relations diplomatiques. Ce rapport conclut une mission d\u2019information lanc\u00e9e au printemps 2024 et recommande l\u2019ouverture d\u2019un nouveau cycle de n\u00e9gociations pour r\u00e9\u00e9quilibrer les conditions de s\u00e9jour des Alg\u00e9riens en France.<\/p>\n\n\n\n<p><strong>Un d\u00e9bat politique houleux<\/strong><\/p>\n\n\n\n<p>Les recommandations du rapport ne se limitent pas \u00e0 l\u2019accord de 1968. La mission s\u00e9natoriale appelle \u00e9galement \u00e0 mettre fin \u00e0 l\u2019application de l\u2019accord du 16 d\u00e9cembre 2013, qui permet aux responsables alg\u00e9riens de se rendre en France sans visa. Cette proposition, soutenue par le ministre de l\u2019Int\u00e9rieur Bruno Retailleau et le ministre de la Justice G\u00e9rald Darmanin, s\u2019inscrit dans une volont\u00e9 de durcir la politique migratoire \u00e0 l\u2019\u00e9gard de l\u2019Alg\u00e9rie.<\/p>\n\n\n\n<p>Le s\u00e9nateur Olivier Bitz (Horizons), co-auteur du rapport aux c\u00f4t\u00e9s de la s\u00e9natrice Les R\u00e9publicains Muriel Jourda, a justifi\u00e9 cette initiative en d\u00e9clarant : \u00ab<em>&nbsp;Il faut d\u00e9passer le statu quo. L\u2019histoire riche et douloureuse entre nos deux pays ne peut justifier de privil\u00e9gier l\u2019immigration en provenance d\u2019Alg\u00e9rie<\/em>. \u00bb<\/p>\n\n\n\n<p>Muriel Jourda a rench\u00e9ri : \u00ab&nbsp;<em>Quand on rend service, on pourrait s\u2019attendre \u00e0 une relation au moins \u00e9quilibr\u00e9e. Or, la relation est aujourd\u2019hui d\u00e9s\u00e9quilibr\u00e9e, tr\u00e8s d\u00e9favorable \u00e0 la France<\/em>. \u00bb<\/p>\n\n\n\n<p>Toutefois, cette initiative a suscit\u00e9 de vives critiques, notamment \u00e0 gauche. La d\u00e9put\u00e9e socialiste Corinne Narassiguin s\u2019est d\u00e9solidaris\u00e9e du rapport qu\u2019elle devait initialement co-r\u00e9diger. Selon elle, \u00ab&nbsp;<em>envisager la rupture de cet accord est une provocation qui ne sert ni l\u2019un ni l\u2019autre de nos pays<\/em>&nbsp;\u00bb. Elle a averti que cette d\u00e9cision enverrait \u00ab&nbsp;<em>un tr\u00e8s mauvais signal \u00e0 tous les Alg\u00e9riens et Franco-Alg\u00e9riens pr\u00e9sents sur notre territoire<\/em>&nbsp;\u00bb.<\/p>\n\n\n\n<p>Narassiguin a \u00e9galement d\u00e9nonc\u00e9 la mission s\u00e9natoriale, qu\u2019elle a qualifi\u00e9e d\u2019\u00ab&nbsp;<em>outil cr\u00e9\u00e9 de toutes pi\u00e8ces pour valider la campagne de Bruno Retailleau<\/em>&nbsp;\u00bb. Soulignant que \u00ab&nbsp;<em>les auditions d\u2019experts men\u00e9es pendant plusieurs mois n\u2019ont pas d\u00e9montr\u00e9 clairement et unanimement la n\u00e9cessit\u00e9 de d\u00e9noncer cet accord<\/em>&nbsp;\u00bb.<\/p>\n\n\n\n<p>Malgr\u00e9 cette opposition, le rapport a \u00e9t\u00e9 adopt\u00e9 par la commission des lois gr\u00e2ce au soutien de la droite et de la majorit\u00e9 des centristes, qui dominent la chambre haute du Parlement. Ce vote marque une \u00e9tape significative vers une possible r\u00e9vision des relations migratoires entre les deux pays.<\/p>\n\n\n\n<p>Cette proposition intervient dans un contexte de durcissement de la position fran\u00e7aise vis-\u00e0-vis de l\u2019Alg\u00e9rie, illustr\u00e9e par les d\u00e9clarations r\u00e9centes de Bruno Retailleau. Le ministre de l\u2019Int\u00e9rieur a affirm\u00e9 sa volont\u00e9 de \u00ab&nbsp;<em>remettre sur la table<\/em>&nbsp;\u00bb un accord qu\u2019il juge \u00ab&nbsp;<em>dat\u00e9<\/em>&nbsp;\u00bb et qui \u00ab&nbsp;<em>d\u00e9forme l\u2019immigration<\/em>&nbsp;\u00bb.<br>Cette posture agressive pourrait bien aggraver les tensions existantes et compromettre davantage les chances de renouer un dialogue constructif entre Paris et Alger.<\/p>\n\n\n\n<p>Alors que l\u2019Alg\u00e9rie traverse elle-m\u00eame une p\u00e9riode d\u2019instabilit\u00e9 \u00e9conomique et sociale, aliment\u00e9e par des tensions r\u00e9gionales et des d\u00e9fis internes, la remise en cause de cet accord pourrait avoir des r\u00e9percussions profondes sur les relations bilat\u00e9rales, mais aussi sur la diaspora alg\u00e9rienne en France, qui compte plusieurs millions de personnes.<\/p>\n\n\n\n<p><strong>MK\/ac\/Sf\/APA<\/strong><\/p>\n","protected":false},"excerpt":{"rendered":"<p>\u00c0 ne pas manquer\u00a0APA-Paris (France) Partager Une tension accrue r\u00e8gne entre deux pays aux relations bilat\u00e9rales historiquement complexes, qu\u2019aggrave la reconnaissance de la souverainet\u00e9 marocaine sur le Sahara. Au point de menacer l\u2019accord de 1968 entre la France et l\u2019Alg\u00e9rie, qui limitait initialement l\u2019immigration \u00e0 35 000 Alg\u00e9riens par an, qui pouvaient entrer en France [&hellip;]<\/p>\n","protected":false},"author":2,"featured_media":60586,"comment_status":"open","ping_status":"open","sticky":false,"template":"","format":"standard","meta":{"footnotes":""},"categories":[1447],"tags":[],"class_list":["post-60585","post","type-post","status-publish","format-standard","has-post-thumbnail","hentry","category-afrique"],"_links":{"self":[{"href":"https:\/\/lestracesdelinfo.com\/index.php\/wp-json\/wp\/v2\/posts\/60585","targetHints":{"allow":["GET"]}}],"collection":[{"href":"https:\/\/lestracesdelinfo.com\/index.php\/wp-json\/wp\/v2\/posts"}],"about":[{"href":"https:\/\/lestracesdelinfo.com\/index.php\/wp-json\/wp\/v2\/types\/post"}],"author":[{"embeddable":true,"href":"https:\/\/lestracesdelinfo.com\/index.php\/wp-json\/wp\/v2\/users\/2"}],"replies":[{"embeddable":true,"href":"https:\/\/lestracesdelinfo.com\/index.php\/wp-json\/wp\/v2\/comments?post=60585"}],"version-history":[{"count":1,"href":"https:\/\/lestracesdelinfo.com\/index.php\/wp-json\/wp\/v2\/posts\/60585\/revisions"}],"predecessor-version":[{"id":60587,"href":"https:\/\/lestracesdelinfo.com\/index.php\/wp-json\/wp\/v2\/posts\/60585\/revisions\/60587"}],"wp:featuredmedia":[{"embeddable":true,"href":"https:\/\/lestracesdelinfo.com\/index.php\/wp-json\/wp\/v2\/media\/60586"}],"wp:attachment":[{"href":"https:\/\/lestracesdelinfo.com\/index.php\/wp-json\/wp\/v2\/media?parent=60585"}],"wp:term":[{"taxonomy":"category","embeddable":true,"href":"https:\/\/lestracesdelinfo.com\/index.php\/wp-json\/wp\/v2\/categories?post=60585"},{"taxonomy":"post_tag","embeddable":true,"href":"https:\/\/lestracesdelinfo.com\/index.php\/wp-json\/wp\/v2\/tags?post=60585"}],"curies":[{"name":"wp","href":"https:\/\/api.w.org\/{rel}","templated":true}]}}