{"id":60588,"date":"2025-02-07T09:28:52","date_gmt":"2025-02-07T09:28:52","guid":{"rendered":"https:\/\/lestracesdelinfo.com\/?p=60588"},"modified":"2025-02-07T09:28:57","modified_gmt":"2025-02-07T09:28:57","slug":"mali-senegal-vers-le-renforcement-de-la-cooperation-militaire","status":"publish","type":"post","link":"https:\/\/lestracesdelinfo.com\/index.php\/2025\/02\/07\/mali-senegal-vers-le-renforcement-de-la-cooperation-militaire\/","title":{"rendered":"Mali-S\u00e9n\u00e9gal : vers le renforcement de la coop\u00e9ration militaire\u00a0"},"content":{"rendered":"\n<p><a href=\"https:\/\/fr.apanews.net\/category\/cooperation\/\">Cooperation<\/a>\u00a0<img loading=\"lazy\" decoding=\"async\" width=\"32\" height=\"32\" srcset=\"https:\/\/fr.apanews.net\/wp-content\/uploads\/sites\/2\/2023\/09\/APA-Ico-48x48.png 48w, https:\/\/fr.apanews.net\/wp-content\/uploads\/sites\/2\/2023\/09\/APA-Ico-300x300.png 300w, https:\/\/fr.apanews.net\/wp-content\/uploads\/sites\/2\/2023\/09\/APA-Ico-150x150.png 150w, https:\/\/fr.apanews.net\/wp-content\/uploads\/sites\/2\/2023\/09\/APA-Ico-70x70.png 70w, https:\/\/fr.apanews.net\/wp-content\/uploads\/sites\/2\/2023\/09\/APA-Ico-450x450.png 450w, https:\/\/fr.apanews.net\/wp-content\/uploads\/sites\/2\/2023\/09\/APA-Ico-24x24.png 24w, https:\/\/fr.apanews.net\/wp-content\/uploads\/sites\/2\/2023\/09\/APA-Ico-96x96.png 96w, https:\/\/fr.apanews.net\/wp-content\/uploads\/sites\/2\/2023\/09\/APA-Ico.png 512w\" src=\"https:\/\/fr.apanews.net\/wp-content\/uploads\/sites\/2\/2023\/09\/APA-Ico-48x48.png\" alt=\"APA - BAMAKO (MALI)\"><a>APA &#8211; BAMAKO (MALI)<\/a>   <a href=\"https:\/\/fr.apanews.net\">fr.apanews.net<\/a><\/p>\n\n\n\n<figure class=\"wp-block-image\"><img decoding=\"async\" src=\"https:\/\/fr.apanews.net\/wp-content\/uploads\/sites\/2\/2025\/02\/1000127193.jpg\" alt=\"\" title=\"Mali-S\u00e9n\u00e9gal : vers le renforcement de la coop\u00e9ration militaire\u00a0\"\/><\/figure>\n\n\n\n<p><a href=\"https:\/\/www.facebook.com\/sharer.php?u=https%3A%2F%2Ffr.apanews.net%2Fnews%2Fmali-senegal-vers-le-renforcement-de-la-cooperation-militaire%2F\" target=\"_blank\" rel=\"noreferrer noopener\"><\/a><a href=\"https:\/\/twitter.com\/intent\/tweet?url=https%3A%2F%2Ffr.apanews.net%2Fnews%2Fmali-senegal-vers-le-renforcement-de-la-cooperation-militaire%2F&amp;text=Mali-S%C3%A9n%C3%A9gal%20%3A%20vers%20le%20renforcement%20de%20la%20coop%C3%A9ration%20militaire%C2%A0\" target=\"_blank\" rel=\"noreferrer noopener\"><\/a><a href=\"https:\/\/wa.me\/?text=Mali-S%C3%A9n%C3%A9gal%20%3A%20vers%20le%20renforcement%20de%20la%20coop%C3%A9ration%20militaire%C2%A0%20https%3A%2F%2Ffr.apanews.net%2Fnews%2Fmali-senegal-vers-le-renforcement-de-la-cooperation-militaire%2F\" target=\"_blank\" rel=\"noreferrer noopener\"><\/a><a href=\"mailto:?subject=Mali-S%C3%A9n%C3%A9gal%20%3A%20vers%20le%20renforcement%20de%20la%20coop%C3%A9ration%20militaire%C2%A0&amp;body=https%3A%2F%2Ffr.apanews.net%2Fnews%2Fmali-senegal-vers-le-renforcement-de-la-cooperation-militaire%2F\" target=\"_blank\" rel=\"noreferrer noopener\"><\/a><a href=\"https:\/\/www.linkedin.com\/shareArticle?mini=true&amp;url=https%3A%2F%2Ffr.apanews.net%2Fnews%2Fmali-senegal-vers-le-renforcement-de-la-cooperation-militaire%2F\" target=\"_blank\" rel=\"noreferrer noopener\"><\/a><a href=\"https:\/\/t.me\/share\/url?url=https%3A%2F%2Ffr.apanews.net%2Fnews%2Fmali-senegal-vers-le-renforcement-de-la-cooperation-militaire%2F&amp;title=Mali-S%C3%A9n%C3%A9gal%20%3A%20vers%20le%20renforcement%20de%20la%20coop%C3%A9ration%20militaire%C2%A0\" target=\"_blank\" rel=\"noreferrer noopener\"><\/a><\/p>\n\n\n\n<p><strong>Les ministres de la D\u00e9fense malien et s\u00e9n\u00e9galais se sont engag\u00e9s \u00e0 Bamako \u00e0 renforcer leur coop\u00e9ration bilat\u00e9rale, notamment dans la lutte contre le terrorisme et la criminalit\u00e9 transfrontali\u00e8re. Une rencontre de deux jours qui intervient apr\u00e8s le retrait du Mali de la C\u00e9d\u00e9ao.<\/strong><\/p>\n\n\n\n<p>\u00ab&nbsp;<em>Le Mali a quitt\u00e9 la C\u00e9d\u00e9ao mais reste dispos\u00e9 \u00e0 b\u00e2tir des relations f\u00e9condes<\/em>&nbsp;\u00bb avec ses partenaires, notamment le S\u00e9n\u00e9gal. C\u2019est ce qu\u2019a d\u00e9clar\u00e9 le g\u00e9n\u00e9ral Sadio Camara, ministre malien de la D\u00e9fense, lors d\u2019une rencontre avec son homologue s\u00e9n\u00e9galais Birame Diop \u00e0 Bamako.<\/p>\n\n\n\n<p>Cette rencontre de haut niveau, qui a dur\u00e9 deux jours, intervient dans un contexte r\u00e9gional tendu. Le ministre s\u00e9n\u00e9galais a soulign\u00e9 avoir re\u00e7u des \u00ab&nbsp;<em>instructions du pr\u00e9sident Bassirou Diomaye Faye, qui accorde une priorit\u00e9 absolue au renforcement de la coop\u00e9ration entre le S\u00e9n\u00e9gal et le Mali<\/em>&nbsp;\u00bb, rapporte l\u2019arm\u00e9e malienne.<\/p>\n\n\n\n<p>Les deux pays, qui partagent une fronti\u00e8re de 419 kilom\u00e8tres, font face \u00e0 des d\u00e9fis s\u00e9curitaires communs. \u00ab&nbsp;<em>La lutte contre le terrorisme et l\u2019extr\u00e9misme violent, la criminalit\u00e9 transfrontali\u00e8re, les trafics illicites et les r\u00e9seaux criminels n\u00e9cessitent la mutualisation des efforts<\/em>&nbsp;\u00bb, a insist\u00e9 Birame Diop.<\/p>\n\n\n\n<p>Le ministre malien a par ailleurs \u00e9voqu\u00e9 la vision du pr\u00e9sident de la Transition, le g\u00e9n\u00e9ral Assimi Go\u00efta, bas\u00e9e sur \u00ab&nbsp;<em>le respect de la souverainet\u00e9 du Mali, le respect des choix strat\u00e9giques et le choix des partenaires ainsi que la prise en compte des int\u00e9r\u00eats du peuple malien<\/em>&nbsp;\u00bb.<\/p>\n\n\n\n<p>La coop\u00e9ration militaire entre les deux pays s\u2019est d\u00e9j\u00e0 concr\u00e9tis\u00e9e par des \u00e9changes de stagiaires dans les \u00e9coles militaires et des patrouilles frontali\u00e8res communes depuis la signature d\u2019un accord militaire technique en mars 2021. Les discussions ont \u00e9galement abord\u00e9 la question environnementale, notamment la pr\u00e9servation du fleuve Fal\u00e9m\u00e9, o\u00f9 l\u2019exploitation aurif\u00e8re a \u00e9t\u00e9 suspendue c\u00f4t\u00e9 s\u00e9n\u00e9galais.<\/p>\n\n\n\n<p><strong>MD\/ac\/Sf\/APA<\/strong><\/p>\n\n\n\n<p><a href=\"https:\/\/fr.apanews.net\/tag\/cooperation\/\">Coop\u00e9ration<\/a><a href=\"https:\/\/fr.apanews.net\/tag\/mali\/\">Mali<\/a><a href=\"https:\/\/fr.apanews.net\/tag\/securite\/\">S\u00e9cur<\/a><\/p>\n","protected":false},"excerpt":{"rendered":"<p>Cooperation\u00a0APA &#8211; BAMAKO (MALI) fr.apanews.net Les ministres de la D\u00e9fense malien et s\u00e9n\u00e9galais se sont engag\u00e9s \u00e0 Bamako \u00e0 renforcer leur coop\u00e9ration bilat\u00e9rale, notamment dans la lutte contre le terrorisme et la criminalit\u00e9 transfrontali\u00e8re. Une rencontre de deux jours qui intervient apr\u00e8s le retrait du Mali de la C\u00e9d\u00e9ao. \u00ab&nbsp;Le Mali a quitt\u00e9 la C\u00e9d\u00e9ao [&hellip;]<\/p>\n","protected":false},"author":2,"featured_media":60589,"comment_status":"open","ping_status":"open","sticky":false,"template":"","format":"standard","meta":{"footnotes":""},"categories":[1447],"tags":[],"class_list":["post-60588","post","type-post","status-publish","format-standard","has-post-thumbnail","hentry","category-afrique"],"_links":{"self":[{"href":"https:\/\/lestracesdelinfo.com\/index.php\/wp-json\/wp\/v2\/posts\/60588","targetHints":{"allow":["GET"]}}],"collection":[{"href":"https:\/\/lestracesdelinfo.com\/index.php\/wp-json\/wp\/v2\/posts"}],"about":[{"href":"https:\/\/lestracesdelinfo.com\/index.php\/wp-json\/wp\/v2\/types\/post"}],"author":[{"embeddable":true,"href":"https:\/\/lestracesdelinfo.com\/index.php\/wp-json\/wp\/v2\/users\/2"}],"replies":[{"embeddable":true,"href":"https:\/\/lestracesdelinfo.com\/index.php\/wp-json\/wp\/v2\/comments?post=60588"}],"version-history":[{"count":1,"href":"https:\/\/lestracesdelinfo.com\/index.php\/wp-json\/wp\/v2\/posts\/60588\/revisions"}],"predecessor-version":[{"id":60590,"href":"https:\/\/lestracesdelinfo.com\/index.php\/wp-json\/wp\/v2\/posts\/60588\/revisions\/60590"}],"wp:featuredmedia":[{"embeddable":true,"href":"https:\/\/lestracesdelinfo.com\/index.php\/wp-json\/wp\/v2\/media\/60589"}],"wp:attachment":[{"href":"https:\/\/lestracesdelinfo.com\/index.php\/wp-json\/wp\/v2\/media?parent=60588"}],"wp:term":[{"taxonomy":"category","embeddable":true,"href":"https:\/\/lestracesdelinfo.com\/index.php\/wp-json\/wp\/v2\/categories?post=60588"},{"taxonomy":"post_tag","embeddable":true,"href":"https:\/\/lestracesdelinfo.com\/index.php\/wp-json\/wp\/v2\/tags?post=60588"}],"curies":[{"name":"wp","href":"https:\/\/api.w.org\/{rel}","templated":true}]}}