{"id":60591,"date":"2025-02-07T09:36:02","date_gmt":"2025-02-07T09:36:02","guid":{"rendered":"https:\/\/lestracesdelinfo.com\/?p=60591"},"modified":"2025-02-07T09:36:47","modified_gmt":"2025-02-07T09:36:47","slug":"rdc-reunion-du-m23-a-goma-les-forces-congolaises-accumulees-dans-lest","status":"publish","type":"post","link":"https:\/\/lestracesdelinfo.com\/index.php\/2025\/02\/07\/rdc-reunion-du-m23-a-goma-les-forces-congolaises-accumulees-dans-lest\/","title":{"rendered":"RDC : r\u00e9union du M23 \u00e0 Goma, les forces congolaises accumul\u00e9es dans l\u2019est"},"content":{"rendered":"\n<p><a href=\"https:\/\/fr.apanews.net\/category\/tv\/\">TV<\/a>&nbsp;<img loading=\"lazy\" decoding=\"async\" width=\"32\" height=\"32\" alt=\"APA-Kinshasa (RDC)\" src=\"https:\/\/fr.apanews.net\/wp-content\/uploads\/sites\/2\/2023\/02\/APA-Ico-150x150-1-48x48.png\" srcset=\"https:\/\/fr.apanews.net\/wp-content\/uploads\/sites\/2\/2023\/02\/APA-Ico-150x150-1-48x48.png 48w, https:\/\/fr.apanews.net\/wp-content\/uploads\/sites\/2\/2023\/02\/APA-Ico-150x150-1-70x70.png 70w, https:\/\/fr.apanews.net\/wp-content\/uploads\/sites\/2\/2023\/02\/APA-Ico-150x150-1-24x24.png 24w, https:\/\/fr.apanews.net\/wp-content\/uploads\/sites\/2\/2023\/02\/APA-Ico-150x150-1-96x96.png 96w, https:\/\/fr.apanews.net\/wp-content\/uploads\/sites\/2\/2023\/02\/APA-Ico-150x150-1.png 150w\"><a>APA-Kinshasa (RDC)<\/a>06 f\u00e9vrier 2025 | 15:42<\/p>\n\n\n\n<figure class=\"wp-block-embed is-type-video is-provider-youtube wp-block-embed-youtube wp-embed-aspect-16-9 wp-has-aspect-ratio\"><div class=\"wp-block-embed__wrapper\">\n<iframe loading=\"lazy\" title=\"RDC : r\u00e9union du M23 \u00e0 Goma, les forces congolaises accumul\u00e9es dans l&#039;est\" width=\"640\" height=\"360\" src=\"https:\/\/www.youtube.com\/embed\/RX3dEC6rPgo?feature=oembed\" frameborder=\"0\" allow=\"accelerometer; autoplay; clipboard-write; encrypted-media; gyroscope; picture-in-picture; web-share\" referrerpolicy=\"strict-origin-when-cross-origin\" allowfullscreen><\/iframe>\n<\/div><\/figure>\n\n\n\n<p><a href=\"https:\/\/www.facebook.com\/sharer.php?u=https%3A%2F%2Ffr.apanews.net%2Ftv%2Frdc-reunion-du-m23-a-goma-les-forces-congolaises-accumulees-dans-lest%2F\" target=\"_blank\" rel=\"noreferrer noopener\"><\/a><a href=\"https:\/\/twitter.com\/intent\/tweet?url=https%3A%2F%2Ffr.apanews.net%2Ftv%2Frdc-reunion-du-m23-a-goma-les-forces-congolaises-accumulees-dans-lest%2F&amp;text=RDC%20%3A%20r%C3%A9union%20du%20M23%20%C3%A0%20Goma%2C%20les%20forces%20congolaises%20accumul%C3%A9es%20dans%20l%27est\" target=\"_blank\" rel=\"noreferrer noopener\"><\/a><a href=\"https:\/\/wa.me\/?text=RDC%20%3A%20r%C3%A9union%20du%20M23%20%C3%A0%20Goma%2C%20les%20forces%20congolaises%20accumul%C3%A9es%20dans%20l%27est%20https%3A%2F%2Ffr.apanews.net%2Ftv%2Frdc-reunion-du-m23-a-goma-les-forces-congolaises-accumulees-dans-lest%2F\" target=\"_blank\" rel=\"noreferrer noopener\"><\/a><a href=\"mailto:?subject=RDC%20%3A%20r%C3%A9union%20du%20M23%20%C3%A0%20Goma%2C%20les%20forces%20congolaises%20accumul%C3%A9es%20dans%20l%27est&amp;body=https%3A%2F%2Ffr.apanews.net%2Ftv%2Frdc-reunion-du-m23-a-goma-les-forces-congolaises-accumulees-dans-lest%2F\" target=\"_blank\" rel=\"noreferrer noopener\"><\/a><a href=\"https:\/\/www.linkedin.com\/shareArticle?mini=true&amp;url=https%3A%2F%2Ffr.apanews.net%2Ftv%2Frdc-reunion-du-m23-a-goma-les-forces-congolaises-accumulees-dans-lest%2F\" target=\"_blank\" rel=\"noreferrer noopener\"><\/a><a href=\"https:\/\/t.me\/share\/url?url=https%3A%2F%2Ffr.apanews.net%2Ftv%2Frdc-reunion-du-m23-a-goma-les-forces-congolaises-accumulees-dans-lest%2F&amp;title=RDC%20%3A%20r%C3%A9union%20du%20M23%20%C3%A0%20Goma%2C%20les%20forces%20congolaises%20accumul%C3%A9es%20dans%20l%27est\" target=\"_blank\" rel=\"noreferrer noopener\"><\/a><\/p>\n\n\n\n<p>Le M23 a assur\u00e9 vouloir \u00ab&nbsp;lib\u00e9rer tout le Congo&nbsp;\u00bb lors de son premier meeting jeudi \u00e0 Goma, ville conquise au prix de plusieurs milliers de morts, au moment o\u00f9 les forces congolaises sont accul\u00e9es par l\u2019avanc\u00e9e du groupe arm\u00e9 et ses alli\u00e9s rwandais dans l\u2019est de la RDC.<\/p>\n\n\n\n<p>Apr\u00e8s s\u2019\u00eatre empar\u00e9s la semaine derni\u00e8re de la capitale de la province du Nord-Kivu, le M23 et les troupes rwandaises ont lanc\u00e9 mercredi une nouvelle offensive dans la province voisine du Sud-Kivu et conquis la cit\u00e9 mini\u00e8re, Nyabibwe \u00e0 environ 100 km du chef-lieu Bukavu et 70km de son a\u00e9roport.<\/p>\n\n\n\n<p>FK\/CRK\/SMT<\/p>\n\n\n\n<p>Share.<a href=\"https:\/\/www.facebook.com\/sharer.php?u=https%3A%2F%2Ffr.apanews.net%2Ftv%2Frdc-reunion-du-m23-a-goma-les-forces-congolaises-accumulees-dans-lest%2F\" target=\"_blank\" rel=\"noreferrer noopener\"><\/a><\/p>\n","protected":false},"excerpt":{"rendered":"<p>TV&nbsp;APA-Kinshasa (RDC)06 f\u00e9vrier 2025 | 15:42 Le M23 a assur\u00e9 vouloir \u00ab&nbsp;lib\u00e9rer tout le Congo&nbsp;\u00bb lors de son premier meeting jeudi \u00e0 Goma, ville conquise au prix de plusieurs milliers de morts, au moment o\u00f9 les forces congolaises sont accul\u00e9es par l\u2019avanc\u00e9e du groupe arm\u00e9 et ses alli\u00e9s rwandais dans l\u2019est de la RDC. Apr\u00e8s [&hellip;]<\/p>\n","protected":false},"author":2,"featured_media":60593,"comment_status":"open","ping_status":"open","sticky":false,"template":"","format":"standard","meta":{"footnotes":""},"categories":[1447],"tags":[],"class_list":["post-60591","post","type-post","status-publish","format-standard","has-post-thumbnail","hentry","category-afrique"],"_links":{"self":[{"href":"https:\/\/lestracesdelinfo.com\/index.php\/wp-json\/wp\/v2\/posts\/60591","targetHints":{"allow":["GET"]}}],"collection":[{"href":"https:\/\/lestracesdelinfo.com\/index.php\/wp-json\/wp\/v2\/posts"}],"about":[{"href":"https:\/\/lestracesdelinfo.com\/index.php\/wp-json\/wp\/v2\/types\/post"}],"author":[{"embeddable":true,"href":"https:\/\/lestracesdelinfo.com\/index.php\/wp-json\/wp\/v2\/users\/2"}],"replies":[{"embeddable":true,"href":"https:\/\/lestracesdelinfo.com\/index.php\/wp-json\/wp\/v2\/comments?post=60591"}],"version-history":[{"count":1,"href":"https:\/\/lestracesdelinfo.com\/index.php\/wp-json\/wp\/v2\/posts\/60591\/revisions"}],"predecessor-version":[{"id":60594,"href":"https:\/\/lestracesdelinfo.com\/index.php\/wp-json\/wp\/v2\/posts\/60591\/revisions\/60594"}],"wp:featuredmedia":[{"embeddable":true,"href":"https:\/\/lestracesdelinfo.com\/index.php\/wp-json\/wp\/v2\/media\/60593"}],"wp:attachment":[{"href":"https:\/\/lestracesdelinfo.com\/index.php\/wp-json\/wp\/v2\/media?parent=60591"}],"wp:term":[{"taxonomy":"category","embeddable":true,"href":"https:\/\/lestracesdelinfo.com\/index.php\/wp-json\/wp\/v2\/categories?post=60591"},{"taxonomy":"post_tag","embeddable":true,"href":"https:\/\/lestracesdelinfo.com\/index.php\/wp-json\/wp\/v2\/tags?post=60591"}],"curies":[{"name":"wp","href":"https:\/\/api.w.org\/{rel}","templated":true}]}}