{"id":60608,"date":"2025-02-10T17:50:55","date_gmt":"2025-02-10T17:50:55","guid":{"rendered":"https:\/\/lestracesdelinfo.com\/?p=60608"},"modified":"2025-02-10T17:51:00","modified_gmt":"2025-02-10T17:51:00","slug":"la-presidence-mauritanienne-de-lunion-africaine-une-annee-de-performances-remarquables-pour-le-continent","status":"publish","type":"post","link":"https:\/\/lestracesdelinfo.com\/index.php\/2025\/02\/10\/la-presidence-mauritanienne-de-lunion-africaine-une-annee-de-performances-remarquables-pour-le-continent\/","title":{"rendered":"La pr\u00e9sidence mauritanienne de l\u2019Union africaine\u2026 une ann\u00e9e de performances remarquables pour le continent"},"content":{"rendered":"\n<p>AMI<\/p>\n\n\n\n<p>la Mauritanie, repr\u00e9sent\u00e9e par l<strong>e Pr\u00e9sident Mohamed Ould Cheikh El Ghazouani, a a<\/strong>ssum\u00e9 la pr\u00e9sidence de l\u2019Union Africaine, un honneur mais aussi une responsabilit\u00e9 que nos fr\u00e8res africains ont plac\u00e9 dansle pays et qui a \u00e9t\u00e9 du reste \u00e0 la hauteur du d\u00e9fi.<\/p>\n\n\n\n<figure class=\"wp-block-image size-full\"><img loading=\"lazy\" decoding=\"async\" width=\"750\" height=\"430\" src=\"https:\/\/lestracesdelinfo.com\/wp-content\/uploads\/2025\/02\/image-3.png\" alt=\"\" class=\"wp-image-60609\" srcset=\"https:\/\/lestracesdelinfo.com\/wp-content\/uploads\/2025\/02\/image-3.png 750w, https:\/\/lestracesdelinfo.com\/wp-content\/uploads\/2025\/02\/image-3-300x172.png 300w\" sizes=\"auto, (max-width: 750px) 100vw, 750px\" \/><\/figure>\n\n\n\n<p>D\u00e8s le premier instant, lors de son discours d\u2019investiture \u00e0 la Pr\u00e9sidence de l\u2019organisation continentale, le Pr\u00e9sident a clairement identifi\u00e9 les probl\u00e8mes majeurs dont souffre l\u2019Afrique, cribl\u00e9e de nombreuses blessures. Il a \u00e9voqu\u00e9 le probl\u00e8me de l\u2019\u00e9ducation en Afrique et comment des dizaines de millions d\u2019enfants d\u2019aujourd\u2019hui, les b\u00e2tisseurs de demain, sont en dehors des salles de classe.<\/p>\n\n\n\n<p>Il a \u00e9galement \u00e9voqu\u00e9 les conflits arm\u00e9s qui s\u00e9vissent dans plusieurs pays africains et la mani\u00e8re dont ils sapent les efforts de paix et de d\u00e9veloppement et g\u00e2chent les opportunit\u00e9s de construction. Le Pr\u00e9sident a, en outre, \u00e9voqu\u00e9 les ressources de l\u2019Afrique, soulignant la n\u00e9cessit\u00e9 d\u2019en tirer parti pour b\u00e2tir des \u00e9conomies fortes, capables de r\u00e9sister aux crises.<\/p>\n\n\n\n<p>Dans son discours de diagnostic sur la r\u00e9alit\u00e9 de l\u2019Afrique et ce qu\u2019elle devrait \u00eatre, le Pr\u00e9sident a abord\u00e9 la question de la s\u00e9curit\u00e9 alimentaire, car le continent africain poss\u00e8de la plus grande superficie agricole au monde, mais il ne peut pas produire sa propre nourriture.<\/p>\n\n\n\n<p>Face \u00e0 ces probl\u00e8mes et \u00e0 d\u2019autres, la Mauritanie a laiss\u00e9 une empreinte particuli\u00e8re lors de sa Pr\u00e9sidence de l\u2019Union africaine.<\/p>\n\n\n\n<p>En mati\u00e8re d\u2019\u00e9ducation, la capitale, Nouakchott, a accueilli un sommet, auquel ont particip\u00e9 un certain nombre de pr\u00e9sidents africains, des dizaines de ministres concern\u00e9s par l\u2019\u00e9ducation sur le continent, ainsi que des experts du domaine et des partenaires au d\u00e9veloppement. Ce sommet a abouti \u00e0 un diagnostic pr\u00e9cis de la r\u00e9alit\u00e9 de l\u2019\u00e9ducation et de ses d\u00e9fis, et a propos\u00e9 des solutions pour la faire progresser, ce qui permettra \u00e0 l\u2019Union africaine de commencer \u00e0 l\u2019avenir \u00e0 mettre en \u0153uvre ces solutions, afin de construire un continent \u00e9duqu\u00e9. Il va sans dire que les nations non \u00e9duqu\u00e9es ne peuvent pr\u00e9valoir, c\u2019est pourquoi tirer la sonnette d\u2019alarme en mati\u00e8re d\u2019\u00e9ducation a \u00e9t\u00e9 un choix strat\u00e9gique important pour l\u2019Afrique, et c\u2019est \u00e0 la Mauritanie qu\u2019est revenu ce r\u00f4le.<\/p>\n\n\n\n<p>Concernant le dossier de la paix et de la stabilit\u00e9, le Pr\u00e9sident de la R\u00e9publique, Pr\u00e9sident en exercice de l\u2019Union Africaine, a effectu\u00e9 une visite dans la capitale libyenne, Tripoli, au cours de laquelle il a rencontr\u00e9 diverses parties libyennes et re\u00e7u d\u2019autres parties au Palais pr\u00e9sidentiel \u00e0 Nouakchott, dans le cadre des efforts visant \u00e0 mettre fin \u00e0 l\u2019instabilit\u00e9 dans ce pays pivot de l\u2019Afrique du Nord, o\u00f9 la situation a, par ailleurs, des r\u00e9percussions directes sur les pays du Sahel africain.<\/p>\n\n\n\n<p>Ainsi, le dossier libyen a connu une \u00e9volution remarquable au niveau de l\u2019Union africaine pendant la pr\u00e9sidence mauritanienne, apr\u00e8s que les discussions \u00e0 son sujet se soient quasiment confin\u00e9es aux Nations unies et \u00e0 certaines capitales occidentales.<\/p>\n\n\n\n<p>Cette nouvelle dynamique a jou\u00e9 un r\u00f4le important en donnant \u00e0 l\u2019Afrique la confiance n\u00e9cessaire pour r\u00e9soudre ses probl\u00e8mes par elle-m\u00eame, sans recourir \u00e0 un m\u00e9diateur ou \u00e0 quelqu\u2019un agissant en son nom. Les Nations Unies semblent avoir accept\u00e9 cet \u00e9tat de fait, puisque son secr\u00e9taire g\u00e9n\u00e9ral, Antonio Guterres, a nomm\u00e9 la diplomate ghan\u00e9enne Hannah Serwaa Tetteh comme envoy\u00e9e sp\u00e9ciale en Libye.<\/p>\n\n\n\n<p>Concernant la situation au Soudan, o\u00f9 l\u2019on n\u2019entend plus que le sifflement des balles et le rugissement des explosions depuis avril 2023, en raison de la guerre qui fait rage entre l\u2019arm\u00e9e et les Forces de soutien rapide, Nouakchott a abrit\u00e9 une conf\u00e9rence sur la crise soudanaise, et le Pr\u00e9sident de la R\u00e9publique a re\u00e7u le commandant de l\u2019arm\u00e9e et pr\u00e9sident du Conseil de souverainet\u00e9 de transition soudanais, Abdel Fattah Al-Burhan, et a appel\u00e9 \u00e0 l\u2019occasion \u00e0 cesser les combats pour \u00e9pargner le sang des Soudanais, et pour sauver le pays et son avenir, exprimant la disposition de la Mauritanie et de l\u2019Union africaine \u00e0 tout mettre en \u0153uvre pour y parvenir.<\/p>\n\n\n\n<p>A la lumi\u00e8re de la r\u00e9cente reprise des combats dans l\u2019Est de la R\u00e9publique d\u00e9mocratique du Congo entre les rebelles du M23 et l\u2019arm\u00e9e congolaise, des r\u00e9percussions humanitaires majeures du conflit au niveau interne et des craintes de ses \u00e9ventuelles r\u00e9percussions r\u00e9gionales, le Pr\u00e9sident a fermement appel\u00e9 \u00e0 un cessez-le-feu et \u00e0 la recherche d\u2019une solution pacifique, et le Conseil africain de paix et de s\u00e9curit\u00e9 a pris l\u2019initiative de tenir une r\u00e9union consacr\u00e9e \u00e0 la discussion de la crise congolaise.<\/p>\n\n\n\n<p>Ainsi, si la Mauritanie est pr\u00e9sente l\u00e0 o\u00f9 elle doit l\u2019\u00eatre, pour contribuer \u00e0 la r\u00e9solution des conflits du continent, et pour appeler \u00e0 la n\u00e9cessit\u00e9 de miser sur le d\u00e9veloppement, c\u2019est pr\u00e9cis\u00e9ment parce que c\u2019est pour ce d\u00e9veloppement- l\u00e0 que tous les combats doivent \u00eatre men\u00e9s.<\/p>\n\n\n\n<p>Dans ce contexte, sous la pr\u00e9sidence mauritanienne de l\u2019Union africaine, un sommet sur l\u2019\u00e9conomie africaine s\u2019est tenu \u00e0 Abidjan et la Tanzanie a accueilli un sommet sur l\u2019\u00e9nergie. A l\u2019ouverture des deux sommets, le Pr\u00e9sident a prononc\u00e9 deux discours dans lesquels il a identifi\u00e9 les principaux probl\u00e8mes auxquels l\u2019\u00e9conomie du continent est confront\u00e9e et les moyens de les surmonter.<\/p>\n\n\n\n<p>Sur le plan diplomatique, l\u2019Union Africaine a connu un rayonnement international remarquable sous la pr\u00e9sidence mauritanienne, et le Pr\u00e9sident a particip\u00e9, en son nom, \u00e0 de nombreux sommets et r\u00e9unions onusiennes et internationales, et a d\u00e9fendu avec force la n\u00e9cessit\u00e9 de rendre justice \u00e0 l\u2019Afrique et de renforcer la coop\u00e9ration avec elle.<\/p>\n\n\n\n<p>Tout ce qui pr\u00e9c\u00e8de et plus encore montre clairement que la pr\u00e9sidence mauritanienne de l\u2019Union africaine n\u2019a pas \u00e9t\u00e9 \u00e9ph\u00e9m\u00e8re, mais a plut\u00f4t laiss\u00e9 un grand impact et un h\u00e9ritage important de performances et de r\u00e9alisations au profit d\u2019un continent qui m\u00e9rite mieux que sa r\u00e9alit\u00e9 actuelle et qui dispose de la capacit\u00e9 d\u2019y parvenir. La Mauritanie est pass\u00e9e par l\u00e0, et voici son impact.<\/p>\n\n\n\n<p><a href=\"https:\/\/www.facebook.com\/sharer\/sharer.php?u=https%3A%2F%2Fami.mr%2Ffr%2Farchives%2F264563\" rel=\"noreferrer noopener\" target=\"_blank\"><\/a><a href=\"https:\/\/twitter.com\/intent\/tweet?text=La%20pr%C3%A9sidence%20mauritanienne%20de%20l%E2%80%99Union%20africaine%E2%80%A6%20une%20ann%C3%A9e%20de%20performances%20remarquables%20pour%20le%20continent&amp;url=https%3A%2F%2Fami.mr%2Ffr%2Farchives%2F264563\" rel=\"noreferrer noopener\" target=\"_blank\"><\/a><a href=\"https:\/\/api.whatsapp.com\/send?text=La%20pr%C3%A9sidence%20mauritanienne%20de%20l%E2%80%99Union%20africaine%E2%80%A6%20une%20ann%C3%A9e%20de%20performances%20remarquables%20pour%20le%20continent%20https%3A%2F%2Fami.mr%2Ffr%2Farchives%2F264563\" rel=\"noreferrer noopener\" target=\"_blank\"><\/a><a href=\"https:\/\/www.instagram.com\/\" rel=\"noreferrer noopener\" target=\"_blank\"><\/a><a href=\"https:\/\/ami.mr\/fr\/archives\/264563\"><\/a><\/p>\n","protected":false},"excerpt":{"rendered":"<p>AMI la Mauritanie, repr\u00e9sent\u00e9e par le Pr\u00e9sident Mohamed Ould Cheikh El Ghazouani, a assum\u00e9 la pr\u00e9sidence de l\u2019Union Africaine, un honneur mais aussi une responsabilit\u00e9 que nos fr\u00e8res africains ont plac\u00e9 dansle pays et qui a \u00e9t\u00e9 du reste \u00e0 la hauteur du d\u00e9fi. D\u00e8s le premier instant, lors de son discours d\u2019investiture \u00e0 la [&hellip;]<\/p>\n","protected":false},"author":2,"featured_media":60610,"comment_status":"open","ping_status":"open","sticky":false,"template":"","format":"standard","meta":{"footnotes":""},"categories":[1449],"tags":[],"class_list":["post-60608","post","type-post","status-publish","format-standard","has-post-thumbnail","hentry","category-national"],"_links":{"self":[{"href":"https:\/\/lestracesdelinfo.com\/index.php\/wp-json\/wp\/v2\/posts\/60608","targetHints":{"allow":["GET"]}}],"collection":[{"href":"https:\/\/lestracesdelinfo.com\/index.php\/wp-json\/wp\/v2\/posts"}],"about":[{"href":"https:\/\/lestracesdelinfo.com\/index.php\/wp-json\/wp\/v2\/types\/post"}],"author":[{"embeddable":true,"href":"https:\/\/lestracesdelinfo.com\/index.php\/wp-json\/wp\/v2\/users\/2"}],"replies":[{"embeddable":true,"href":"https:\/\/lestracesdelinfo.com\/index.php\/wp-json\/wp\/v2\/comments?post=60608"}],"version-history":[{"count":1,"href":"https:\/\/lestracesdelinfo.com\/index.php\/wp-json\/wp\/v2\/posts\/60608\/revisions"}],"predecessor-version":[{"id":60611,"href":"https:\/\/lestracesdelinfo.com\/index.php\/wp-json\/wp\/v2\/posts\/60608\/revisions\/60611"}],"wp:featuredmedia":[{"embeddable":true,"href":"https:\/\/lestracesdelinfo.com\/index.php\/wp-json\/wp\/v2\/media\/60610"}],"wp:attachment":[{"href":"https:\/\/lestracesdelinfo.com\/index.php\/wp-json\/wp\/v2\/media?parent=60608"}],"wp:term":[{"taxonomy":"category","embeddable":true,"href":"https:\/\/lestracesdelinfo.com\/index.php\/wp-json\/wp\/v2\/categories?post=60608"},{"taxonomy":"post_tag","embeddable":true,"href":"https:\/\/lestracesdelinfo.com\/index.php\/wp-json\/wp\/v2\/tags?post=60608"}],"curies":[{"name":"wp","href":"https:\/\/api.w.org\/{rel}","templated":true}]}}