{"id":60612,"date":"2025-02-10T17:53:52","date_gmt":"2025-02-10T17:53:52","guid":{"rendered":"https:\/\/lestracesdelinfo.com\/?p=60612"},"modified":"2025-02-10T17:53:57","modified_gmt":"2025-02-10T17:53:57","slug":"coalition-mise-en-place-du-fdr-amadou-ba-casse-le-front","status":"publish","type":"post","link":"https:\/\/lestracesdelinfo.com\/index.php\/2025\/02\/10\/coalition-mise-en-place-du-fdr-amadou-ba-casse-le-front\/","title":{"rendered":"Coalition \u2013 Mise en place du Fdr : AMADOU BA CASSE LE FRONT"},"content":{"rendered":"\n<p><a href=\"https:\/\/lequotidien.sn\/author\/aicha\/\">Lequotidien<\/a><\/p>\n\n\n\n<figure class=\"wp-block-image\"><img decoding=\"async\" src=\"https:\/\/lequotidien.sn\/wp-content\/uploads\/2025\/02\/Front-pour-la-defense-de-la-democratie-et-de-la-Republique-Fdr-978x364.jpg\" alt=\"\"\/><\/figure>\n\n\n\n<p><strong>Amadou Ba et la \u00abNouvelle Responsabilit\u00e9\u00bb ne font pas partie du Front pour la d\u00e9fense de la d\u00e9mocratie et de la R\u00e9publique (Fdr). L\u2019ancien candidat \u00e0 la derni\u00e8re Pr\u00e9sidentielle et ses camarades d\u00e9clarent qu\u2019ils ne peuvent pas se retrouver dans une m\u00eame entit\u00e9 avec des hommes politiques qui leur ont tourn\u00e9 le dos lors des deux scrutins majeurs de l\u2019ann\u00e9e 2024.<\/strong><strong>Par Amadou MBODJI \u2013&nbsp;<\/strong><\/p>\n\n\n\n<p>Amadou Ba et son mouvement politique \u00abNouvelle Responsabilit\u00e9\u00bb se d\u00e9marquent de la nouvelle coalition de l\u2019opposition, le Front pour la d\u00e9fense de la d\u00e9mocratie et de la R\u00e9publique (Fdr). Sur la liste des noms des leaders et des formations et mouvements politiques au nombre de soixante-onze (71), le nom de Amadou Ba et de son entit\u00e9 \u00e9taient inscrits en premier lieu. Des sources proches de la \u00abNouvelle Responsabilit\u00e9\u00bb, qui se sont confi\u00e9es au journal Le Quotidien, informent que Amadou Ba et ses camarades ne peuvent pas \u00abse retrouver dans la m\u00eame structure avec des gens qui (les) avaient l\u00e2ch\u00e9s lors de l\u2019\u00e9lection pr\u00e9sidentielle et des \u00e9lections l\u00e9gislatives\u00bb. Comme les observateurs et les nombreux participants de la rencontre des leaders de l\u2019opposition hier, la \u00abNouvelle responsabilit\u00e9\u00bb, qui devait \u00eatre repr\u00e9sent\u00e9e par l\u2019ancienne ministre Zahra Iyane Thiam, y \u00e9tait absente. A cette derni\u00e8re, indiquent nos informateurs, il a \u00e9t\u00e9 clairement signifi\u00e9 qu\u2019elle n\u2019\u00e9tait pas d\u00e9sign\u00e9e ou mandat\u00e9e pour s\u2019y rendre au nom de la formation politique de l\u2019ancien chef du gouvernement. Ainsi, le Fdr fait les frais de la guerre prolong\u00e9e entre Amadou Ba et ses anciens \u00abfr\u00e8res\u00bb de parti et leurs alli\u00e9s. L\u2019ancien candidat \u00e0 la derni\u00e8re Pr\u00e9sidentielle a toujours en travers de la gorge le \u00abcoup fourr\u00e9\u00bb de son ancien camp lors des deux scrutins majeurs de l\u2019ann\u00e9e derni\u00e8re.<br>Cette cassure provoqu\u00e9e par la \u00abNouvelle Responsabilit\u00e9\u00bb ne manquera pas d\u2019affecter l\u2019\u00e9volution du Fdr, qui a d\u00e9cid\u00e9 de croiser le fer avec le pouvoir en place.<\/p>\n\n\n\n<p><strong>Proc\u00e8s du r\u00e9gime<\/strong><br>Hier, en t\u00eate des leaders de la nouvelle coalition, il y avait Khalifa Ababacar Sall de Taxawu Senegaal et Anta Babacar Ngom de l\u2019Alternative pour une rel\u00e8ve citoyenne (Arc).<br>Ces partis de l\u2019opposition ont&nbsp;critiqu\u00e9 d\u2019embl\u00e9e le r\u00e9gime en place. C\u2019est ainsi que les camarades de Khalifa Sall parlent de&nbsp;\u00abrecul\u00bb d\u00e9mocratique dont la responsabilit\u00e9 est imput\u00e9e aux tenants du pouvoir.<br>\u00abL\u2019accession au pouvoir de Pastef se singularise par une nette rupture du processus de&nbsp;consolidation de la d\u00e9mocratie s\u00e9n\u00e9galaise qui s\u2019est toujours inscrit autour de r\u00e8gles du jeu politique \u00e9labor\u00e9es de mani\u00e8re consensuelle par tous les acteurs\u00bb, a d\u00e9clar\u00e9 le Fdr.<br>Ces derniers d\u00e9noncent les restrictions du droit de manifester et des libert\u00e9s. Ils ont aussi fustig\u00e9 les nombreuses arrestations de personnalit\u00e9s publiques.<br>Les membres du Fdr n\u2019ont pas aussi manqu\u00e9 de s\u2019\u00e9riger en d\u00e9fenseurs du d\u00e9put\u00e9 Takku Wallu, Farba Ngom, dont l\u2019immunit\u00e9 parlementaire avait \u00e9t\u00e9 lev\u00e9e il y a quelques semaines.<br>Les opposants ont aussi d\u00e9nonc\u00e9 l\u2019\u00abopacit\u00e9\u00bb not\u00e9e dans l\u2019organisation des \u00e9lections l\u00e9gislatives. Ce qui les am\u00e8ne \u00e0 r\u00e9clamer la gestion d\u00e9mocratique du processus \u00e9lectoral, notamment&nbsp;l\u2019ouverture imm\u00e9diate de concertations politiques autour de l\u2019\u00e9valuation des&nbsp;\u00e9lections pr\u00e9sidentielle et l\u00e9gislatives, et la revue du Code \u00e9lectoral. Les membres de ce front&nbsp; r\u00e9clament la r\u00e9vision concert\u00e9e de la l\u00e9gislation sur les partis politiques respectant le pluralisme et l\u2019ensemble des garanties offertes par la Constitution.<br>Le Fdr affirme qu\u2019il \u00abapportera un soutien actif \u00e0 l\u2019ensemble des luttes engag\u00e9es par les Forces vives&nbsp;pour d\u00e9fendre leurs droits sociaux et \u00e9conomiques contre les agressions du pouvoir&nbsp;Pastef\u00bb.<br>Le Fdr promet de s\u2019engager, \u00abdans les prochaines semaines, des actions d\u00e9cisives autour des exigences suivantes que sont la d\u00e9fense des libert\u00e9s et droits d\u00e9mocratiques, et notamment la lib\u00e9ration imm\u00e9diate et inconditionnelle de tous les prisonniers politiques et la fin des pers\u00e9cutions contre les opposants, les journalistes et les voix critiques\u00bb.<br><strong>ambodji@lequotidien.sn<\/strong><\/p>\n","protected":false},"excerpt":{"rendered":"<p>Lequotidien Amadou Ba et la \u00abNouvelle Responsabilit\u00e9\u00bb ne font pas partie du Front pour la d\u00e9fense de la d\u00e9mocratie et de la R\u00e9publique (Fdr). L\u2019ancien candidat \u00e0 la derni\u00e8re Pr\u00e9sidentielle et ses camarades d\u00e9clarent qu\u2019ils ne peuvent pas se retrouver dans une m\u00eame entit\u00e9 avec des hommes politiques qui leur ont tourn\u00e9 le dos lors [&hellip;]<\/p>\n","protected":false},"author":2,"featured_media":60613,"comment_status":"open","ping_status":"open","sticky":false,"template":"","format":"standard","meta":{"footnotes":""},"categories":[1306],"tags":[],"class_list":["post-60612","post","type-post","status-publish","format-standard","has-post-thumbnail","hentry","category-politique-general-politique-general"],"_links":{"self":[{"href":"https:\/\/lestracesdelinfo.com\/index.php\/wp-json\/wp\/v2\/posts\/60612","targetHints":{"allow":["GET"]}}],"collection":[{"href":"https:\/\/lestracesdelinfo.com\/index.php\/wp-json\/wp\/v2\/posts"}],"about":[{"href":"https:\/\/lestracesdelinfo.com\/index.php\/wp-json\/wp\/v2\/types\/post"}],"author":[{"embeddable":true,"href":"https:\/\/lestracesdelinfo.com\/index.php\/wp-json\/wp\/v2\/users\/2"}],"replies":[{"embeddable":true,"href":"https:\/\/lestracesdelinfo.com\/index.php\/wp-json\/wp\/v2\/comments?post=60612"}],"version-history":[{"count":1,"href":"https:\/\/lestracesdelinfo.com\/index.php\/wp-json\/wp\/v2\/posts\/60612\/revisions"}],"predecessor-version":[{"id":60614,"href":"https:\/\/lestracesdelinfo.com\/index.php\/wp-json\/wp\/v2\/posts\/60612\/revisions\/60614"}],"wp:featuredmedia":[{"embeddable":true,"href":"https:\/\/lestracesdelinfo.com\/index.php\/wp-json\/wp\/v2\/media\/60613"}],"wp:attachment":[{"href":"https:\/\/lestracesdelinfo.com\/index.php\/wp-json\/wp\/v2\/media?parent=60612"}],"wp:term":[{"taxonomy":"category","embeddable":true,"href":"https:\/\/lestracesdelinfo.com\/index.php\/wp-json\/wp\/v2\/categories?post=60612"},{"taxonomy":"post_tag","embeddable":true,"href":"https:\/\/lestracesdelinfo.com\/index.php\/wp-json\/wp\/v2\/tags?post=60612"}],"curies":[{"name":"wp","href":"https:\/\/api.w.org\/{rel}","templated":true}]}}