{"id":60718,"date":"2025-02-21T09:06:01","date_gmt":"2025-02-21T09:06:01","guid":{"rendered":"https:\/\/lestracesdelinfo.com\/?p=60718"},"modified":"2025-02-21T09:06:46","modified_gmt":"2025-02-21T09:06:46","slug":"cote-divoire-la-france-retrocede-sa-base-militaire-pres-dabidjan","status":"publish","type":"post","link":"https:\/\/lestracesdelinfo.com\/index.php\/2025\/02\/21\/cote-divoire-la-france-retrocede-sa-base-militaire-pres-dabidjan\/","title":{"rendered":"C\u00f4te d\u2019Ivoire\u00a0: La France r\u00e9troc\u00e8de sa base militaire pr\u00e8s d\u2019Abidjan"},"content":{"rendered":"\n<p><a href=\"https:\/\/sahel-intelligence.com\/author\/samuel\">Samuel Benshimon<\/a>                    <a href=\"https:\/\/sahel-intelligence.com\">sahel-intelligence.com<\/a><\/p>\n\n\n\n<figure class=\"wp-block-image\"><img decoding=\"async\" src=\"https:\/\/sahel-intelligence.com\/wp-content\/uploads\/2025\/02\/retrocession-752x440.jpg\" alt=\"\"\/><\/figure>\n\n\n\n<p>La France a officiellement r\u00e9troc\u00e9d\u00e9 \u00e0 la C\u00f4te d\u2019Ivoire, jeudi, sa base militaire strat\u00e9gique situ\u00e9e pr\u00e8s d\u2019Abidjan, qu\u2019elle occupait depuis pr\u00e8s de 50 ans. Cet acte, un d\u00e9part concert\u00e9, survient dans un contexte o\u00f9 plusieurs autres pays africains ont r\u00e9cemment demand\u00e9 le retrait de l\u2019arm\u00e9e fran\u00e7aise de leurs territoires.<\/p>\n\n\n\n<p>La c\u00e9r\u00e9monie de r\u00e9trocession, marqu\u00e9e par la pr\u00e9sence des ministres de la D\u00e9fense des deux pays, T\u00e9n\u00e9 Birahima Ouattara et S\u00e9bastien Lecornu, a eu lieu \u00e0 Port-Bou\u00ebt, o\u00f9 se trouve la base du 43e Bataillon d\u2019infanterie et de marine (43e BIMa). La base a \u00e9t\u00e9 rebaptis\u00e9e en l\u2019honneur de Thomas d\u2019Aquin Ouattara, le premier chef d\u2019\u00c9tat-major de l\u2019arm\u00e9e ivoirienne.<\/p>\n\n\n\n<p>T\u00e9n\u00e9 Birahima Ouattara a salu\u00e9 cet acte comme une \u00ab&nbsp;nouvelle \u00e9tape&nbsp;\u00bb dans les relations de coop\u00e9ration strat\u00e9gique entre les deux pays, pr\u00e9cisant que \u00ab&nbsp;le monde change&nbsp;\u00bb et que la relation de d\u00e9fense devait donc \u00e9voluer. S\u00e9bastien Lecornu a qualifi\u00e9 ce moment d\u2019&nbsp;\u00bbhistorique&nbsp;\u00bb, soulignant le caract\u00e8re \u00ab&nbsp;d\u2019amiti\u00e9&nbsp;\u00bb et de \u00ab&nbsp;professionnalisme&nbsp;\u00bb entre les deux nations, avant de pr\u00e9ciser que \u00ab&nbsp;la France transforme sa pr\u00e9sence mais ne dispara\u00eet pas&nbsp;\u00bb.<\/p>\n\n\n\n<p>La r\u00e9trocession, annonc\u00e9e par le pr\u00e9sident ivoirien Alassane Ouattara en d\u00e9cembre 2023, fait partie d\u2019un processus lanc\u00e9 il y a deux ans, dans le cadre de la r\u00e9organisation des forces fran\u00e7aises en Afrique. Cette d\u00e9cision intervient dans un contexte r\u00e9gional tendu, o\u00f9 plusieurs pays ont r\u00e9cemment exig\u00e9 le retrait de l\u2019arm\u00e9e fran\u00e7aise, suite \u00e0 la mont\u00e9e en puissance de r\u00e9gimes hostiles aux troupes fran\u00e7aises, notamment apr\u00e8s les coups d\u2019\u00c9tat dans le Sahel.<\/p>\n\n\n\n<p>La France a ainsi quitt\u00e9 le Mali en f\u00e9vrier 2022 apr\u00e8s la fin de l\u2019op\u00e9ration Barkhane, puis le Burkina Faso en 2023, \u00e0 la suite de l\u2019expulsion de ses troupes. En d\u00e9cembre 2023, les putschistes du Niger ont \u00e9galement exig\u00e9 le d\u00e9part des 1 500 soldats fran\u00e7ais d\u00e9ploy\u00e9s dans la lutte contre le jihadisme. R\u00e9cemment, le Tchad et le S\u00e9n\u00e9gal ont \u00e9galement demand\u00e9 le retrait des forces fran\u00e7aises de leur territoire.<\/p>\n","protected":false},"excerpt":{"rendered":"<p>Samuel Benshimon sahel-intelligence.com La France a officiellement r\u00e9troc\u00e9d\u00e9 \u00e0 la C\u00f4te d\u2019Ivoire, jeudi, sa base militaire strat\u00e9gique situ\u00e9e pr\u00e8s d\u2019Abidjan, qu\u2019elle occupait depuis pr\u00e8s de 50 ans. Cet acte, un d\u00e9part concert\u00e9, survient dans un contexte o\u00f9 plusieurs autres pays africains ont r\u00e9cemment demand\u00e9 le retrait de l\u2019arm\u00e9e fran\u00e7aise de leurs territoires. La c\u00e9r\u00e9monie de [&hellip;]<\/p>\n","protected":false},"author":2,"featured_media":60719,"comment_status":"open","ping_status":"open","sticky":false,"template":"","format":"standard","meta":{"footnotes":""},"categories":[1447],"tags":[],"class_list":["post-60718","post","type-post","status-publish","format-standard","has-post-thumbnail","hentry","category-afrique"],"_links":{"self":[{"href":"https:\/\/lestracesdelinfo.com\/index.php\/wp-json\/wp\/v2\/posts\/60718","targetHints":{"allow":["GET"]}}],"collection":[{"href":"https:\/\/lestracesdelinfo.com\/index.php\/wp-json\/wp\/v2\/posts"}],"about":[{"href":"https:\/\/lestracesdelinfo.com\/index.php\/wp-json\/wp\/v2\/types\/post"}],"author":[{"embeddable":true,"href":"https:\/\/lestracesdelinfo.com\/index.php\/wp-json\/wp\/v2\/users\/2"}],"replies":[{"embeddable":true,"href":"https:\/\/lestracesdelinfo.com\/index.php\/wp-json\/wp\/v2\/comments?post=60718"}],"version-history":[{"count":1,"href":"https:\/\/lestracesdelinfo.com\/index.php\/wp-json\/wp\/v2\/posts\/60718\/revisions"}],"predecessor-version":[{"id":60720,"href":"https:\/\/lestracesdelinfo.com\/index.php\/wp-json\/wp\/v2\/posts\/60718\/revisions\/60720"}],"wp:featuredmedia":[{"embeddable":true,"href":"https:\/\/lestracesdelinfo.com\/index.php\/wp-json\/wp\/v2\/media\/60719"}],"wp:attachment":[{"href":"https:\/\/lestracesdelinfo.com\/index.php\/wp-json\/wp\/v2\/media?parent=60718"}],"wp:term":[{"taxonomy":"category","embeddable":true,"href":"https:\/\/lestracesdelinfo.com\/index.php\/wp-json\/wp\/v2\/categories?post=60718"},{"taxonomy":"post_tag","embeddable":true,"href":"https:\/\/lestracesdelinfo.com\/index.php\/wp-json\/wp\/v2\/tags?post=60718"}],"curies":[{"name":"wp","href":"https:\/\/api.w.org\/{rel}","templated":true}]}}