{"id":60726,"date":"2025-02-21T09:25:09","date_gmt":"2025-02-21T09:25:09","guid":{"rendered":"https:\/\/lestracesdelinfo.com\/?p=60726"},"modified":"2025-02-21T09:26:15","modified_gmt":"2025-02-21T09:26:15","slug":"le-president-de-la-republique-supervise-le-lancement-du-programme-developpement-des-villes-de-taazour","status":"publish","type":"post","link":"https:\/\/lestracesdelinfo.com\/index.php\/2025\/02\/21\/le-president-de-la-republique-supervise-le-lancement-du-programme-developpement-des-villes-de-taazour\/","title":{"rendered":"Le Pr\u00e9sident de la R\u00e9publique supervise le lancement du programme \u00ab D\u00e9veloppement des villes de Taazour\u201d"},"content":{"rendered":"\n<p>AMI<\/p>\n\n\n\n<figure class=\"wp-block-image\"><a href=\"https:\/\/ami.mr\/fr\/wp-content\/uploads\/2025\/02\/20-02-2025-s00200.jpg\"><img decoding=\"async\" src=\"https:\/\/ami.mr\/fr\/wp-content\/uploads\/2025\/02\/20-02-2025-s00200-750x430.jpg\" alt=\"\"\/><\/a><\/figure>\n\n\n<div class=\"wp-block-image\">\n<figure class=\"alignleft\"><img decoding=\"async\" src=\"https:\/\/ami.mr\/fr\/wp-content\/uploads\/2025\/02\/20-02-2025-s00150-300x180.jpg\" alt=\"\" class=\"wp-image-265559\"\/><\/figure>\n<\/div>\n\n\n<p>S.E. le Pr\u00e9sident de la R\u00e9publique, M. Mohamed Ould Cheikh El Ghazouani, a lanc\u00e9, jeudi soir, au stade de \u00ab Mellah\u2019, dans la moughataa de Toujounine, \u00e0 Nouakchott Nord, le programme \u00ab Ta\u2019meer les Villes de Taazour \u00bb (D\u00e9veloppement des villes de Taazour), mis en \u0153uvre par la D\u00e9l\u00e9gation G\u00e9n\u00e9rale \u00e0 la Solidarit\u00e9 Nationale et \u00e0 la Lutte contre l\u2019Exclusion (Taazour).<\/p>\n\n\n\n<p>Dans le discours prononc\u00e9 lors de la c\u00e9r\u00e9monie, S.E. le Pr\u00e9sident de la R\u00e9publique a d\u00e9clar\u00e9 : \u00ab En annon\u00e7ant le lancement du programme \u00ab D\u00e9veloppement des villes de Taazour \u00bb, j\u2019appelle le gouvernement, les \u00e9lus et tous les acteurs nationaux, notamment les savants, les imams, les leaders d\u2019opinion, les hommes d\u2019affaires, les cadres, les jeunes et les femmes, \u00e0 s\u2019engager activement dans ce programme et ses grands objectifs \u00bb.<\/p>\n\n\n\n<p>Son Excellence le Pr\u00e9sident de la R\u00e9publique a suivi un expos\u00e9 sur les objectifs de ce programme, qui se veut global et diversifi\u00e9, les m\u00e9thodes techniques qui seront adopt\u00e9es pour mettre en \u0153uvre chaque composante selon les r\u00e8gles \u00e9tablies, et la nouvelle r\u00e9alit\u00e9 que ce programme cr\u00e9era, que ce soit en termes d\u2019\u00e9galit\u00e9 des chances, d\u2019\u00e9radication de la pauvret\u00e9 et des bidonvilles, ainsi que d\u2019harmonie entre les populations d\u2019un m\u00eame pays.<\/p>\n\n\n<div class=\"wp-block-image\">\n<figure class=\"alignleft\"><img decoding=\"async\" src=\"https:\/\/ami.mr\/fr\/wp-content\/uploads\/2025\/02\/20-02-2025-s00100-300x200.jpg\" alt=\"\" class=\"wp-image-265554\"\/><\/figure>\n<\/div>\n\n\n<p>Dans une allocution prononc\u00e9e \u00e0 cette occasion, le d\u00e9l\u00e9gu\u00e9 g\u00e9n\u00e9ral \u00e0 la solidarit\u00e9 nationale et \u00e0 la lutte contre l\u2019exclusion, M. Cheikh Abdellahi Bedda , a souhait\u00e9 la bienvenue \u00e0 S.E. le Pr\u00e9sident de la R\u00e9publique et lui a transmis les salutations de la communaut\u00e9 Taazour, qui compte aujourd\u2019hui 307 mille familles n\u00e9cessiteuses inscrites au registre social, ainsi que ses profonds remerciements et sa gratitude \u00e0 S.E. le Pr\u00e9sident de la R\u00e9publique pour son soutien constant aux classes vuln\u00e9rables, sa pr\u00e9sence constante \u00e0 leurs c\u00f4t\u00e9s et son travail inlassable pour \u00e9lever leur niveau de vie, r\u00e9aliser leur int\u00e9gration \u00e9conomique et sociale et favoriser leur int\u00e9gration dans le courant de la civilisation et du d\u00e9veloppement.<\/p>\n\n\n\n<p>Il a rappel\u00e9 l\u2019\u00e9tat des d\u00e9penses gouvernementales en mati\u00e8re de lutte contre la pauvret\u00e9 et l\u2019exclusion avant la prise de fonction de Son Excellence le Pr\u00e9sident de la R\u00e9publique, o\u00f9 le dernier budget annuel allou\u00e9 \u00e0 la lutte contre la pauvret\u00e9 et l\u2019exclusion avant sa prise de fonction en 2019 \u00e9tait de 7 milliards et 200 millions d\u2019anciennes ouguiyas, alors que ce montant est pass\u00e9 \u00e0 plus de 50 milliards par an d\u00e8s son accession au pouvoir, soulignant que c\u2019est la meilleure preuve de la haute priorit\u00e9 que Son Excellence accorde aux classes vuln\u00e9rables.<\/p>\n\n\n\n<p>Malgr\u00e9 toutes ses r\u00e9alisations, Taazour a encore besoin de r\u00e9formes pour accro\u00eetre son efficacit\u00e9 et am\u00e9liorer son impact sur les groupes cibles, ce que Son Excellence s\u2019est engag\u00e9 \u00e0 faire dans son programme \u00ab Mon ambition pour la patrie \u00bb, ajoutant que, conform\u00e9ment \u00e0 ces engagements, la D\u00e9l\u00e9gation g\u00e9n\u00e9rale a adopt\u00e9 une nouvelle approche qui la transforme d\u2019un simple guichet de services en un organe dynamique qui travaille en coordination avec les diff\u00e9rents secteurs gouvernementaux, en plus d\u2019entreprendre des r\u00e9formes fondamentales visant une gestion rationnelle et transparente de ses ressources.<\/p>\n\n\n\n<p>C\u2019est dans le cadre de cette nouvelle dynamique de r\u00e9forme qu\u2019a \u00e9t\u00e9 mis en place le programme \u00ab D\u00e9veloppement des villes de Taazour \u00bb. Il s\u2019agit d\u2019un programme vaste et ambitieux inspir\u00e9 par les nobles significations et guid\u00e9 par la vision profonde exprim\u00e9e par Son Excellence le Pr\u00e9sident de la R\u00e9publique dans ses discours historiques de Ouadane (2021), Dj\u00e9ol (2023) et Chinguitty (2024), o\u00f9 il a appel\u00e9 \u00e0 un sursaut national fort pour changer les mentalit\u00e9s n\u00e9gatives et se d\u00e9barrasser des pr\u00e9jug\u00e9s \u00e9triqu\u00e9s. Il a soulign\u00e9 que c\u2019est \u00e0 cet appel que ce nouveau programme cherche \u00e0 r\u00e9pondre et \u00e0 incarner une r\u00e9alit\u00e9 pour le pr\u00e9sent et l\u2019avenir de notre nation.<\/p>\n\n\n\n<p>Il a expliqu\u00e9 que ce programme se concentrera sur le changement des mentalit\u00e9s, le renforcement de la coh\u00e9sion nationale, le d\u00e9veloppement de la conscience civique et la cr\u00e9ation d\u2019une soci\u00e9t\u00e9 homog\u00e8ne capable de coexister et d\u2019agir conjointement gr\u00e2ce \u00e0 une s\u00e9rie d\u2019interventions simultan\u00e9es dans les zones de pauvret\u00e9 et de fragilit\u00e9, en fournissant des infrastructures et des services de base, en finan\u00e7ant des activit\u00e9s g\u00e9n\u00e9ratrices de revenus et des petites et moyennes entreprises, et en lan\u00e7ant une s\u00e9rie d\u2019actions de sensibilisation parall\u00e8les qui changeront les mentalit\u00e9s gr\u00e2ce \u00e0 des conf\u00e9rences nocturnes visant \u00e0 inculquer des valeurs religieuses et civiques donn\u00e9es par les pionniers du programme \u00ab D\u00e9veloppement des villes de Taazour \u00bb, qui se compose d\u2019\u00e9minentes personnalit\u00e9s acad\u00e9miques, soci\u00e9tales et politiques. Des programmes sp\u00e9ciaux redonnent \u00e0 la mosqu\u00e9e, \u00e0 la mahadra, \u00e0 l\u2019\u00e9cole, aux centres de jeunesse, aux aires de jeux et aux clubs culturels et sportifs leur r\u00f4le de sensibilisation et d\u2019\u00e9ducation impr\u00e9gn\u00e9 des valeurs de la vraie religion et de la culture de la citoyennet\u00e9, pour aboutir \u00e0 des moughataas d\u00e9velopp\u00e9es et prosp\u00e8res dans lesquels les citoyens peuvent vivre, parce que chaque entit\u00e9 (mosqu\u00e9e, comit\u00e9s municipaux, soci\u00e9t\u00e9 civile) aura jou\u00e9 pleinement son r\u00f4le pour prot\u00e9ger la soci\u00e9t\u00e9 contre les comportements nuisibles tels que la drogue, la violence ou la criminalit\u00e9, etc.<\/p>\n\n\n<div class=\"wp-block-image\">\n<figure class=\"alignleft\"><img decoding=\"async\" src=\"https:\/\/ami.mr\/fr\/wp-content\/uploads\/2025\/02\/20-02-2025-s0060-300x200.jpg\" alt=\"\" class=\"wp-image-265557\"\/><\/figure>\n<\/div>\n\n\n<p>Pour sa part, le maire de la commune de Toujounine, M. Sid\u2019Ahmed El Filali, a affirm\u00e9 que les r\u00e9alisations du pr\u00e9sident de la R\u00e9publique refl\u00e8tent la grande attention qu\u2019il accorde aux couches vuln\u00e9rables, \u00e9num\u00e9rant quelques-unes des r\u00e9alisations accomplies au cours du premier mandat, et exprimant la fiert\u00e9 des citoyens pour les r\u00e9alisations accomplies.<\/p>\n\n\n\n<p>Il a demand\u00e9 la mise en \u0153uvre de certains projets prioritaires dans la commune, qui constitueront un saut qualitatif dans le d\u00e9veloppement et la modernisation de la moughataa.<\/p>\n\n\n\n<p>Au d\u00e9but de la c\u00e9r\u00e9monie, le coordinateur national des programmes \u00ab Baraka \u00bb et \u00ab Tameer \u00bb, M. Mohamed Ahid Ould Esselmou, a fait une pr\u00e9sentation d\u00e9taill\u00e9e du programme de d\u00e9veloppement des villes de Taazour.<\/p>\n\n\n\n<p>Le doyen des pionniers du programme, le maire de la commune de N\u2019Djako, M. Boydiel Hommeid, a \u00e9galement pris la parole \u00e9voquant les objectifs fix\u00e9s par la d\u00e9l\u00e9gation, les qualifiant de grands et nobles et refl\u00e9tant la volont\u00e9 du Pr\u00e9sident de la R\u00e9publique de lutter contre le fl\u00e9au de la pauvret\u00e9 et de soutenir les groupes vuln\u00e9rables, tout en cherchant \u00e0 promouvoir un d\u00e9veloppement int\u00e9gr\u00e9 au profit des populations, \u00e0 travers leur int\u00e9gration sociale et \u00e9conomique, en mettant l\u2019accent sur l\u2019am\u00e9lioration de leurs conditions de vie.<\/p>\n\n\n\n<p>Il a ajout\u00e9 que le d\u00e9veloppement des villes de Taazour est une nouvelle vision, notant que ce type d\u2019id\u00e9e n\u00e9cessite un travail pr\u00e9alable, car il est difficile de lutter contre les pr\u00e9jug\u00e9s, sans un travail de sensibilisation des populations et la prise de leur avis sur les investissements qui leur sont destin\u00e9s.<\/p>\n\n\n<div class=\"wp-block-image\">\n<figure class=\"alignleft\"><img decoding=\"async\" src=\"https:\/\/ami.mr\/fr\/wp-content\/uploads\/2025\/02\/20-02-2025-s0070-300x200.jpg\" alt=\"\" class=\"wp-image-265555\"\/><\/figure>\n<\/div>\n\n\n<p>Pour sa part, le vice-pr\u00e9sident de la r\u00e9gion de Nouakchott, M. Sidi Mohamed Lemine Beirouk, s\u2019est f\u00e9licit\u00e9 du lancement du programme \u00ab D\u00e9veloppement des villes de Taazour \u00bb, qui vise \u00e0 apporter des transformations \u00e9conomiques et sociales rapides aux villes et quartiers fragiles.<\/p>\n\n\n\n<p>Il a soulign\u00e9 la d\u00e9termination de la r\u00e9gion de Nouakchott \u00e0 d\u00e9ployer tous les efforts pour soutenir et accompagner toutes les politiques visant \u00e0 mettre en \u0153uvre le programme du Pr\u00e9sident de la R\u00e9publique, qui vise \u00e0 am\u00e9liorer les conditions de vie de la population et \u00e0 poursuivre le processus de construction, de progr\u00e8s et de prosp\u00e9rit\u00e9 dans les diff\u00e9rents domaines.<\/p>\n\n\n\n<p>Il a ajout\u00e9 que la r\u00e9gion accorde une grande importance au domaine social, et a r\u00e9alis\u00e9 plusieurs interventions qui concernent des infrastructures de base tels que l\u2019eau potable, la sant\u00e9, les transports, l\u2019\u00e9clairage public, l\u2019\u00e9ducation, l\u2019agriculture urbaine, la formation professionnelle, la jeunesse et les sports.<\/p>\n\n\n\n<p>Au cours de la c\u00e9r\u00e9monie, un film mettant en valeur les r\u00e9alisations de la D\u00e9l\u00e9gation g\u00e9n\u00e9rale \u00e0 la solidarit\u00e9 nationale et \u00e0 la lutte contre l\u2019exclusion \u00ab Raazour \u00bb a \u00e9t\u00e9 projet\u00e9, ainsi que des transitions po\u00e9tiques en langues nationales.<\/p>\n\n\n\n<p>Le projet \u00ab d\u00e9veloppement des villes de Taazour\u00bb vise \u00e0 d\u00e9velopper les zones urbaines fragiles et \u00e0 encourager le regroupement rural \u00e0 travers des \u00ab Villes Taazour \u00bb, en utilisant une approche multisectorielle, pour assurer un d\u00e9veloppement int\u00e9gr\u00e9 qui contribue \u00e0 la lutte contre la pauvret\u00e9 et promeut la solidarit\u00e9 nationale.<\/p>\n\n\n\n<p>Ce projet permettra une transformation profonde et durable des zones urbaines et rurales fragiles et de leurs conditions de vie, en les r\u00e9habilitant en espaces modernes et conformes aux exigences du d\u00e9veloppement contemporain.<\/p>\n\n\n\n<p>Le projet vise \u00e9galement \u00e0 soutenir un d\u00e9veloppement \u00e9conomique durable et inclusif, \u00e0 promouvoir la coh\u00e9sion sociale et la culture de la citoyennet\u00e9, \u00e0 encourager le volontariat, \u00e0 faciliter l\u2019acc\u00e8s aux infrastructures de base, \u00e0 r\u00e9duire les disparit\u00e9s sociales et communautaires et \u00e0 am\u00e9liorer les conditions de vie des populations vuln\u00e9rables.<\/p>\n\n\n\n<p>Le projet encourage les habitants des zones cibl\u00e9es \u00e0 s\u2019engager dans une citoyennet\u00e9 active et responsable, fond\u00e9e sur les valeurs de solidarit\u00e9 nationale, d\u2019engagement civique et de participation active \u00e0 la gestion de leurs propres affaires.<\/p>\n\n\n\n<p>Il repose sur un programme multidisciplinaire de d\u00e9veloppement int\u00e9gr\u00e9, bas\u00e9 sur trois axes principaux : Le premier concerne les infrastructures et les services de base, tandis que les deuxi\u00e8me et troisi\u00e8me sont li\u00e9s \u00e0 des projets d\u2019inclusion \u00e9conomique et \u00e0 la promotion de l\u2019engagement civique.<\/p>\n\n\n\n<p>Le projet sera mis en \u0153uvre sur une p\u00e9riode de cinq ans, avec un suivi p\u00e9riodique pour \u00e9valuer son impact et ses r\u00e9sultats, afin de garantir la r\u00e9alisation des objectifs fix\u00e9s et de proc\u00e9der aux ajustements n\u00e9cessaires en fonction des besoins.<\/p>\n\n\n\n<p>Le projet, qui cible les zones o\u00f9 le taux de pauvret\u00e9 est sup\u00e9rieur \u00e0 la moyenne nationale et o\u00f9 vivent plus de 300 familles, comprend une campagne de sensibilisation intensive, encourageant le volontariat, organisant des discussions participatives et promouvant l\u2019adoption du projet par la communaut\u00e9.<\/p>\n\n\n\n<p>Le lancement officiel de ce programme s\u2019est d\u00e9roul\u00e9 en pr\u00e9sence de S.E le Premier Ministre El Moctar Ould Djay, du Ministre Secr\u00e9taire g\u00e9n\u00e9ral de la Pr\u00e9sidence de la R\u00e9publique, du Ministre charg\u00e9 du cabinet du Pr\u00e9sident de la R\u00e9publique, des deux Ministres Conseillers \u00e0 la Pr\u00e9sidence de la R\u00e9publique, de plusieurs membres du gouvernement, du wali de Nouakchott Nord, du Vice-Pr\u00e9sident de la R\u00e9gion de Nouakchott, du hakem et du maire de Toujounine, des membres du corps diplomatique, des responsables des services militaires et de s\u00e9curit\u00e9, et des \u00e9lus.<\/p>\n\n\n\n<p><a href=\"https:\/\/www.facebook.com\/sharer\/sharer.php?u=https%3A%2F%2Fami.mr%2Ffr%2Farchives%2F265553\" rel=\"noreferrer noopener\" target=\"_blank\"><\/a><a href=\"https:\/\/twitter.com\/intent\/tweet?text=Le%20Pr%C3%A9sident%20de%20la%20R%C3%A9publique%20supervise%20le%20lancement%20du%20programme%20%C2%AB%20D%C3%A9veloppement%20des%20villes%20de%20Taazour%22&amp;url=https%3A%2F%2Fami.mr%2Ffr%2Farchives%2F265553\" rel=\"noreferrer noopener\" target=\"_blank\"><\/a><a href=\"https:\/\/api.whatsapp.com\/send?text=Le%20Pr%C3%A9sident%20de%20la%20R%C3%A9publique%20supervise%20le%20lancement%20du%20programme%20%C2%AB%20D%C3%A9veloppement%20des%20villes%20de%20Taazour%22%20https%3A%2F%2Fami.mr%2Ffr%2Farchives%2F265553\" rel=\"noreferrer noopener\" target=\"_blank\"><\/a><a href=\"https:\/\/www.instagram.com\/\" rel=\"noreferrer noopener\" target=\"_blank\"><\/a><a href=\"https:\/\/ami.mr\/fr\/archives\/265553\"><\/a><\/p>\n","protected":false},"excerpt":{"rendered":"<p>AMI S.E. le Pr\u00e9sident de la R\u00e9publique, M. Mohamed Ould Cheikh El Ghazouani, a lanc\u00e9, jeudi soir, au stade de \u00ab Mellah\u2019, dans la moughataa de Toujounine, \u00e0 Nouakchott Nord, le programme \u00ab Ta\u2019meer les Villes de Taazour \u00bb (D\u00e9veloppement des villes de Taazour), mis en \u0153uvre par la D\u00e9l\u00e9gation G\u00e9n\u00e9rale \u00e0 la Solidarit\u00e9 Nationale [&hellip;]<\/p>\n","protected":false},"author":2,"featured_media":60727,"comment_status":"open","ping_status":"open","sticky":false,"template":"","format":"standard","meta":{"footnotes":""},"categories":[1449],"tags":[],"class_list":["post-60726","post","type-post","status-publish","format-standard","has-post-thumbnail","hentry","category-national"],"_links":{"self":[{"href":"https:\/\/lestracesdelinfo.com\/index.php\/wp-json\/wp\/v2\/posts\/60726","targetHints":{"allow":["GET"]}}],"collection":[{"href":"https:\/\/lestracesdelinfo.com\/index.php\/wp-json\/wp\/v2\/posts"}],"about":[{"href":"https:\/\/lestracesdelinfo.com\/index.php\/wp-json\/wp\/v2\/types\/post"}],"author":[{"embeddable":true,"href":"https:\/\/lestracesdelinfo.com\/index.php\/wp-json\/wp\/v2\/users\/2"}],"replies":[{"embeddable":true,"href":"https:\/\/lestracesdelinfo.com\/index.php\/wp-json\/wp\/v2\/comments?post=60726"}],"version-history":[{"count":1,"href":"https:\/\/lestracesdelinfo.com\/index.php\/wp-json\/wp\/v2\/posts\/60726\/revisions"}],"predecessor-version":[{"id":60728,"href":"https:\/\/lestracesdelinfo.com\/index.php\/wp-json\/wp\/v2\/posts\/60726\/revisions\/60728"}],"wp:featuredmedia":[{"embeddable":true,"href":"https:\/\/lestracesdelinfo.com\/index.php\/wp-json\/wp\/v2\/media\/60727"}],"wp:attachment":[{"href":"https:\/\/lestracesdelinfo.com\/index.php\/wp-json\/wp\/v2\/media?parent=60726"}],"wp:term":[{"taxonomy":"category","embeddable":true,"href":"https:\/\/lestracesdelinfo.com\/index.php\/wp-json\/wp\/v2\/categories?post=60726"},{"taxonomy":"post_tag","embeddable":true,"href":"https:\/\/lestracesdelinfo.com\/index.php\/wp-json\/wp\/v2\/tags?post=60726"}],"curies":[{"name":"wp","href":"https:\/\/api.w.org\/{rel}","templated":true}]}}