{"id":61006,"date":"2025-03-17T07:22:36","date_gmt":"2025-03-17T07:22:36","guid":{"rendered":"https:\/\/lestracesdelinfo.com\/?p=61006"},"modified":"2025-03-17T07:23:30","modified_gmt":"2025-03-17T07:23:30","slug":"la-ministre-senegalaise-des-affaires-etrangeres-se-rend-en-mauritanie-et-rencontre-sa-communaute","status":"publish","type":"post","link":"https:\/\/lestracesdelinfo.com\/index.php\/2025\/03\/17\/la-ministre-senegalaise-des-affaires-etrangeres-se-rend-en-mauritanie-et-rencontre-sa-communaute\/","title":{"rendered":"La ministre s\u00e9n\u00e9galaise des Affaires \u00e9trang\u00e8res se rend en Mauritanie et rencontre sa communaut\u00e9"},"content":{"rendered":"\n<p><br>Source :\u00a0<strong><a href=\"https:\/\/futureafrique.net\/node\/18438\" target=\"_blank\" rel=\"noreferrer noopener\">Future Afrique &#8211; Mauritanie<\/a><\/strong><\/p>\n\n\n\n<figure class=\"wp-block-image\"><img decoding=\"async\" src=\"https:\/\/futureafrique.net\/sites\/default\/files\/styles\/large\/public\/field\/image\/yacine-copie-3_3592_0.jpg?itok=Qv1YUScE\" alt=\"\"\/><\/figure>\n\n\n\n<p>La ministre de l&rsquo;Int\u00e9gration africaine et des Affaires \u00e9trang\u00e8res du S\u00e9n\u00e9gal, Yacine Fall, devrait effectuer une visite en Mauritanie lundi, au cours de laquelle elle rencontrera des responsables mauritaniens. L&rsquo;objectif est de discuter des r\u00e9cents d\u00e9veloppements concernant le dossier des migrants irr\u00e9guliers, ainsi que de l&rsquo;expulsion par la Mauritanie de nombreux d&rsquo;entre eux vers le S\u00e9n\u00e9gal et le Mali.<\/p>\n\n\n\n<p>La ministre devrait \u00e9galement tenir une r\u00e9union avec des repr\u00e9sentants de la communaut\u00e9 s\u00e9n\u00e9galaise en Mauritanie afin de recueillir des informations sur les d\u00e9veloppements et d&rsquo;en discuter les d\u00e9tails avec eux.<\/p>\n\n\n\n<p>La ministre s\u00e9n\u00e9galaise avait d\u00e9clar\u00e9 que les autorit\u00e9s de son pays avaient exprim\u00e9 leurs regrets aupr\u00e8s de leurs homologues mauritaniens concernant \u00ab\u00a0le traitement inhumain subi par les personnes arr\u00eat\u00e9es par les autorit\u00e9s mauritaniennes et renvoy\u00e9es de force dans leur pays d&rsquo;origine\u00a0\u00bb.<\/p>\n\n\n\n<p>La ministre a ajout\u00e9 devant le Parlement que la Mauritanie \u00ab\u00a0s&rsquo;est engag\u00e9e \u00e0 informer le gouvernement s\u00e9n\u00e9galais avant la fin du mois de mars 2025 des modalit\u00e9s d&rsquo;obtention d&rsquo;un permis de s\u00e9jour et d&rsquo;une carte de r\u00e9sident pour les citoyens s\u00e9n\u00e9galais\u00a0\u00bb, soulignant que \u00ab\u00a0des discussions ont \u00e9t\u00e9 entam\u00e9es entre les deux pays pour garantir le respect des droits des citoyens s\u00e9n\u00e9galais et trouver des solutions permanentes \u00e0 cette question\u00a0\u00bb.<\/p>\n\n\n\n<p>La chef de la diplomatie s\u00e9n\u00e9galaise a soulign\u00e9 que la Mauritanie \u00ab\u00a0est actuellement confront\u00e9e \u00e0 la pression de l&rsquo;immigration irr\u00e9guli\u00e8re, qui s&rsquo;est aggrav\u00e9e en raison des crises dans la r\u00e9gion\u00a0\u00bb, tout en saluant \u00ab\u00a0les liens historiques et fraternels qui unissent les deux pays\u00a0\u00bb.<\/p>\n\n\n\n<p>Le ministre mauritanien des Affaires \u00e9trang\u00e8res, Mohamed Salem Ould Merzoug, a eu des entretiens t\u00e9l\u00e9phoniques avec ses homologues du S\u00e9n\u00e9gal, du Mali, de la Gambie et de la C\u00f4te d&rsquo;Ivoire au sujet des migrants irr\u00e9guliers, et a \u00e9galement re\u00e7u les ambassadeurs du Mali, de la Gambie et de la C\u00f4te d&rsquo;Ivoire, ainsi que le charg\u00e9 d&rsquo;affaires de l&rsquo;ambassade du S\u00e9n\u00e9gal \u00e0 Nouakchott.<\/p>\n\n\n\n<p>Les autorit\u00e9s mauritaniennes ont r\u00e9cemment lanc\u00e9 une campagne d&rsquo;arrestations visant des centaines de migrants irr\u00e9guliers et ont commenc\u00e9 \u00e0 les expulser vers leurs pays d&rsquo;origine.<\/p>\n","protected":false},"excerpt":{"rendered":"<p>Source :\u00a0Future Afrique &#8211; Mauritanie La ministre de l&rsquo;Int\u00e9gration africaine et des Affaires \u00e9trang\u00e8res du S\u00e9n\u00e9gal, Yacine Fall, devrait effectuer une visite en Mauritanie lundi, au cours de laquelle elle rencontrera des responsables mauritaniens. L&rsquo;objectif est de discuter des r\u00e9cents d\u00e9veloppements concernant le dossier des migrants irr\u00e9guliers, ainsi que de l&rsquo;expulsion par la Mauritanie de [&hellip;]<\/p>\n","protected":false},"author":2,"featured_media":61007,"comment_status":"open","ping_status":"open","sticky":false,"template":"","format":"standard","meta":{"footnotes":""},"categories":[1306],"tags":[],"class_list":["post-61006","post","type-post","status-publish","format-standard","has-post-thumbnail","hentry","category-politique-general-politique-general"],"_links":{"self":[{"href":"https:\/\/lestracesdelinfo.com\/index.php\/wp-json\/wp\/v2\/posts\/61006","targetHints":{"allow":["GET"]}}],"collection":[{"href":"https:\/\/lestracesdelinfo.com\/index.php\/wp-json\/wp\/v2\/posts"}],"about":[{"href":"https:\/\/lestracesdelinfo.com\/index.php\/wp-json\/wp\/v2\/types\/post"}],"author":[{"embeddable":true,"href":"https:\/\/lestracesdelinfo.com\/index.php\/wp-json\/wp\/v2\/users\/2"}],"replies":[{"embeddable":true,"href":"https:\/\/lestracesdelinfo.com\/index.php\/wp-json\/wp\/v2\/comments?post=61006"}],"version-history":[{"count":1,"href":"https:\/\/lestracesdelinfo.com\/index.php\/wp-json\/wp\/v2\/posts\/61006\/revisions"}],"predecessor-version":[{"id":61008,"href":"https:\/\/lestracesdelinfo.com\/index.php\/wp-json\/wp\/v2\/posts\/61006\/revisions\/61008"}],"wp:featuredmedia":[{"embeddable":true,"href":"https:\/\/lestracesdelinfo.com\/index.php\/wp-json\/wp\/v2\/media\/61007"}],"wp:attachment":[{"href":"https:\/\/lestracesdelinfo.com\/index.php\/wp-json\/wp\/v2\/media?parent=61006"}],"wp:term":[{"taxonomy":"category","embeddable":true,"href":"https:\/\/lestracesdelinfo.com\/index.php\/wp-json\/wp\/v2\/categories?post=61006"},{"taxonomy":"post_tag","embeddable":true,"href":"https:\/\/lestracesdelinfo.com\/index.php\/wp-json\/wp\/v2\/tags?post=61006"}],"curies":[{"name":"wp","href":"https:\/\/api.w.org\/{rel}","templated":true}]}}