{"id":61067,"date":"2025-03-23T19:59:49","date_gmt":"2025-03-23T19:59:49","guid":{"rendered":"https:\/\/lestracesdelinfo.com\/?p=61067"},"modified":"2025-03-23T20:00:23","modified_gmt":"2025-03-23T20:00:23","slug":"alegorganisation-de-la-troisieme-phase-du-rallye-des-sciences","status":"publish","type":"post","link":"https:\/\/lestracesdelinfo.com\/index.php\/2025\/03\/23\/alegorganisation-de-la-troisieme-phase-du-rallye-des-sciences\/","title":{"rendered":"Aleg:Organisation de la troisi\u00e8me phase du Rallye des sciences"},"content":{"rendered":"\n<p>ami<\/p>\n\n\n\n<figure class=\"wp-block-image\"><a href=\"https:\/\/ami.mr\/fr\/wp-content\/uploads\/2025\/03\/Sans-titre-1-4.jpg\"><img decoding=\"async\" src=\"https:\/\/ami.mr\/fr\/wp-content\/uploads\/2025\/03\/Sans-titre-1-4-750x430.jpg\" alt=\"\"\/><\/a><\/figure>\n\n\n\n<p>Le wali mou\u00e7aid du Brakna, M. Sidi Mohamed Ould Abdallahi Ould El Benani, a effectu\u00e9, dimanche, une visite au lyc\u00e9e d\u2019Aleg au cours de laquelle il s\u2019est inform\u00e9 du d\u00e9roulement de la troisi\u00e8me phase du concours du rallye des sciences qui a d\u00e9but\u00e9, dimanche \u00e0 Aleg, avec la participation de 27 concurrents.<\/p>\n\n\n\n<p>Le wali s\u2019est rendu dans toutes les salles qui abritent le concours o\u00f9 il s\u2019est inform\u00e9 sur les conditions dans lesquelles se d\u00e9roulent les examens.<\/p>\n\n\n\n<p>A la fin de la visite, le wali a d\u00e9clar\u00e9 \u00e0 l\u2019AMI que ce concours constitue une \u00e9tape importante de l\u2019orientation de l\u2019Etat vers la stimulation des \u00e9l\u00e8ves d\u2019une mani\u00e8re g\u00e9n\u00e9rale pour l\u2019acquisition des comp\u00e9tences essentielles en mati\u00e8re des sciences appliqu\u00e9es , soulignant que le minist\u00e8re de l\u2019\u00e9ducation et de la r\u00e9forme du syst\u00e8me de l\u2019enseignement a pris toutes les mesures de nature \u00e0 permettre le d\u00e9roulement de l\u2019examen dans des conditions satisfaisantes.<\/p>\n\n\n\n<p>La visite s\u2019est d\u00e9roul\u00e9e en pr\u00e9sence du hakem de la moughataa d\u2019Aleg, M. Mohamed Ould El Houcein Ould Dieih, du maire adjoint de la commune d\u2019Aleg, Mme Khadaja Mint Dhavi et du directeur r\u00e9gional de l\u2019\u00e9ducation et de la r\u00e9forme du syst\u00e8me d\u2019enseignement, M. Lemrabott Cheikh Mahmoud.<\/p>\n\n\n\n<p><a href=\"https:\/\/www.facebook.com\/sharer\/sharer.php?u=https%3A%2F%2Fami.mr%2Ffr%2Farchives%2F267619\" rel=\"noreferrer noopener\" target=\"_blank\"><\/a><a href=\"https:\/\/twitter.com\/intent\/tweet?text=Aleg%3AOrganisation%20de%20la%20troisi%C3%A8me%20phase%20du%20Rallye%20des%20sciences&amp;url=https%3A%2F%2Fami.mr%2Ffr%2Farchives%2F267619\" rel=\"noreferrer noopener\" target=\"_blank\"><\/a><a href=\"https:\/\/api.whatsapp.com\/send?text=Aleg%3AOrganisation%20de%20la%20troisi%C3%A8me%20phase%20du%20Rallye%20des%20sciences%20https%3A%2F%2Fami.mr%2Ffr%2Farchives%2F267619\" rel=\"noreferrer noopener\" target=\"_blank\"><\/a><a href=\"https:\/\/www.instagram.com\/\" rel=\"noreferrer noopener\" target=\"_blank\"><\/a><a href=\"https:\/\/ami.mr\/fr\/archives\/267619\"><\/a><\/p>\n","protected":false},"excerpt":{"rendered":"<p>ami Le wali mou\u00e7aid du Brakna, M. Sidi Mohamed Ould Abdallahi Ould El Benani, a effectu\u00e9, dimanche, une visite au lyc\u00e9e d\u2019Aleg au cours de laquelle il s\u2019est inform\u00e9 du d\u00e9roulement de la troisi\u00e8me phase du concours du rallye des sciences qui a d\u00e9but\u00e9, dimanche \u00e0 Aleg, avec la participation de 27 concurrents. Le wali [&hellip;]<\/p>\n","protected":false},"author":2,"featured_media":61068,"comment_status":"open","ping_status":"open","sticky":false,"template":"","format":"standard","meta":{"footnotes":""},"categories":[1307],"tags":[],"class_list":["post-61067","post","type-post","status-publish","format-standard","has-post-thumbnail","hentry","category-regions-ou-wilayas"],"_links":{"self":[{"href":"https:\/\/lestracesdelinfo.com\/index.php\/wp-json\/wp\/v2\/posts\/61067","targetHints":{"allow":["GET"]}}],"collection":[{"href":"https:\/\/lestracesdelinfo.com\/index.php\/wp-json\/wp\/v2\/posts"}],"about":[{"href":"https:\/\/lestracesdelinfo.com\/index.php\/wp-json\/wp\/v2\/types\/post"}],"author":[{"embeddable":true,"href":"https:\/\/lestracesdelinfo.com\/index.php\/wp-json\/wp\/v2\/users\/2"}],"replies":[{"embeddable":true,"href":"https:\/\/lestracesdelinfo.com\/index.php\/wp-json\/wp\/v2\/comments?post=61067"}],"version-history":[{"count":1,"href":"https:\/\/lestracesdelinfo.com\/index.php\/wp-json\/wp\/v2\/posts\/61067\/revisions"}],"predecessor-version":[{"id":61069,"href":"https:\/\/lestracesdelinfo.com\/index.php\/wp-json\/wp\/v2\/posts\/61067\/revisions\/61069"}],"wp:featuredmedia":[{"embeddable":true,"href":"https:\/\/lestracesdelinfo.com\/index.php\/wp-json\/wp\/v2\/media\/61068"}],"wp:attachment":[{"href":"https:\/\/lestracesdelinfo.com\/index.php\/wp-json\/wp\/v2\/media?parent=61067"}],"wp:term":[{"taxonomy":"category","embeddable":true,"href":"https:\/\/lestracesdelinfo.com\/index.php\/wp-json\/wp\/v2\/categories?post=61067"},{"taxonomy":"post_tag","embeddable":true,"href":"https:\/\/lestracesdelinfo.com\/index.php\/wp-json\/wp\/v2\/tags?post=61067"}],"curies":[{"name":"wp","href":"https:\/\/api.w.org\/{rel}","templated":true}]}}