{"id":61294,"date":"2025-04-18T10:23:08","date_gmt":"2025-04-18T10:23:08","guid":{"rendered":"https:\/\/lestracesdelinfo.com\/?p=61294"},"modified":"2025-04-18T10:23:11","modified_gmt":"2025-04-18T10:23:11","slug":"mali-55-millions-de-tonnes-de-riz-visees-dici-2030","status":"publish","type":"post","link":"https:\/\/lestracesdelinfo.com\/index.php\/2025\/04\/18\/mali-55-millions-de-tonnes-de-riz-visees-dici-2030\/","title":{"rendered":"Mali : 5,5 millions de tonnes de riz vis\u00e9es d\u2019ici 2030"},"content":{"rendered":"\n<p><img loading=\"lazy\" decoding=\"async\" width=\"32\" height=\"32\" srcset=\"https:\/\/fr.apanews.net\/wp-content\/uploads\/sites\/2\/2023\/09\/APA-Ico-48x48.png 48w, https:\/\/fr.apanews.net\/wp-content\/uploads\/sites\/2\/2023\/09\/APA-Ico-300x300.png 300w, https:\/\/fr.apanews.net\/wp-content\/uploads\/sites\/2\/2023\/09\/APA-Ico-150x150.png 150w, https:\/\/fr.apanews.net\/wp-content\/uploads\/sites\/2\/2023\/09\/APA-Ico-70x70.png 70w, https:\/\/fr.apanews.net\/wp-content\/uploads\/sites\/2\/2023\/09\/APA-Ico-450x450.png 450w, https:\/\/fr.apanews.net\/wp-content\/uploads\/sites\/2\/2023\/09\/APA-Ico-24x24.png 24w, https:\/\/fr.apanews.net\/wp-content\/uploads\/sites\/2\/2023\/09\/APA-Ico-96x96.png 96w, https:\/\/fr.apanews.net\/wp-content\/uploads\/sites\/2\/2023\/09\/APA-Ico.png 512w\" src=\"https:\/\/fr.apanews.net\/wp-content\/uploads\/sites\/2\/2023\/09\/APA-Ico-48x48.png\" alt=\"APA - BAMAKO (MALI)\"><a>APA &#8211; BAMAKO (MALI)<\/a><\/p>\n\n\n\n<figure class=\"wp-block-image\"><img decoding=\"async\" src=\"https:\/\/fr.apanews.net\/wp-content\/uploads\/sites\/2\/2025\/04\/FB_IMG_1744924202007.jpg\" alt=\"\" title=\"Mali : 5,5 millions de tonnes de riz vis\u00e9es d\u2019ici 2030\"\/><\/figure>\n\n\n\n<p>Partager<\/p>\n\n\n\n<p><a href=\"https:\/\/www.facebook.com\/sharer.php?u=https%3A%2F%2Ffr.apanews.net%2Fnews%2Fmali-55-millions-de-tonnes-de-riz-visees-dici-2030%2F\" target=\"_blank\" rel=\"noreferrer noopener\"><\/a><a href=\"https:\/\/twitter.com\/intent\/tweet?url=https%3A%2F%2Ffr.apanews.net%2Fnews%2Fmali-55-millions-de-tonnes-de-riz-visees-dici-2030%2F&amp;text=Mali%20%3A%205%2C5%20millions%20de%20tonnes%20de%20riz%20vis%C3%A9es%20d%E2%80%99ici%202030\" target=\"_blank\" rel=\"noreferrer noopener\"><\/a><a href=\"https:\/\/wa.me\/?text=Mali%20%3A%205%2C5%20millions%20de%20tonnes%20de%20riz%20vis%C3%A9es%20d%E2%80%99ici%202030%20https%3A%2F%2Ffr.apanews.net%2Fnews%2Fmali-55-millions-de-tonnes-de-riz-visees-dici-2030%2F\" target=\"_blank\" rel=\"noreferrer noopener\"><\/a><a href=\"mailto:?subject=Mali%20%3A%205%2C5%20millions%20de%20tonnes%20de%20riz%20vis%C3%A9es%20d%E2%80%99ici%202030&amp;body=https%3A%2F%2Ffr.apanews.net%2Fnews%2Fmali-55-millions-de-tonnes-de-riz-visees-dici-2030%2F\" target=\"_blank\" rel=\"noreferrer noopener\"><\/a><a href=\"https:\/\/www.linkedin.com\/shareArticle?mini=true&amp;url=https%3A%2F%2Ffr.apanews.net%2Fnews%2Fmali-55-millions-de-tonnes-de-riz-visees-dici-2030%2F\" target=\"_blank\" rel=\"noreferrer noopener\"><\/a><a href=\"https:\/\/t.me\/share\/url?url=https%3A%2F%2Ffr.apanews.net%2Fnews%2Fmali-55-millions-de-tonnes-de-riz-visees-dici-2030%2F&amp;title=Mali%20%3A%205%2C5%20millions%20de%20tonnes%20de%20riz%20vis%C3%A9es%20d%E2%80%99ici%202030\" target=\"_blank\" rel=\"noreferrer noopener\"><\/a><\/p>\n\n\n\n<p><strong>Confront\u00e9 \u00e0 un d\u00e9ficit persistant en riz malgr\u00e9 une production nationale en hausse, le Mali a lanc\u00e9, jeudi \u00e0 Bamako, un appel \u00e0 la mobilisation de financements pour soutenir son Programme national du syst\u00e8me de riziculture intensif (PN-SRI). L\u2019objectif : atteindre 5,5 millions de tonnes d\u2019ici 2030, contre 3 millions actuellement, et faire de la riziculture un pilier de sa souverainet\u00e9 alimentaire et de son d\u00e9veloppement \u00e9conomique.<\/strong><\/p>\n\n\n\n<p>Le Mali a lanc\u00e9 ce jeudi 17 avril 2025 un appel fort \u00e0 ses partenaires nationaux et internationaux, \u00e0 travers l\u2019ouverture du Forum national sur le financement durable du Programme national du syst\u00e8me de riziculture intensif (PN-SRI). Pr\u00e9sid\u00e9e par le Premier ministre, le g\u00e9n\u00e9ral de division Abdoulaye Ma\u00efga, cette rencontre vise \u00e0 mobiliser les ressources n\u00e9cessaires pour faire de la riziculture un levier strat\u00e9gique de souverainet\u00e9 alimentaire et de d\u00e9veloppement \u00e9conomique.<\/p>\n\n\n\n<p>Le forum s\u2019inscrit dans un contexte o\u00f9, malgr\u00e9 une production nationale de riz estim\u00e9e \u00e0 3 024 000 tonnes en 2023-2024 (contre 2 900 000 tonnes la saison pr\u00e9c\u00e9dente), le pays est encore contraint d\u2019importer pour couvrir sa consommation int\u00e9rieure. Le gouvernement entend ainsi porter cette production \u00e0 5,5 millions de tonnes d\u2019ici 2030, soit une hausse de plus de 80 %, en misant sur l\u2019essor du PN-SRI.<\/p>\n\n\n\n<p>Ce programme structurant s\u2019aligne sur la Vision Mali Kura \u0272\u025btaasira ka b\u025bn san 2063 et la Strat\u00e9gie nationale pour l\u2019\u00e9mergence et le d\u00e9veloppement durable (SNEDD 2024-2033). Il repose sur une volont\u00e9 affirm\u00e9e de moderniser les techniques culturales, de renforcer les capacit\u00e9s des riziculteurs et de d\u00e9velopper les infrastructures de transformation et de commercialisation.<\/p>\n\n\n\n<p>Le Premier ministre a soulign\u00e9 que cette ambition est port\u00e9e par le pr\u00e9sident de la Transition, le g\u00e9n\u00e9ral Assimi Go\u00efta, qui veut faire du Mali une puissance agricole r\u00e9gionale. L\u2019\u00c9tat a d\u00e9j\u00e0 annonc\u00e9 sa contribution \u00e0 hauteur de 60 % du financement total du PN-SRI, soit 14,112 milliards de francs CFA.<\/p>\n\n\n\n<p>Intervenant \u00e0 l\u2019ouverture des travaux, Fayiri Bolly, pr\u00e9sident de l\u2019interprofession riz, a salu\u00e9 l\u2019initiative, estimant que ce forum constitue une plateforme d\u00e9cisive pour attirer des investissements et s\u00e9curiser les revenus du monde paysan. Il a \u00e9galement insist\u00e9 sur la n\u00e9cessit\u00e9 d\u2019engagements concrets pour renforcer la r\u00e9silience alimentaire du pays.<\/p>\n\n\n\n<p>La c\u00e9r\u00e9monie a \u00e9t\u00e9 marqu\u00e9e par la signature d\u2019un manifeste d\u2019engagement entre l\u2019\u00c9tat, les acteurs du secteur agricole, les partenaires techniques et financiers ainsi que la soci\u00e9t\u00e9 civile. Le Premier ministre a, par ailleurs, salu\u00e9 le soutien actif de la coop\u00e9ration allemande dans le d\u00e9veloppement de la fili\u00e8re, appelant \u00e0 l\u2019\u00e9largissement de ces partenariats.<\/p>\n\n\n\n<p>Ce forum intervient dans un contexte r\u00e9gional marqu\u00e9 par les d\u00e9fis de la s\u00e9curit\u00e9 alimentaire et du changement climatique. En pla\u00e7ant la riziculture au centre de ses politiques agricoles, le Mali ambitionne de renforcer son autosuffisance et de consolider son r\u00f4le au sein de l\u2019Alliance des \u00c9tats du Sahel (AES).<\/p>\n\n\n\n<p><strong>MD\/ac\/APA<\/strong><\/p>\n","protected":false},"excerpt":{"rendered":"<p>APA &#8211; BAMAKO (MALI) Partager Confront\u00e9 \u00e0 un d\u00e9ficit persistant en riz malgr\u00e9 une production nationale en hausse, le Mali a lanc\u00e9, jeudi \u00e0 Bamako, un appel \u00e0 la mobilisation de financements pour soutenir son Programme national du syst\u00e8me de riziculture intensif (PN-SRI). L\u2019objectif : atteindre 5,5 millions de tonnes d\u2019ici 2030, contre 3 millions [&hellip;]<\/p>\n","protected":false},"author":2,"featured_media":61295,"comment_status":"open","ping_status":"open","sticky":false,"template":"","format":"standard","meta":{"footnotes":""},"categories":[1447],"tags":[],"class_list":["post-61294","post","type-post","status-publish","format-standard","has-post-thumbnail","hentry","category-afrique"],"_links":{"self":[{"href":"https:\/\/lestracesdelinfo.com\/index.php\/wp-json\/wp\/v2\/posts\/61294","targetHints":{"allow":["GET"]}}],"collection":[{"href":"https:\/\/lestracesdelinfo.com\/index.php\/wp-json\/wp\/v2\/posts"}],"about":[{"href":"https:\/\/lestracesdelinfo.com\/index.php\/wp-json\/wp\/v2\/types\/post"}],"author":[{"embeddable":true,"href":"https:\/\/lestracesdelinfo.com\/index.php\/wp-json\/wp\/v2\/users\/2"}],"replies":[{"embeddable":true,"href":"https:\/\/lestracesdelinfo.com\/index.php\/wp-json\/wp\/v2\/comments?post=61294"}],"version-history":[{"count":1,"href":"https:\/\/lestracesdelinfo.com\/index.php\/wp-json\/wp\/v2\/posts\/61294\/revisions"}],"predecessor-version":[{"id":61296,"href":"https:\/\/lestracesdelinfo.com\/index.php\/wp-json\/wp\/v2\/posts\/61294\/revisions\/61296"}],"wp:featuredmedia":[{"embeddable":true,"href":"https:\/\/lestracesdelinfo.com\/index.php\/wp-json\/wp\/v2\/media\/61295"}],"wp:attachment":[{"href":"https:\/\/lestracesdelinfo.com\/index.php\/wp-json\/wp\/v2\/media?parent=61294"}],"wp:term":[{"taxonomy":"category","embeddable":true,"href":"https:\/\/lestracesdelinfo.com\/index.php\/wp-json\/wp\/v2\/categories?post=61294"},{"taxonomy":"post_tag","embeddable":true,"href":"https:\/\/lestracesdelinfo.com\/index.php\/wp-json\/wp\/v2\/tags?post=61294"}],"curies":[{"name":"wp","href":"https:\/\/api.w.org\/{rel}","templated":true}]}}