{"id":61350,"date":"2025-04-22T18:04:40","date_gmt":"2025-04-22T18:04:40","guid":{"rendered":"https:\/\/lestracesdelinfo.com\/?p=61350"},"modified":"2025-04-22T18:04:42","modified_gmt":"2025-04-22T18:04:42","slug":"can-futsal-feminine-le-coup-denvoi-a-rabat","status":"publish","type":"post","link":"https:\/\/lestracesdelinfo.com\/index.php\/2025\/04\/22\/can-futsal-feminine-le-coup-denvoi-a-rabat\/","title":{"rendered":"CAN futsal f\u00e9minine : le coup d\u2019envoi \u00e0 Rabat"},"content":{"rendered":"\n<p><img loading=\"lazy\" decoding=\"async\" width=\"32\" height=\"32\" srcset=\"https:\/\/fr.apanews.net\/wp-content\/uploads\/sites\/2\/2023\/09\/APA-Ico-48x48.png 48w, https:\/\/fr.apanews.net\/wp-content\/uploads\/sites\/2\/2023\/09\/APA-Ico-300x300.png 300w, https:\/\/fr.apanews.net\/wp-content\/uploads\/sites\/2\/2023\/09\/APA-Ico-150x150.png 150w, https:\/\/fr.apanews.net\/wp-content\/uploads\/sites\/2\/2023\/09\/APA-Ico-70x70.png 70w, https:\/\/fr.apanews.net\/wp-content\/uploads\/sites\/2\/2023\/09\/APA-Ico-450x450.png 450w, https:\/\/fr.apanews.net\/wp-content\/uploads\/sites\/2\/2023\/09\/APA-Ico-24x24.png 24w, https:\/\/fr.apanews.net\/wp-content\/uploads\/sites\/2\/2023\/09\/APA-Ico-96x96.png 96w, https:\/\/fr.apanews.net\/wp-content\/uploads\/sites\/2\/2023\/09\/APA-Ico.png 512w\" src=\"https:\/\/fr.apanews.net\/wp-content\/uploads\/sites\/2\/2023\/09\/APA-Ico-48x48.png\" alt=\"APA-Rabat (Maroc)\"><a>APA-Rabat (Maroc)<\/a><\/p>\n\n\n\n<figure class=\"wp-block-image\"><img decoding=\"async\" src=\"https:\/\/fr.apanews.net\/wp-content\/uploads\/sites\/2\/2025\/04\/Screenshot_20250422-084333-1024x681.jpg\" alt=\"\" title=\"CAN futsal f\u00e9minine : le coup d\u2019envoi \u00e0 Rabat\"\/><\/figure>\n\n\n\n<p><a href=\"https:\/\/www.facebook.com\/sharer.php?u=https%3A%2F%2Ffr.apanews.net%2Fnews%2Fcan-futsal-feminine-le-coup-denvoi-a-rabat%2F\" target=\"_blank\" rel=\"noreferrer noopener\"><\/a><a href=\"https:\/\/twitter.com\/intent\/tweet?url=https%3A%2F%2Ffr.apanews.net%2Fnews%2Fcan-futsal-feminine-le-coup-denvoi-a-rabat%2F&amp;text=CAN%20futsal%20f%C3%A9minine%20%3A%20le%20coup%20d%E2%80%99envoi%20%C3%A0%20Rabat\" target=\"_blank\" rel=\"noreferrer noopener\"><\/a><a href=\"https:\/\/wa.me\/?text=CAN%20futsal%20f%C3%A9minine%20%3A%20le%20coup%20d%E2%80%99envoi%20%C3%A0%20Rabat%20https%3A%2F%2Ffr.apanews.net%2Fnews%2Fcan-futsal-feminine-le-coup-denvoi-a-rabat%2F\" target=\"_blank\" rel=\"noreferrer noopener\"><\/a><a href=\"mailto:?subject=CAN%20futsal%20f%C3%A9minine%20%3A%20le%20coup%20d%E2%80%99envoi%20%C3%A0%20Rabat&amp;body=https%3A%2F%2Ffr.apanews.net%2Fnews%2Fcan-futsal-feminine-le-coup-denvoi-a-rabat%2F\" target=\"_blank\" rel=\"noreferrer noopener\"><\/a><a href=\"https:\/\/www.linkedin.com\/shareArticle?mini=true&amp;url=https%3A%2F%2Ffr.apanews.net%2Fnews%2Fcan-futsal-feminine-le-coup-denvoi-a-rabat%2F\" target=\"_blank\" rel=\"noreferrer noopener\"><\/a><a href=\"https:\/\/t.me\/share\/url?url=https%3A%2F%2Ffr.apanews.net%2Fnews%2Fcan-futsal-feminine-le-coup-denvoi-a-rabat%2F&amp;title=CAN%20futsal%20f%C3%A9minine%20%3A%20le%20coup%20d%E2%80%99envoi%20%C3%A0%20Rabat\" target=\"_blank\" rel=\"noreferrer noopener\"><\/a><\/p>\n\n\n\n<p><strong>La toute premi\u00e8re Coupe d\u2019Afrique des Nations f\u00e9minine de futsal d\u00e9bute ce mardi 22 avril 2025 \u00e0 Rabat, r\u00e9unissant huit nations dont le S\u00e9n\u00e9gal pr\u00eat \u00e0 marquer l\u2019histoire.<\/strong><\/p>\n\n\n\n<p>Ce mardi, Rabat accueille le lancement historique de la toute premi\u00e8re Coupe d\u2019Afrique des Nations (CAN) f\u00e9minine de futsal, une comp\u00e9tition in\u00e9dite organis\u00e9e par la Conf\u00e9d\u00e9ration africaine de football (CAF). Neuf s\u00e9lections nationales s\u2019affrontent au Complexe sportif Moulay-Abdellah pour d\u00e9crocher le premier troph\u00e9e continental dans une discipline en pleine expansion sur le continent.<\/p>\n\n\n\n<p>Le Maroc, pays h\u00f4te et moteur du d\u00e9veloppement du futsal f\u00e9minin en Afrique, ouvre la comp\u00e9tition face \u00e0 la Namibie \u00e0 20h00, dans une ambiance promise \u00e0 \u00eatre \u00e9lectrique. Avant ce choc, deux autres rencontres inaugurales animeront la journ\u00e9e : Angola-Guin\u00e9e \u00e0 14h00 dans le groupe B, puis Madagascar-S\u00e9n\u00e9gal \u00e0 17h00 dans le groupe C.<\/p>\n\n\n\n<p>Le S\u00e9n\u00e9gal, habitu\u00e9 des grandes comp\u00e9titions continentales dans d\u2019autres cat\u00e9gories, fait ses d\u00e9buts dans cette nouvelle aventure avec de grandes ambitions. La s\u00e9lection, surnomm\u00e9e les<em>&nbsp;Lionnes de la Teranga,<\/em>&nbsp;est d\u00e9termin\u00e9e \u00e0 ne pas se contenter d\u2019une simple participation. \u00ab&nbsp;<em>On est l\u00e0 pour gagner la CAN<\/em>&nbsp;\u00bb, a d\u00e9clar\u00e9 la coach Aissatou Seck en conf\u00e9rence de presse, soulignant la motivation et la qualit\u00e9 technique de ses joueuses.<\/p>\n\n\n\n<p>Le S\u00e9n\u00e9gal entame donc son parcours face \u00e0 Madagascar, un adversaire \u00e9galement ambitieux, dans un match qui s\u2019annonce serr\u00e9 et d\u00e9terminant pour la suite du tournoi.<\/p>\n\n\n\n<p>Cette premi\u00e8re CAN f\u00e9minine de futsal marque une \u00e9tape majeure pour le football africain, offrant une nouvelle vitrine \u00e0 des talents f\u00e9minins en pleine ascension. La comp\u00e9tition s\u2019annonce passionnante, avec l\u2019espoir que cette premi\u00e8re \u00e9dition donne un nouvel \u00e9lan au futsal f\u00e9minin sur le continent, \u00e0 l\u2019image de ce que le football \u00e0 onze a d\u00e9j\u00e0 accompli.<\/p>\n\n\n\n<p>Rabat devient ainsi le th\u00e9\u00e2tre d\u2019un rendez-vous historique, o\u00f9 sport, ambition et espoir s\u2019entrem\u00ealent pour \u00e9crire une nouvelle page du football africain. Cette premi\u00e8re \u00e9dition de la CAN se d\u00e9roule au Maroc du 22 au 30 avril \u00e0 Rabat. Les deux finalistes de cette comp\u00e9tition d\u00e9crocheront leurs billets pour la Coupe du Monde de Futsal Philippines 2025.<\/p>\n\n\n\n<p><strong>SS\/ac\/Sf\/APA<\/strong><\/p>\n","protected":false},"excerpt":{"rendered":"<p>APA-Rabat (Maroc) La toute premi\u00e8re Coupe d\u2019Afrique des Nations f\u00e9minine de futsal d\u00e9bute ce mardi 22 avril 2025 \u00e0 Rabat, r\u00e9unissant huit nations dont le S\u00e9n\u00e9gal pr\u00eat \u00e0 marquer l\u2019histoire. Ce mardi, Rabat accueille le lancement historique de la toute premi\u00e8re Coupe d\u2019Afrique des Nations (CAN) f\u00e9minine de futsal, une comp\u00e9tition in\u00e9dite organis\u00e9e par la [&hellip;]<\/p>\n","protected":false},"author":2,"featured_media":61351,"comment_status":"open","ping_status":"open","sticky":false,"template":"","format":"standard","meta":{"footnotes":""},"categories":[7],"tags":[],"class_list":["post-61350","post","type-post","status-publish","format-standard","has-post-thumbnail","hentry","category-sports"],"_links":{"self":[{"href":"https:\/\/lestracesdelinfo.com\/index.php\/wp-json\/wp\/v2\/posts\/61350","targetHints":{"allow":["GET"]}}],"collection":[{"href":"https:\/\/lestracesdelinfo.com\/index.php\/wp-json\/wp\/v2\/posts"}],"about":[{"href":"https:\/\/lestracesdelinfo.com\/index.php\/wp-json\/wp\/v2\/types\/post"}],"author":[{"embeddable":true,"href":"https:\/\/lestracesdelinfo.com\/index.php\/wp-json\/wp\/v2\/users\/2"}],"replies":[{"embeddable":true,"href":"https:\/\/lestracesdelinfo.com\/index.php\/wp-json\/wp\/v2\/comments?post=61350"}],"version-history":[{"count":1,"href":"https:\/\/lestracesdelinfo.com\/index.php\/wp-json\/wp\/v2\/posts\/61350\/revisions"}],"predecessor-version":[{"id":61352,"href":"https:\/\/lestracesdelinfo.com\/index.php\/wp-json\/wp\/v2\/posts\/61350\/revisions\/61352"}],"wp:featuredmedia":[{"embeddable":true,"href":"https:\/\/lestracesdelinfo.com\/index.php\/wp-json\/wp\/v2\/media\/61351"}],"wp:attachment":[{"href":"https:\/\/lestracesdelinfo.com\/index.php\/wp-json\/wp\/v2\/media?parent=61350"}],"wp:term":[{"taxonomy":"category","embeddable":true,"href":"https:\/\/lestracesdelinfo.com\/index.php\/wp-json\/wp\/v2\/categories?post=61350"},{"taxonomy":"post_tag","embeddable":true,"href":"https:\/\/lestracesdelinfo.com\/index.php\/wp-json\/wp\/v2\/tags?post=61350"}],"curies":[{"name":"wp","href":"https:\/\/api.w.org\/{rel}","templated":true}]}}