{"id":61369,"date":"2025-04-24T17:58:19","date_gmt":"2025-04-24T17:58:19","guid":{"rendered":"https:\/\/lestracesdelinfo.com\/?p=61369"},"modified":"2025-04-24T18:00:37","modified_gmt":"2025-04-24T18:00:37","slug":"rejet-de-la-loi-amadou-ba-decision-cent-interpretations","status":"publish","type":"post","link":"https:\/\/lestracesdelinfo.com\/index.php\/2025\/04\/24\/rejet-de-la-loi-amadou-ba-decision-cent-interpretations\/","title":{"rendered":"Rejet de la loi Amadou B\u00e2 : D\u00e9cision cent interpr\u00e9tations"},"content":{"rendered":"\n<p><a href=\"https:\/\/lequotidien.sn\/author\/aicha\/\"><\/a><em>by<\/em><a href=\"https:\/\/lequotidien.sn\/author\/aicha\/\">Lequotidien<\/a>&nbsp;24 avril 2025&nbsp;0<\/p>\n\n\n\n<figure class=\"wp-block-image\"><img decoding=\"async\" src=\"https:\/\/lequotidien.sn\/wp-content\/uploads\/2025\/04\/conseil-constitutionnel.jpg\" alt=\"\"\/><\/figure>\n\n\n\n<p>Les crimes commis entre 2021 et 2024 lors des \u00e9meutes sont d\u00e9finitivement effac\u00e9s. Le Conseil constitutionnel vient de le confirmer en rejetant la loi d\u2019interpr\u00e9tation de l\u2019amnistie, qu\u2019il juge \u00abcontraire \u00e0 la Constitution\u00bb. Un camouflet apparent qui, dans le fond,&nbsp;arrange le parti Pastef. Le parti au pouvoir pourra s\u2019abriter derri\u00e8re cette d\u00e9cision en rappelant avoir mat\u00e9rialis\u00e9 sa promesse de rendre justice aux victimes.<\/p>\n\n\n\n<p><strong>Par Malick GAYE \u2013<\/strong>&nbsp;Se glorifier de la d\u00e9cision du Conseil constitutionnel annulant la loi d\u2019interpr\u00e9tation de l\u2019amnistie pour marquer une rupture ! Cette position de certains membres de la mouvance pr\u00e9sidentielle avait d\u00e9j\u00e0 commenc\u00e9 \u00e0 se manifester sit\u00f4t la d\u00e9cision des 7 \u00abSages\u00bb connue. En r\u00e9alit\u00e9, c\u2019est un camouflet que le pouvoir vient d\u2019essuyer, malgr\u00e9 les d\u00e9mentis.<\/p>\n\n\n\n<p>Pr\u00e9sent\u00e9e comme le meilleur moyen de rendre justice, cette loi d\u2019interpr\u00e9tation de l\u2019amnistie avait un objectif cach\u00e9 : prot\u00e9ger les pilleurs et traduire en Justice les autorit\u00e9s qui avaient en charge la s\u00e9curit\u00e9 du pays. Les \u00abSages\u00bb en ont d\u00e9cid\u00e9 autrement. La situation reste en l\u2019\u00e9tat. Tous les actes commis entre f\u00e9vrier 2021 et mars 2024 sont effac\u00e9s. Car \u00abl\u2019article premier de la loi num\u00e9ro 08\/2025 adopt\u00e9e par l\u2019Assembl\u00e9e nationale le 2 avril est contraire \u00e0 la Constitution\u00bb, d\u00e9clarent les \u00abSages\u00bb. Pour qui, les \u00abfaits tenus pour criminels d\u2019apr\u00e8s les r\u00e8gles du Droit international, notamment l\u2019assassinat, le meurtre, le crime de torture, les actes de barbarie, les traitements inhumains, cruels ou d\u00e9gradants, sont inclus dans le champ d\u2019application de l\u2019amnistie lorsqu\u2019ils ont un lien avec l\u2019exercice d\u2019une libert\u00e9 publique ou d\u2019un droit d\u00e9mocratique ; qu\u2019en incluant ainsi dans le champ d\u2019application de la loi portant amnistie des faits imprescriptibles au regard des engagements internationaux \u00e0 valeur constitutionnelle du S\u00e9n\u00e9gal, l\u2019alin\u00e9a 2 de l\u2019article num\u00e9ro 08\/2025 du 2 avril viole la Constitution\u00bb.<\/p>\n\n\n\n<p>Pastef perd et gagne la partie<br>En r\u00e9sum\u00e9, l\u2019amnistie est toujours en vigueur. Si l\u2019opposition, qui avait d\u00e9nonc\u00e9 une loi partiale, peut crier victoire, le pouvoir n\u2019est pas perdant. Ses militants, qu\u2019il voulait prot\u00e9ger, ne vont pas \u00eatre inqui\u00e9t\u00e9s. En plus, Pastef ne pourra pas \u00eatre point\u00e9 du doigt en \u00e9voquant une promesse non tenue. En effet, Sonko et ses lieutenants ont propos\u00e9 une loi que le Conseil constitutionnel a rejet\u00e9e. Un narratif qui n\u2019aura pas de mal \u00e0 passer aupr\u00e8s de la masse. Cependant, il \u00e9tait certain que les \u00abSages\u00bb n\u2019allaient pas approuver une loi aussi partiale.<br>Est-ce une fa\u00e7on pour le pouvoir de couper la poire en deux ? En tout \u00e9tat de cause, les faits semblent donner raison \u00e0 ceux qui soutenaient qu\u2019en r\u00e9alit\u00e9, Pastef n\u2019a jamais voulu faire bouger les lignes sur cette question, car le parti au pouvoir y a beaucoup \u00e0 perdre. Cette hypoth\u00e8se devenait plus cr\u00e9dible au regard de ce qui s\u2019est pass\u00e9. En effet, c\u2019est Thierno Alassane Sall qui avait d\u00e9pos\u00e9 une proposition de loi pour faire abroger l\u2019amnistie. Ce que le Bureau de l\u2019assembl\u00e9e avait balay\u00e9 d\u2019un revers de la main en pr\u00e9textant l\u2019incidence financi\u00e8re que va engendrer cette loi. Une Assembl\u00e9e qui emp\u00eacherait de rendre justice aux 80 S\u00e9n\u00e9galais tu\u00e9s en pr\u00e9textant des incidences sur le budget et, au m\u00eame moment, est en train de d\u00e9gager des poches budg\u00e9taires pour rehausser le standing des d\u00e9put\u00e9s, semble \u00e9pouser la d\u00e9cision du Conseil constitutionnel qui va maintenir la situation en l\u2019\u00e9tat.<\/p>\n\n\n\n<p>Vers une Cour<br>constitutionnelle ?<br>Cette d\u00e9cision du Conseil constitutionnel devra avoir des cons\u00e9quences. Va-t-elle acc\u00e9l\u00e9rer la r\u00e9forme du Conseil ? En tout cas, ce n\u2019est plus un secret d\u2019affirmer que la volont\u00e9 du pouvoir est d\u2019aller vers une Cour constitutionnelle. Amadou B\u00e2, qui avait saisi les \u00abSages\u00bb afin de savoir si l\u2019ancien Pr\u00e9sident les avait consult\u00e9s sur son \u00e9ventuelle 3\u00e8me candidature, avait d\u00e9j\u00e0 lanc\u00e9 l\u2019id\u00e9e d\u2019une r\u00e9forme du Conseil. En attendant, cette \u00e9ventuelle r\u00e9forme n\u2019est pas la plus urgente dans le domaine de la Justice. La pr\u00e9sence de l\u2019Ex\u00e9cutif au sein du Conseil sup\u00e9rieur de la Magistrature ainsi que le lien entre le Parquet et le ministre de la Justice sont point\u00e9s du doigt comme des freins \u00e0 l\u2019ind\u00e9pendance de la Justice. Apr\u00e8s plus d\u2019une ann\u00e9e au pouvoir et malgr\u00e9 la promesse faite aux S\u00e9n\u00e9galais, rien n\u2019a chang\u00e9. Voil\u00e0 les urgences de l\u2019heure !<br>mgaye@lequotidien.sn<\/p>\n","protected":false},"excerpt":{"rendered":"<p>byLequotidien&nbsp;24 avril 2025&nbsp;0 Les crimes commis entre 2021 et 2024 lors des \u00e9meutes sont d\u00e9finitivement effac\u00e9s. Le Conseil constitutionnel vient de le confirmer en rejetant la loi d\u2019interpr\u00e9tation de l\u2019amnistie, qu\u2019il juge \u00abcontraire \u00e0 la Constitution\u00bb. Un camouflet apparent qui, dans le fond,&nbsp;arrange le parti Pastef. Le parti au pouvoir pourra s\u2019abriter derri\u00e8re cette d\u00e9cision [&hellip;]<\/p>\n","protected":false},"author":2,"featured_media":61370,"comment_status":"open","ping_status":"open","sticky":false,"template":"","format":"standard","meta":{"footnotes":""},"categories":[1306],"tags":[],"class_list":["post-61369","post","type-post","status-publish","format-standard","has-post-thumbnail","hentry","category-politique-general-politique-general"],"_links":{"self":[{"href":"https:\/\/lestracesdelinfo.com\/index.php\/wp-json\/wp\/v2\/posts\/61369","targetHints":{"allow":["GET"]}}],"collection":[{"href":"https:\/\/lestracesdelinfo.com\/index.php\/wp-json\/wp\/v2\/posts"}],"about":[{"href":"https:\/\/lestracesdelinfo.com\/index.php\/wp-json\/wp\/v2\/types\/post"}],"author":[{"embeddable":true,"href":"https:\/\/lestracesdelinfo.com\/index.php\/wp-json\/wp\/v2\/users\/2"}],"replies":[{"embeddable":true,"href":"https:\/\/lestracesdelinfo.com\/index.php\/wp-json\/wp\/v2\/comments?post=61369"}],"version-history":[{"count":1,"href":"https:\/\/lestracesdelinfo.com\/index.php\/wp-json\/wp\/v2\/posts\/61369\/revisions"}],"predecessor-version":[{"id":61371,"href":"https:\/\/lestracesdelinfo.com\/index.php\/wp-json\/wp\/v2\/posts\/61369\/revisions\/61371"}],"wp:featuredmedia":[{"embeddable":true,"href":"https:\/\/lestracesdelinfo.com\/index.php\/wp-json\/wp\/v2\/media\/61370"}],"wp:attachment":[{"href":"https:\/\/lestracesdelinfo.com\/index.php\/wp-json\/wp\/v2\/media?parent=61369"}],"wp:term":[{"taxonomy":"category","embeddable":true,"href":"https:\/\/lestracesdelinfo.com\/index.php\/wp-json\/wp\/v2\/categories?post=61369"},{"taxonomy":"post_tag","embeddable":true,"href":"https:\/\/lestracesdelinfo.com\/index.php\/wp-json\/wp\/v2\/tags?post=61369"}],"curies":[{"name":"wp","href":"https:\/\/api.w.org\/{rel}","templated":true}]}}