{"id":61379,"date":"2025-04-25T09:13:32","date_gmt":"2025-04-25T09:13:32","guid":{"rendered":"https:\/\/lestracesdelinfo.com\/?p=61379"},"modified":"2025-04-25T09:16:15","modified_gmt":"2025-04-25T09:16:15","slug":"le-wali-du-hodh-el-gharbi-sinforme-de-letat-de-sante-des-victimes-de-lincendie-de-la-prison-civile-daioun","status":"publish","type":"post","link":"https:\/\/lestracesdelinfo.com\/index.php\/2025\/04\/25\/le-wali-du-hodh-el-gharbi-sinforme-de-letat-de-sante-des-victimes-de-lincendie-de-la-prison-civile-daioun\/","title":{"rendered":"Le wali du Hodh El Gharbi s\u2019informe de l\u2019\u00e9tat de sant\u00e9 des victimes de l\u2019incendie de la prison civile d\u2019Aioun"},"content":{"rendered":"\n<h2 class=\"wp-block-heading\">La\u00e2youne<\/h2>\n\n\n\n<p>ami<\/p>\n\n\n\n<figure class=\"wp-block-image\"><a class=\"post-thumbnail open-lightbox\" href=\"https:\/\/ami.mr\/fr\/wp-content\/uploads\/2025\/04\/24-04-2025-09.jpg\"><img decoding=\"async\" src=\"https:\/\/ami.mr\/fr\/wp-content\/uploads\/2025\/04\/24-04-2025-09-750x430.jpg\" alt=\"\"\/><\/a><\/figure>\n\n\n\n<p>Le wali du Hodh El Gharbi, M. Ahmed Mamadou Kelli, a effectu\u00e9 une visite d\u2019information aupr\u00e8s des d\u00e9tenus de la prison civile de la ville d\u2019Aioun au lendemain de l\u2019incendie qui s\u2019est d\u00e9clar\u00e9 dans la prison jeudi matin.<\/p>\n\n\n\n<p>Selon des sources de l\u2019Agence Mauritanienne d\u2019Information dans la Wilaya, le nombre de brulure s\u2019\u00e9l\u00e8ve \u00e0 10, dont une victime en \u00e9tat critique transf\u00e9r\u00e9e d\u2019urgence au centre m\u00e9dical pour y recevoir des soins.<\/p>\n\n\n\n<p>Toujours, selon les m\u00eames sources, les \u00e9quipes m\u00e9dicales sont intervenues et ont commenc\u00e9 le travail de terrain en temps opportun, ce qui a permis de contr\u00f4ler la situation sanitaire et d\u2019apporter l\u2019aide n\u00e9cessaire aux personnes touch\u00e9es.<\/p>\n\n\n\n<p>Une \u00e9quipe de la protection civile, renforc\u00e9e par des membres de la garde du regroupement r\u00e9gional n\u00b0 2 et des membres de la police nationale, a commenc\u00e9 \u00e0 lutter contre les incendies pour s\u00e9curiser les lieux en temps opportun, ce qui a permis de ma\u00eetriser l\u2019incendie.<\/p>\n\n\n\n<p>Voulant \u00e9chapper \u00e0 un proc\u00e8s imminent, certains d\u00e9tenus ont d\u00e9cid\u00e9 de br\u00fbler leurs couvertures et autres objets pour pouvoir s\u2019\u00e9vader, d\u2019apr\u00e8s les sources cit\u00e9es plus haut.<\/p>\n\n\n\n<p><a href=\"https:\/\/www.facebook.com\/sharer\/sharer.php?u=https%3A%2F%2Fami.mr%2Ffr%2Farchives%2F269539\" rel=\"noreferrer noopener\" target=\"_blank\"><\/a><a href=\"https:\/\/twitter.com\/intent\/tweet?text=Le%20wali%20du%20Hodh%20El%20Gharbi%20s%E2%80%99informe%20de%20l%E2%80%99%C3%A9tat%20de%20sant%C3%A9%20des%20victimes%20de%20l%27incendie%20de%20la%20prison%20civile%20d%E2%80%99Aioun&amp;url=https%3A%2F%2Fami.mr%2Ffr%2Farchives%2F269539\" rel=\"noreferrer noopener\" target=\"_blank\"><\/a><a href=\"https:\/\/api.whatsapp.com\/send?text=Le%20wali%20du%20Hodh%20El%20Gharbi%20s%E2%80%99informe%20de%20l%E2%80%99%C3%A9tat%20de%20sant%C3%A9%20des%20victimes%20de%20l%27incendie%20de%20la%20prison%20civile%20d%E2%80%99Aioun%20https%3A%2F%2Fami.mr%2Ffr%2Farchives%2F269539\" rel=\"noreferrer noopener\" target=\"_blank\"><\/a><a href=\"https:\/\/www.instagram.com\/\" rel=\"noreferrer noopener\" target=\"_blank\"><\/a><a href=\"https:\/\/ami.mr\/fr\/archives\/269539\"><\/a><\/p>\n","protected":false},"excerpt":{"rendered":"<p>La\u00e2youne ami Le wali du Hodh El Gharbi, M. Ahmed Mamadou Kelli, a effectu\u00e9 une visite d\u2019information aupr\u00e8s des d\u00e9tenus de la prison civile de la ville d\u2019Aioun au lendemain de l\u2019incendie qui s\u2019est d\u00e9clar\u00e9 dans la prison jeudi matin. Selon des sources de l\u2019Agence Mauritanienne d\u2019Information dans la Wilaya, le nombre de brulure s\u2019\u00e9l\u00e8ve [&hellip;]<\/p>\n","protected":false},"author":2,"featured_media":61380,"comment_status":"open","ping_status":"open","sticky":false,"template":"","format":"standard","meta":{"footnotes":""},"categories":[1449],"tags":[],"class_list":["post-61379","post","type-post","status-publish","format-standard","has-post-thumbnail","hentry","category-national"],"_links":{"self":[{"href":"https:\/\/lestracesdelinfo.com\/index.php\/wp-json\/wp\/v2\/posts\/61379","targetHints":{"allow":["GET"]}}],"collection":[{"href":"https:\/\/lestracesdelinfo.com\/index.php\/wp-json\/wp\/v2\/posts"}],"about":[{"href":"https:\/\/lestracesdelinfo.com\/index.php\/wp-json\/wp\/v2\/types\/post"}],"author":[{"embeddable":true,"href":"https:\/\/lestracesdelinfo.com\/index.php\/wp-json\/wp\/v2\/users\/2"}],"replies":[{"embeddable":true,"href":"https:\/\/lestracesdelinfo.com\/index.php\/wp-json\/wp\/v2\/comments?post=61379"}],"version-history":[{"count":1,"href":"https:\/\/lestracesdelinfo.com\/index.php\/wp-json\/wp\/v2\/posts\/61379\/revisions"}],"predecessor-version":[{"id":61381,"href":"https:\/\/lestracesdelinfo.com\/index.php\/wp-json\/wp\/v2\/posts\/61379\/revisions\/61381"}],"wp:featuredmedia":[{"embeddable":true,"href":"https:\/\/lestracesdelinfo.com\/index.php\/wp-json\/wp\/v2\/media\/61380"}],"wp:attachment":[{"href":"https:\/\/lestracesdelinfo.com\/index.php\/wp-json\/wp\/v2\/media?parent=61379"}],"wp:term":[{"taxonomy":"category","embeddable":true,"href":"https:\/\/lestracesdelinfo.com\/index.php\/wp-json\/wp\/v2\/categories?post=61379"},{"taxonomy":"post_tag","embeddable":true,"href":"https:\/\/lestracesdelinfo.com\/index.php\/wp-json\/wp\/v2\/tags?post=61379"}],"curies":[{"name":"wp","href":"https:\/\/api.w.org\/{rel}","templated":true}]}}