{"id":61394,"date":"2025-04-26T10:07:36","date_gmt":"2025-04-26T10:07:36","guid":{"rendered":"https:\/\/lestracesdelinfo.com\/?p=61394"},"modified":"2025-04-26T10:08:08","modified_gmt":"2025-04-26T10:08:08","slug":"cote-divoire-lopposant-tidjane-thiam-radie-de-la-liste-electorale-par-la-justice","status":"publish","type":"post","link":"https:\/\/lestracesdelinfo.com\/index.php\/2025\/04\/26\/cote-divoire-lopposant-tidjane-thiam-radie-de-la-liste-electorale-par-la-justice\/","title":{"rendered":"C\u00f4te d\u2019Ivoire: l\u2019opposant Tidjane Thiam radi\u00e9 de la liste \u00e9lectorale par la justice"},"content":{"rendered":"\n<figure class=\"wp-block-image size-full\"><img loading=\"lazy\" decoding=\"async\" width=\"676\" height=\"462\" src=\"https:\/\/lestracesdelinfo.com\/wp-content\/uploads\/2025\/04\/image-11.png\" alt=\"\" class=\"wp-image-61395\" srcset=\"https:\/\/lestracesdelinfo.com\/wp-content\/uploads\/2025\/04\/image-11.png 676w, https:\/\/lestracesdelinfo.com\/wp-content\/uploads\/2025\/04\/image-11-300x205.png 300w\" sizes=\"auto, (max-width: 676px) 100vw, 676px\" \/><\/figure>\n\n\n\n<p>En C\u00f4te d\u2019Ivoire, le tribunal de premi\u00e8re instance d\u2019Abidjan a ordonn\u00e9 ce mardi 22 avril la radiation de Tidjane Thiam de la liste \u00e9lectorale. La juge estime qu\u2019il n\u2019\u00e9tait plus Ivoirien au moment de son inscription sur la liste en 2022.<\/p>\n\n\n\n<p>La juge a estim\u00e9 que Tidjane Thiam a perdu la nationalit\u00e9 ivoirienne quand il a acquis la nationalit\u00e9 fran\u00e7aise. Elle s\u2019appuie sur l\u2019article 48 du Code la nationalit\u00e9 qui stipule qu\u2019un Ivoirien majeur perd la nationalit\u00e9 ivoirienne au bout de 15 ans s\u2019il acquiert volontairement une autre nationalit\u00e9.<\/p>\n\n\n\n<p>Les avocats de Tidjane Thiam ont tent\u00e9 de prouver que leur client est n\u00e9 Fran\u00e7ais et que donc, cette disposition du Code de la nationalit\u00e9, ne s\u2019applique pas \u00e0 leur client puisqu\u2019il serait n\u00e9 binational. Ils affirment avoir pr\u00e9sent\u00e9 des documents administratifs allant dans ce sens.<\/p>\n\n\n\n<p>\u00ab Nous respectons la d\u00e9cision de la juge, mais nous ne la partageons pas \u00bb, affirme Me Rodrigue Dadj\u00e9, l\u2019avocat de Tidjane Thiam, d\u00e9\u00e7u par cette d\u00e9cision de justice.<\/p>\n\n\n\n<p>\u00c0 l\u2019origine, tout est parti d\u2019un \u00e9lecteur, qui, au moment du contentieux sur les listes \u00e9lectorales, a saisi la Commission \u00e9lectorale ind\u00e9pendante (CEI) pour demander la radiation de Tidjane Thiam de la liste, estimant qu\u2019il n\u2019\u00e9tait plus Ivoirien. La CEI a d\u00e9bout\u00e9 ce requ\u00e9rant qui s\u2019est donc tourn\u00e9 vers le tribunal de premi\u00e8re instance. Une audience s\u2019est tenue \u00e0 huis clos ce matin. Audience au cours de laquelle chaque partie a pr\u00e9sent\u00e9 ses arguments.<\/p>\n\n\n\n<p><strong>Tidjane Thiam d\u00e9nonce \u00ab un d\u00e9ni de justice \u00bb<\/strong><\/p>\n\n\n\n<p>N\u2019\u00e9tant pas \u00e9lecteur, Tidjane Thiam n\u2019est, \u00e0 ce stade, pas \u00e9ligible \u00e0 la pr\u00e9sidentielle du 25 octobre. Il faut aussi pr\u00e9ciser, qu\u2019\u00e0 ce stade, il n\u2019y a pas d\u2019autre recours possible pour demander sa r\u00e9inscription sur la liste \u00e9lectorale. Autre point d\u2019interrogation : quid du statut civique de Tidjane Thiam, qui a r\u00e9cemment renonc\u00e9 \u00e0 la nationalit\u00e9 fran\u00e7aise pour \u00eatre \u00e9ligible \u00e0 la pr\u00e9sidentielle : en ordonnant sa radiation de la liste \u00e9lectorale, au motif qu\u2019il n\u2019est pas Ivoirien, cela cr\u00e9e un flou sur son \u00e9tat civique.<\/p>\n\n\n\n<p>Tidjane Thiam d\u00e9nonce \u00ab un d\u00e9ni de justice \u00bb et appelle \u00e0 des pourparlers pour sortir de cette situation : \u00ab Nous demandons instamment \u00e0 toutes les parties de s\u2019engager dans un dialogue constructif afin que le scrutin d\u2019octobre soit conforme aux normes internationales et que personne ne soit exclu du processus \u00e9lectoral \u00bb, lit-on dans un communiqu\u00e9 diffus\u00e9 ce soir.<\/p>\n\n\n\n<p>RFI\/Avec notre correspondante \u00e0 Abidjan, Bineta Diagne<\/p>\n","protected":false},"excerpt":{"rendered":"<p>En C\u00f4te d\u2019Ivoire, le tribunal de premi\u00e8re instance d\u2019Abidjan a ordonn\u00e9 ce mardi 22 avril la radiation de Tidjane Thiam de la liste \u00e9lectorale. La juge estime qu\u2019il n\u2019\u00e9tait plus Ivoirien au moment de son inscription sur la liste en 2022. La juge a estim\u00e9 que Tidjane Thiam a perdu la nationalit\u00e9 ivoirienne quand il [&hellip;]<\/p>\n","protected":false},"author":2,"featured_media":61396,"comment_status":"open","ping_status":"open","sticky":false,"template":"","format":"standard","meta":{"footnotes":""},"categories":[1306],"tags":[],"class_list":["post-61394","post","type-post","status-publish","format-standard","has-post-thumbnail","hentry","category-politique-general-politique-general"],"_links":{"self":[{"href":"https:\/\/lestracesdelinfo.com\/index.php\/wp-json\/wp\/v2\/posts\/61394","targetHints":{"allow":["GET"]}}],"collection":[{"href":"https:\/\/lestracesdelinfo.com\/index.php\/wp-json\/wp\/v2\/posts"}],"about":[{"href":"https:\/\/lestracesdelinfo.com\/index.php\/wp-json\/wp\/v2\/types\/post"}],"author":[{"embeddable":true,"href":"https:\/\/lestracesdelinfo.com\/index.php\/wp-json\/wp\/v2\/users\/2"}],"replies":[{"embeddable":true,"href":"https:\/\/lestracesdelinfo.com\/index.php\/wp-json\/wp\/v2\/comments?post=61394"}],"version-history":[{"count":1,"href":"https:\/\/lestracesdelinfo.com\/index.php\/wp-json\/wp\/v2\/posts\/61394\/revisions"}],"predecessor-version":[{"id":61397,"href":"https:\/\/lestracesdelinfo.com\/index.php\/wp-json\/wp\/v2\/posts\/61394\/revisions\/61397"}],"wp:featuredmedia":[{"embeddable":true,"href":"https:\/\/lestracesdelinfo.com\/index.php\/wp-json\/wp\/v2\/media\/61396"}],"wp:attachment":[{"href":"https:\/\/lestracesdelinfo.com\/index.php\/wp-json\/wp\/v2\/media?parent=61394"}],"wp:term":[{"taxonomy":"category","embeddable":true,"href":"https:\/\/lestracesdelinfo.com\/index.php\/wp-json\/wp\/v2\/categories?post=61394"},{"taxonomy":"post_tag","embeddable":true,"href":"https:\/\/lestracesdelinfo.com\/index.php\/wp-json\/wp\/v2\/tags?post=61394"}],"curies":[{"name":"wp","href":"https:\/\/api.w.org\/{rel}","templated":true}]}}