{"id":61401,"date":"2025-04-29T06:42:47","date_gmt":"2025-04-29T06:42:47","guid":{"rendered":"https:\/\/lestracesdelinfo.com\/?p=61401"},"modified":"2025-04-29T06:47:55","modified_gmt":"2025-04-29T06:47:55","slug":"retraite-de-la-scene-politique-niasse-la-fin-dune-histoire","status":"publish","type":"post","link":"https:\/\/lestracesdelinfo.com\/index.php\/2025\/04\/29\/retraite-de-la-scene-politique-niasse-la-fin-dune-histoire\/","title":{"rendered":"Retraite de la sc\u00e8ne politique : NIASSE, LA FIN D\u2019UNE HISTOIRE"},"content":{"rendered":"\n<p><a href=\"https:\/\/lequotidien.sn\/author\/aicha\/\">Lequotidien<\/a>\u00a0<\/p>\n\n\n\n<figure class=\"wp-block-image\"><img decoding=\"async\" src=\"https:\/\/lequotidien.sn\/wp-content\/uploads\/2025\/04\/CONGRES-AFP.jpg\" alt=\"\"\/><\/figure>\n\n\n\n<p><strong>Premier Responsable national des jeunes du parti lors du premier Congr\u00e8s ordinaire en 2003, le d\u00e9put\u00e9-maire de Ngoudiane, Mbaye Dione, a \u00e9t\u00e9 d\u00e9sign\u00e9, samedi, \u00e0 l\u2019unanimit\u00e9, nouveau Secr\u00e9taire g\u00e9n\u00e9ral de l\u2019Alliance des forces de progr\u00e8s (Afp), succ\u00e9dant ainsi \u00e0 Moustapha Niasse, fondateur du parti en 1999.&nbsp;<\/strong><strong>Par Ousmane SOW \u2013<\/strong><\/p>\n\n\n\n<p>L\u2019Alliance des forces de progr\u00e8s (Afp) a un nouveau Secr\u00e9taire g\u00e9n\u00e9ral. C\u2019est le d\u00e9put\u00e9-maire de Ngoudiane, Mbaye Dione, qui a \u00e9t\u00e9 port\u00e9 au pinacle \u00e0 l\u2019issue du 3e Congr\u00e8s ordinaire de l\u2019Afp, ce samedi 26 avril 2025. Il succ\u00e8de ainsi \u00e0 Moustapha Niasse, fondateur du parti issu de la scission du Parti socialiste (Ps). \u00abJe prends l\u2019engagement solennel de rester loyal \u00e0 cet homme, \u00e0 sa vision, \u00e0 son legs, \u00e0 son h\u00e9ritage\u2026 On va faire le tour de ce pays pour aller \u00e0 la rencontre des militants de l\u2019Afp, en perspective des \u00e9lections territoriales de 2027\u00bb, a indiqu\u00e9 Mbaye Dione en marge du 3\u00e8me Congr\u00e8s ordinaire de l\u2019Alliance des forces de progr\u00e8s (Afp), formation politique cr\u00e9\u00e9e par Moustapha Niasse en 1999. Premier Responsable national des jeunes du parti lors du premier Congr\u00e8s ordinaire en 2003, avant d\u2019\u00eatre le Res\u00adponsable r\u00e9gional du parti \u00e0 Thi\u00e8s et membre du Bureau politique, Mbaye Dione promet de faire les 558 communes du pays pour redynamiser la formation politique n\u00e9e des flancs du Parti socialiste. Il a \u00e9galement renouvel\u00e9 sa \u00abloyaut\u00e9\u00bb \u00e0 son mentor politique qui incarne, selon lui, des valeurs. Militant \u00e0 la base depuis 2009, il a \u00e9t\u00e9 pr\u00e9sident de la communaut\u00e9 rurale de Ngoudiane et, entre 2011 et aujourd\u2019hui, il fait partie des maires de l\u2019Afp et est son seul d\u00e9put\u00e9. A rappeler que la formation politique l\u00e9galement reconnue le 13 ao\u00fbt 1999 a r\u00e9ussi \u00e0 se classer 3e, avec 16, 8% des voix, derri\u00e8re Abdou Diouf et Abdoulaye Wade, lors de la Pr\u00e9sidentielle de 2000. Ainsi, cette \u00e9lection ferme toute une page de l\u2019histoire du parti symbolis\u00e9e par Moustapha Niasse, qui passe ainsi le flambeau \u00e0 la jeunesse qui aura la charge de le faire rayonner aux prochaines joutes \u00e9lectorales.<\/p>\n\n\n\n<p><strong>\u00abMacky Sall reste mon neveu, mon ami, mon confident\u00bb<\/strong><br>Et comme l\u2019occasion fait le larron, Moustapha Niasse, Secr\u00e9taire g\u00e9n\u00e9ral sortant, a rendu un vibrant hommage \u00e0 l\u2019ancien Pr\u00e9sident, Macky Sall, saluant un compagnonnage sinc\u00e8re et digne. \u00abMention sp\u00e9ciale au Pr\u00e9sident Macky Sall. Nous nous t\u00e9l\u00e9phonons pres\u00adque toutes les deux semaines, le Pr\u00e9sident Macky Sall et moi. Il reste mon neveu, mon ami, mon confident. La confiance qui a toujours exist\u00e9 entre nous vivra tout le reste de notre vie. Respectivement, pour lui et moi, cette confiance-l\u00e0 et cette amiti\u00e9 ne dispara\u00eetront ja\u00admais. Jamais. Je n\u2019oublierai jamais qu\u2019il m\u2019a choisi parmi 18 millions de S\u00e9n\u00e9galais et m\u2019a propos\u00e9 aux d\u00e9put\u00e9s pour diriger l\u2019Assem\u00adbl\u00e9e nationale. Et pendant dix ann\u00e9es, jamais nous n\u2019avons eu la moindre contradiction, lui et moi. Pas une seule fois, en dix ans. Il a respect\u00e9 l\u2019Assembl\u00e9e nationale, et vice versa\u00bb, a-t-il d\u00e9clar\u00e9 sous les applaudissements. Par la m\u00eame occasion, Moustapha Niasse a invit\u00e9 le r\u00e9alisateur Macky Madiba Sylla \u00e0 compl\u00e9ter le documentaire intitul\u00e9&nbsp;: \u00abMoustapha Niasse,&nbsp;un destin au service de la Nation\u00bb, avec son ami et confident Macky Sall. \u00abMacky, je vous demande de compl\u00e9ter ce documentaire avec moi-m\u00eame et mon ami, mon neveu, mon confident, le Pr\u00e9\u00adsident Macky Sall\u00bb, a-t-il lanc\u00e9.<br><strong>ousmane.sow@lequotidien.sn<\/strong><\/p>\n","protected":false},"excerpt":{"rendered":"<p>Lequotidien\u00a0 Premier Responsable national des jeunes du parti lors du premier Congr\u00e8s ordinaire en 2003, le d\u00e9put\u00e9-maire de Ngoudiane, Mbaye Dione, a \u00e9t\u00e9 d\u00e9sign\u00e9, samedi, \u00e0 l\u2019unanimit\u00e9, nouveau Secr\u00e9taire g\u00e9n\u00e9ral de l\u2019Alliance des forces de progr\u00e8s (Afp), succ\u00e9dant ainsi \u00e0 Moustapha Niasse, fondateur du parti en 1999.&nbsp;Par Ousmane SOW \u2013 L\u2019Alliance des forces de progr\u00e8s [&hellip;]<\/p>\n","protected":false},"author":2,"featured_media":61402,"comment_status":"open","ping_status":"open","sticky":false,"template":"","format":"standard","meta":{"footnotes":""},"categories":[1306],"tags":[],"class_list":["post-61401","post","type-post","status-publish","format-standard","has-post-thumbnail","hentry","category-politique-general-politique-general"],"_links":{"self":[{"href":"https:\/\/lestracesdelinfo.com\/index.php\/wp-json\/wp\/v2\/posts\/61401","targetHints":{"allow":["GET"]}}],"collection":[{"href":"https:\/\/lestracesdelinfo.com\/index.php\/wp-json\/wp\/v2\/posts"}],"about":[{"href":"https:\/\/lestracesdelinfo.com\/index.php\/wp-json\/wp\/v2\/types\/post"}],"author":[{"embeddable":true,"href":"https:\/\/lestracesdelinfo.com\/index.php\/wp-json\/wp\/v2\/users\/2"}],"replies":[{"embeddable":true,"href":"https:\/\/lestracesdelinfo.com\/index.php\/wp-json\/wp\/v2\/comments?post=61401"}],"version-history":[{"count":1,"href":"https:\/\/lestracesdelinfo.com\/index.php\/wp-json\/wp\/v2\/posts\/61401\/revisions"}],"predecessor-version":[{"id":61403,"href":"https:\/\/lestracesdelinfo.com\/index.php\/wp-json\/wp\/v2\/posts\/61401\/revisions\/61403"}],"wp:featuredmedia":[{"embeddable":true,"href":"https:\/\/lestracesdelinfo.com\/index.php\/wp-json\/wp\/v2\/media\/61402"}],"wp:attachment":[{"href":"https:\/\/lestracesdelinfo.com\/index.php\/wp-json\/wp\/v2\/media?parent=61401"}],"wp:term":[{"taxonomy":"category","embeddable":true,"href":"https:\/\/lestracesdelinfo.com\/index.php\/wp-json\/wp\/v2\/categories?post=61401"},{"taxonomy":"post_tag","embeddable":true,"href":"https:\/\/lestracesdelinfo.com\/index.php\/wp-json\/wp\/v2\/tags?post=61401"}],"curies":[{"name":"wp","href":"https:\/\/api.w.org\/{rel}","templated":true}]}}