{"id":61449,"date":"2025-05-04T07:55:41","date_gmt":"2025-05-04T07:55:41","guid":{"rendered":"https:\/\/lestracesdelinfo.com\/?p=61449"},"modified":"2025-05-04T07:55:44","modified_gmt":"2025-05-04T07:55:44","slug":"mali-lopposition-denonce-des-violences-et-des-entraves-a-son-meeting-a-bamako","status":"publish","type":"post","link":"https:\/\/lestracesdelinfo.com\/index.php\/2025\/05\/04\/mali-lopposition-denonce-des-violences-et-des-entraves-a-son-meeting-a-bamako\/","title":{"rendered":"Mali : l\u2019opposition d\u00e9nonce des violences et des entraves \u00e0 son meeting \u00e0 Bamako"},"content":{"rendered":"\n<p><img loading=\"lazy\" decoding=\"async\" width=\"32\" height=\"32\" srcset=\"https:\/\/fr.apanews.net\/wp-content\/uploads\/sites\/2\/2023\/09\/APA-Ico-48x48.png 48w, https:\/\/fr.apanews.net\/wp-content\/uploads\/sites\/2\/2023\/09\/APA-Ico-300x300.png 300w, https:\/\/fr.apanews.net\/wp-content\/uploads\/sites\/2\/2023\/09\/APA-Ico-150x150.png 150w, https:\/\/fr.apanews.net\/wp-content\/uploads\/sites\/2\/2023\/09\/APA-Ico-70x70.png 70w, https:\/\/fr.apanews.net\/wp-content\/uploads\/sites\/2\/2023\/09\/APA-Ico-450x450.png 450w, https:\/\/fr.apanews.net\/wp-content\/uploads\/sites\/2\/2023\/09\/APA-Ico-24x24.png 24w, https:\/\/fr.apanews.net\/wp-content\/uploads\/sites\/2\/2023\/09\/APA-Ico-96x96.png 96w, https:\/\/fr.apanews.net\/wp-content\/uploads\/sites\/2\/2023\/09\/APA-Ico.png 512w\" src=\"https:\/\/fr.apanews.net\/wp-content\/uploads\/sites\/2\/2023\/09\/APA-Ico-48x48.png\" alt=\"APA - BAMAKO (MALI)\"><a>APA &#8211; BAMAKO (MALI)<\/a><\/p>\n\n\n\n<figure class=\"wp-block-image\"><img decoding=\"async\" src=\"https:\/\/fr.apanews.net\/wp-content\/uploads\/sites\/2\/2025\/05\/FB_IMG_1746299954039-1024x683.jpg\" alt=\"\" title=\"Mali : l\u2019opposition d\u00e9nonce des violences et des entraves \u00e0 son meeting \u00e0 Bamako\"\/><\/figure>\n\n\n\n<p>fr.apanews.net<\/p>\n\n\n\n<p><a href=\"https:\/\/www.facebook.com\/sharer.php?u=https%3A%2F%2Ffr.apanews.net%2Fnews%2Fmali-lopposition-denonce-des-violences-et-des-entraves-a-son-meeting-a-bamako%2F\" target=\"_blank\" rel=\"noreferrer noopener\"><\/a><a href=\"https:\/\/twitter.com\/intent\/tweet?url=https%3A%2F%2Ffr.apanews.net%2Fnews%2Fmali-lopposition-denonce-des-violences-et-des-entraves-a-son-meeting-a-bamako%2F&amp;text=Mali%20%3A%20l%27opposition%20d%C3%A9nonce%20des%20violences%20et%20des%20entraves%20%C3%A0%20son%20meeting%20%C3%A0%20Bamako\" target=\"_blank\" rel=\"noreferrer noopener\"><\/a><a href=\"https:\/\/wa.me\/?text=Mali%20%3A%20l%27opposition%20d%C3%A9nonce%20des%20violences%20et%20des%20entraves%20%C3%A0%20son%20meeting%20%C3%A0%20Bamako%20https%3A%2F%2Ffr.apanews.net%2Fnews%2Fmali-lopposition-denonce-des-violences-et-des-entraves-a-son-meeting-a-bamako%2F\" target=\"_blank\" rel=\"noreferrer noopener\"><\/a><a href=\"mailto:?subject=Mali%20%3A%20l%27opposition%20d%C3%A9nonce%20des%20violences%20et%20des%20entraves%20%C3%A0%20son%20meeting%20%C3%A0%20Bamako&amp;body=https%3A%2F%2Ffr.apanews.net%2Fnews%2Fmali-lopposition-denonce-des-violences-et-des-entraves-a-son-meeting-a-bamako%2F\" target=\"_blank\" rel=\"noreferrer noopener\"><\/a><a href=\"https:\/\/www.linkedin.com\/shareArticle?mini=true&amp;url=https%3A%2F%2Ffr.apanews.net%2Fnews%2Fmali-lopposition-denonce-des-violences-et-des-entraves-a-son-meeting-a-bamako%2F\" target=\"_blank\" rel=\"noreferrer noopener\"><\/a><a href=\"https:\/\/t.me\/share\/url?url=https%3A%2F%2Ffr.apanews.net%2Fnews%2Fmali-lopposition-denonce-des-violences-et-des-entraves-a-son-meeting-a-bamako%2F&amp;title=Mali%20%3A%20l%27opposition%20d%C3%A9nonce%20des%20violences%20et%20des%20entraves%20%C3%A0%20son%20meeting%20%C3%A0%20Bamako\" target=\"_blank\" rel=\"noreferrer noopener\"><\/a><strong>Des partis politiques maliens ont d\u00e9nonc\u00e9 ce samedi des actes d\u2019intimidation et des entraves \u00e0 la tenue d\u2019un meeting \u00e0 Bamako, accusant des individus se r\u00e9clamant du soutien au r\u00e9gime de transition d\u2019avoir violemment perturb\u00e9 leur rassemblement.<\/strong><\/p>\n\n\n\n<p>R\u00e9unis au Palais de la Culture Amadou Hampat\u00e9 Ba, les opposants affirment que des \u00ab&nbsp;<em>loubards et autres nervis<\/em>&nbsp;\u00bb ont bloqu\u00e9 l\u2019entr\u00e9e principale dans la nuit du 2 au 3 mai, avant de p\u00e9n\u00e9trer de force dans l\u2019enceinte. Certains participants auraient \u00e9t\u00e9 brutalis\u00e9s puis expuls\u00e9s sur ordre des forces de l\u2019ordre, selon une d\u00e9claration commune.<\/p>\n\n\n\n<p>Ces incidents interviennent dans un contexte de r\u00e9formes institutionnelles controvers\u00e9es. Le Conseil des ministres a r\u00e9cemment adopt\u00e9 un projet de loi majeur visant \u00e0 abroger la Charte des partis politiques de 2005 et le Statut de l\u2019opposition de 2015. Ce texte, qui pr\u00e9voit la suppression des partis politiques existants, la fin du financement public et la disparition du statut de chef de file de l\u2019opposition, est d\u00e9nonc\u00e9 par les partis comme une volont\u00e9 de \u00ab&nbsp;<em>dissolution pure et simple<\/em>&nbsp;\u00bb du pluralisme.<\/p>\n\n\n\n<p>Pr\u00e9sent\u00e9 par les autorit\u00e9s comme une rationalisation de l\u2019espace politique, ce projet est issu des concertations r\u00e9gionales et nationales tenues en avril 2025. Il pr\u00e9voit \u00e9galement un audit des financements publics et impose de nouvelles conditions de cr\u00e9ation de partis, dont une caution de 100 millions FCFA, per\u00e7ue par l\u2019opposition comme un \u00ab&nbsp;<em>suffrage censitaire<\/em>&nbsp;\u00bb.<\/p>\n\n\n\n<p>Autre point sensible : les recommandations issues des concertations ouvrent la voie \u00e0 un mandat pr\u00e9sidentiel de cinq ans renouvelable pour le chef de la transition, le g\u00e9n\u00e9ral Assimi Go\u00efta, sur le mod\u00e8le des r\u00e9gimes voisins membres de la Conf\u00e9d\u00e9ration des \u00c9tats du Sahel (AES).<\/p>\n\n\n\n<p>Les partis signataires exigent la fin effective de la transition au plus tard le 31 d\u00e9cembre 2025, un calendrier clair pour le retour \u00e0 l\u2019ordre constitutionnel, la lib\u00e9ration des d\u00e9tenus d\u2019opinion et le retour sans condition des exil\u00e9s politiques. Ils avertissent qu\u2019ils engageront des poursuites contre tout fonctionnaire impliqu\u00e9 dans la \u00ab&nbsp;<em>manipulation de la Constitution ou la dissolution ill\u00e9gale des partis<\/em>&nbsp;\u00bb.<\/p>\n\n\n\n<p>Sur ses r\u00e9seaux sociaux, l\u2019ancien Premier ministre Moussa Mara a assur\u00e9 que la \u00ab&nbsp;<em>lutte ne fait que commencer<\/em>&nbsp;\u00bb, exhortant le \u00ab&nbsp;<em>peuple malien<\/em>&nbsp;\u00bb \u00e0 rester soud\u00e9 et r\u00e9silient pour remettre le pays \u00ab&nbsp;<em>dans la bonne voie<\/em>&nbsp;\u00bb.<\/p>\n\n\n\n<p>Malgr\u00e9 les violences, les organisateurs saluent la mobilisation de leurs militants et r\u00e9affirment leur engagement en faveur de la d\u00e9mocratie, de la R\u00e9publique et de la d\u00e9fense des acquis constitutionnels.<\/p>\n\n\n\n<p><strong>AC\/APA<\/strong><\/p>\n","protected":false},"excerpt":{"rendered":"<p>APA &#8211; BAMAKO (MALI) fr.apanews.net Des partis politiques maliens ont d\u00e9nonc\u00e9 ce samedi des actes d\u2019intimidation et des entraves \u00e0 la tenue d\u2019un meeting \u00e0 Bamako, accusant des individus se r\u00e9clamant du soutien au r\u00e9gime de transition d\u2019avoir violemment perturb\u00e9 leur rassemblement. R\u00e9unis au Palais de la Culture Amadou Hampat\u00e9 Ba, les opposants affirment que [&hellip;]<\/p>\n","protected":false},"author":2,"featured_media":61450,"comment_status":"open","ping_status":"open","sticky":false,"template":"","format":"standard","meta":{"footnotes":""},"categories":[1447],"tags":[],"class_list":["post-61449","post","type-post","status-publish","format-standard","has-post-thumbnail","hentry","category-afrique"],"_links":{"self":[{"href":"https:\/\/lestracesdelinfo.com\/index.php\/wp-json\/wp\/v2\/posts\/61449","targetHints":{"allow":["GET"]}}],"collection":[{"href":"https:\/\/lestracesdelinfo.com\/index.php\/wp-json\/wp\/v2\/posts"}],"about":[{"href":"https:\/\/lestracesdelinfo.com\/index.php\/wp-json\/wp\/v2\/types\/post"}],"author":[{"embeddable":true,"href":"https:\/\/lestracesdelinfo.com\/index.php\/wp-json\/wp\/v2\/users\/2"}],"replies":[{"embeddable":true,"href":"https:\/\/lestracesdelinfo.com\/index.php\/wp-json\/wp\/v2\/comments?post=61449"}],"version-history":[{"count":1,"href":"https:\/\/lestracesdelinfo.com\/index.php\/wp-json\/wp\/v2\/posts\/61449\/revisions"}],"predecessor-version":[{"id":61451,"href":"https:\/\/lestracesdelinfo.com\/index.php\/wp-json\/wp\/v2\/posts\/61449\/revisions\/61451"}],"wp:featuredmedia":[{"embeddable":true,"href":"https:\/\/lestracesdelinfo.com\/index.php\/wp-json\/wp\/v2\/media\/61450"}],"wp:attachment":[{"href":"https:\/\/lestracesdelinfo.com\/index.php\/wp-json\/wp\/v2\/media?parent=61449"}],"wp:term":[{"taxonomy":"category","embeddable":true,"href":"https:\/\/lestracesdelinfo.com\/index.php\/wp-json\/wp\/v2\/categories?post=61449"},{"taxonomy":"post_tag","embeddable":true,"href":"https:\/\/lestracesdelinfo.com\/index.php\/wp-json\/wp\/v2\/tags?post=61449"}],"curies":[{"name":"wp","href":"https:\/\/api.w.org\/{rel}","templated":true}]}}