{"id":61458,"date":"2025-05-06T13:12:00","date_gmt":"2025-05-06T13:12:00","guid":{"rendered":"https:\/\/lestracesdelinfo.com\/?p=61458"},"modified":"2025-05-06T13:12:03","modified_gmt":"2025-05-06T13:12:03","slug":"gabon-le-1er-gouvernement-de-la-ve-republique-nomme","status":"publish","type":"post","link":"https:\/\/lestracesdelinfo.com\/index.php\/2025\/05\/06\/gabon-le-1er-gouvernement-de-la-ve-republique-nomme\/","title":{"rendered":"Gabon : le 1er gouvernement de la Ve R\u00e9publique nomm\u00e9"},"content":{"rendered":"\n<p><img loading=\"lazy\" decoding=\"async\" width=\"32\" height=\"32\" srcset=\"https:\/\/fr.apanews.net\/wp-content\/uploads\/sites\/2\/2023\/09\/APA-Ico-48x48.png 48w, https:\/\/fr.apanews.net\/wp-content\/uploads\/sites\/2\/2023\/09\/APA-Ico-300x300.png 300w, https:\/\/fr.apanews.net\/wp-content\/uploads\/sites\/2\/2023\/09\/APA-Ico-150x150.png 150w, https:\/\/fr.apanews.net\/wp-content\/uploads\/sites\/2\/2023\/09\/APA-Ico-70x70.png 70w, https:\/\/fr.apanews.net\/wp-content\/uploads\/sites\/2\/2023\/09\/APA-Ico-450x450.png 450w, https:\/\/fr.apanews.net\/wp-content\/uploads\/sites\/2\/2023\/09\/APA-Ico-24x24.png 24w, https:\/\/fr.apanews.net\/wp-content\/uploads\/sites\/2\/2023\/09\/APA-Ico-96x96.png 96w, https:\/\/fr.apanews.net\/wp-content\/uploads\/sites\/2\/2023\/09\/APA-Ico.png 512w\" src=\"https:\/\/fr.apanews.net\/wp-content\/uploads\/sites\/2\/2023\/09\/APA-Ico-48x48.png\" alt=\"APA-Libreville (Gabon)\"><a>APA-Libreville (Gabon)<\/a><\/p>\n\n\n\n<figure class=\"wp-block-image\"><img decoding=\"async\" src=\"https:\/\/fr.apanews.net\/wp-content\/uploads\/sites\/2\/2025\/05\/FB_IMG_1746459961427-1024x683.jpg\" alt=\"\" title=\"Gabon : le 1er gouvernement de la Ve R\u00e9publique nomm\u00e9\"\/><\/figure>\n\n\n\n<p>Partager<\/p>\n\n\n\n<p><a href=\"https:\/\/www.facebook.com\/sharer.php?u=https%3A%2F%2Ffr.apanews.net%2Fnews%2Fgabon-oligui-nguema-nomme-le-1er-gouvernement-de-la-ve-republique%2F\" target=\"_blank\" rel=\"noreferrer noopener\"><\/a><a href=\"https:\/\/twitter.com\/intent\/tweet?url=https%3A%2F%2Ffr.apanews.net%2Fnews%2Fgabon-oligui-nguema-nomme-le-1er-gouvernement-de-la-ve-republique%2F&amp;text=Gabon%20%3A%20le%201er%20gouvernement%20de%20la%20Ve%20R%C3%A9publique%20nomm%C3%A9\" target=\"_blank\" rel=\"noreferrer noopener\"><\/a><a href=\"https:\/\/wa.me\/?text=Gabon%20%3A%20le%201er%20gouvernement%20de%20la%20Ve%20R%C3%A9publique%20nomm%C3%A9%20https%3A%2F%2Ffr.apanews.net%2Fnews%2Fgabon-oligui-nguema-nomme-le-1er-gouvernement-de-la-ve-republique%2F\" target=\"_blank\" rel=\"noreferrer noopener\"><\/a><a href=\"mailto:?subject=Gabon%20%3A%20le%201er%20gouvernement%20de%20la%20Ve%20R%C3%A9publique%20nomm%C3%A9&amp;body=https%3A%2F%2Ffr.apanews.net%2Fnews%2Fgabon-oligui-nguema-nomme-le-1er-gouvernement-de-la-ve-republique%2F\" target=\"_blank\" rel=\"noreferrer noopener\"><\/a><a href=\"https:\/\/www.linkedin.com\/shareArticle?mini=true&amp;url=https%3A%2F%2Ffr.apanews.net%2Fnews%2Fgabon-oligui-nguema-nomme-le-1er-gouvernement-de-la-ve-republique%2F\" target=\"_blank\" rel=\"noreferrer noopener\"><\/a><a href=\"https:\/\/t.me\/share\/url?url=https%3A%2F%2Ffr.apanews.net%2Fnews%2Fgabon-oligui-nguema-nomme-le-1er-gouvernement-de-la-ve-republique%2F&amp;title=Gabon%20%3A%20le%201er%20gouvernement%20de%20la%20Ve%20R%C3%A9publique%20nomm%C3%A9\" target=\"_blank\" rel=\"noreferrer noopener\"><\/a><\/p>\n\n\n\n<p><strong>Le pr\u00e9sident gabonais, investi samedi 3 mai, a proc\u00e9d\u00e9 ce lundi \u00e0 la nomination d\u2019un gouvernement marqu\u00e9 par l\u2019entr\u00e9e de plusieurs personnalit\u00e9s issues du monde \u00e9conomique et de la soci\u00e9t\u00e9 civile. Ce cabinet traduit la volont\u00e9 du pouvoir de refonder l\u2019action publique apr\u00e8s la transition ouverte en 2023.<\/strong><\/p>\n\n\n\n<p>Deux jours apr\u00e8s son investiture comme pr\u00e9sident de la R\u00e9publique, le g\u00e9n\u00e9ral Brice Clotaire Oligui Nguema a nomm\u00e9 ce lundi, par d\u00e9cret, les membres du premier gouvernement de la V\u00e8me R\u00e9publique gabonaise. Cette \u00e9quipe, rendue publique par le Secr\u00e9taire g\u00e9n\u00e9ral de la Pr\u00e9sidence, marque une nouvelle \u00e9tape de la transition politique engag\u00e9e depuis le coup d\u2019\u00c9tat d\u2019ao\u00fbt 2023.<\/p>\n\n\n\n<p>S\u00e9raphin Moundounga est nomm\u00e9 vice-pr\u00e9sident de la R\u00e9publique, tandis qu\u2019Alexandre Barro Chambrier devient vice-pr\u00e9sident du gouvernement.<\/p>\n\n\n\n<p>Parmi les figures cl\u00e9s de ce gouvernement figurent Henri-Claude Oyima, ministre d\u2019\u00c9tat de l\u2019\u00c9conomie, des Finances, de la Dette et des Participations, charg\u00e9 de la lutte contre la vie ch\u00e8re, et Cam\u00e9lia Ntoutoume-Leclercq, ministre d\u2019\u00c9tat de l\u2019\u00c9ducation nationale, de l\u2019Instruction civique et de la Formation professionnelle.<\/p>\n\n\n\n<p>Ulrich Manfoumbi Manfoumbi prend en charge les Transports, la Marine marchande et la Logistique. Fran\u00e7ois Ndong Obiang est nomm\u00e9 \u00e0 la R\u00e9forme et aux Relations avec les Institutions, tandis que R\u00e9gis Onanga Ndiaye conserve le portefeuille des Affaires \u00e9trang\u00e8res, charg\u00e9 de l\u2019Int\u00e9gration et de la Diaspora.<\/p>\n\n\n\n<p>Brigitte Onkanowa est ministre de la D\u00e9fense nationale ; Hermann Immongault h\u00e9rite de l\u2019Int\u00e9rieur, de la S\u00e9curit\u00e9 et de la D\u00e9centralisation ; S\u00e9raphin Akure Davin est \u00e0 la Justice, garde des Sceaux, charg\u00e9 des Droits humains.<\/p>\n\n\n\n<p>Philippe Tonangoye est nomm\u00e9 ministre de l\u2019Acc\u00e8s universel \u00e0 l\u2019Eau et \u00e0 l\u2019\u00c9nergie. Paul-Marie Gondjout dirigera la Communication et les M\u00e9dias. Maurice Ntossui Allogo est d\u00e9sign\u00e9 ministre des Eaux et For\u00eats, charg\u00e9 du Conflit homme-faune.<\/p>\n\n\n\n<p>Mays Mouissi est ministre de l\u2019Environnement, de l\u2019\u00c9cologie et du Climat. Laurence Mengue Me Nzoghe, \u00e9pouse Ndong, devient ministre de la Mer, de la P\u00eache et de l\u2019\u00c9conomie bleue, et porte-parole du gouvernement. Gilles Nemb\u00e9 est charg\u00e9 des Mines et des Ressources g\u00e9ologiques.<\/p>\n\n\n\n<p>Sosth\u00e8ne Nguema Nguema h\u00e9rite du minist\u00e8re du P\u00e9trole et du Gaz. Le professeur Adrien Mougougou prend la Sant\u00e9. Ludovic Meni\u00e9 est ministre du Logement, de l\u2019Urbanisme et du Cadastre.<\/p>\n\n\n\n<p>Pascal Ogowet Siffon dirige le Tourisme durable et l\u2019Artisanat. Louise Mboumba Mbina est ministre de la Planification et de la Prospective. Nadine Awanang, \u00e9pouse Anato, est aux Affaires sociales et \u00e0 l\u2019Inclusion.<\/p>\n\n\n\n<p>Simplice-D\u00e9sir\u00e9 Mamboundou prend l\u2019Enseignement sup\u00e9rieur et la Recherche scientifique. Marcelle Ibinga, \u00e9pouse Itsitsa, est \u00e0 la Fonction publique et au Renforcement des capacit\u00e9s. Patrick Barbera-Isaac s\u2019occupe du Travail, du Plein emploi et du Dialogue social.<\/p>\n\n\n\n<p>Ma\u00eetre Lubin Ntoutoume est \u00e0 l\u2019Industrie et \u00e0 la Transformation locale. \u00c9douard Mukendi est aux Travaux publics et \u00e0 la Construction. Mark Doumba est ministre de l\u2019\u00c9conomie num\u00e9rique, de la Digitalisation et de l\u2019Innovation.<\/p>\n\n\n\n<p>Zenab Nyingha Chani est ministre de l\u2019Entrepreneuriat, du Commerce et des PME-PMI. Odette Polo, \u00e9pouse Panzou, prend l\u2019Agriculture, l\u2019\u00c9levage et le D\u00e9veloppement rural. \u00c9lodie Diane Fouefou\u00e9, \u00e9pouse Sandjoh, est ministre de la Femme, de la Famille et de la Protection de l\u2019Enfance.<\/p>\n\n\n\n<p>Enfin, le docteur Armande Longo Moulengui, est nomm\u00e9e ministre de la Jeunesse, des Sports, du Rayonnement culturel et des Arts, charg\u00e9e de la Vie associative.<\/p>\n\n\n\n<p><strong>AC\/Sf\/APA<\/strong><\/p>\n","protected":false},"excerpt":{"rendered":"<p>APA-Libreville (Gabon) Partager Le pr\u00e9sident gabonais, investi samedi 3 mai, a proc\u00e9d\u00e9 ce lundi \u00e0 la nomination d\u2019un gouvernement marqu\u00e9 par l\u2019entr\u00e9e de plusieurs personnalit\u00e9s issues du monde \u00e9conomique et de la soci\u00e9t\u00e9 civile. Ce cabinet traduit la volont\u00e9 du pouvoir de refonder l\u2019action publique apr\u00e8s la transition ouverte en 2023. Deux jours apr\u00e8s son [&hellip;]<\/p>\n","protected":false},"author":2,"featured_media":61459,"comment_status":"open","ping_status":"open","sticky":false,"template":"","format":"standard","meta":{"footnotes":""},"categories":[1447],"tags":[],"class_list":["post-61458","post","type-post","status-publish","format-standard","has-post-thumbnail","hentry","category-afrique"],"_links":{"self":[{"href":"https:\/\/lestracesdelinfo.com\/index.php\/wp-json\/wp\/v2\/posts\/61458","targetHints":{"allow":["GET"]}}],"collection":[{"href":"https:\/\/lestracesdelinfo.com\/index.php\/wp-json\/wp\/v2\/posts"}],"about":[{"href":"https:\/\/lestracesdelinfo.com\/index.php\/wp-json\/wp\/v2\/types\/post"}],"author":[{"embeddable":true,"href":"https:\/\/lestracesdelinfo.com\/index.php\/wp-json\/wp\/v2\/users\/2"}],"replies":[{"embeddable":true,"href":"https:\/\/lestracesdelinfo.com\/index.php\/wp-json\/wp\/v2\/comments?post=61458"}],"version-history":[{"count":1,"href":"https:\/\/lestracesdelinfo.com\/index.php\/wp-json\/wp\/v2\/posts\/61458\/revisions"}],"predecessor-version":[{"id":61460,"href":"https:\/\/lestracesdelinfo.com\/index.php\/wp-json\/wp\/v2\/posts\/61458\/revisions\/61460"}],"wp:featuredmedia":[{"embeddable":true,"href":"https:\/\/lestracesdelinfo.com\/index.php\/wp-json\/wp\/v2\/media\/61459"}],"wp:attachment":[{"href":"https:\/\/lestracesdelinfo.com\/index.php\/wp-json\/wp\/v2\/media?parent=61458"}],"wp:term":[{"taxonomy":"category","embeddable":true,"href":"https:\/\/lestracesdelinfo.com\/index.php\/wp-json\/wp\/v2\/categories?post=61458"},{"taxonomy":"post_tag","embeddable":true,"href":"https:\/\/lestracesdelinfo.com\/index.php\/wp-json\/wp\/v2\/tags?post=61458"}],"curies":[{"name":"wp","href":"https:\/\/api.w.org\/{rel}","templated":true}]}}