{"id":61461,"date":"2025-05-06T13:13:51","date_gmt":"2025-05-06T13:13:51","guid":{"rendered":"https:\/\/lestracesdelinfo.com\/?p=61461"},"modified":"2025-05-06T13:13:55","modified_gmt":"2025-05-06T13:13:55","slug":"guinee-doumbouya-soutient-le-cardinal-sarah-avant-le-conclave","status":"publish","type":"post","link":"https:\/\/lestracesdelinfo.com\/index.php\/2025\/05\/06\/guinee-doumbouya-soutient-le-cardinal-sarah-avant-le-conclave\/","title":{"rendered":"Guin\u00e9e : Doumbouya soutient le cardinal Sarah avant le conclave"},"content":{"rendered":"\n<p><img loading=\"lazy\" decoding=\"async\" width=\"32\" height=\"32\" srcset=\"https:\/\/fr.apanews.net\/wp-content\/uploads\/sites\/2\/2023\/09\/APA-Ico-48x48.png 48w, https:\/\/fr.apanews.net\/wp-content\/uploads\/sites\/2\/2023\/09\/APA-Ico-300x300.png 300w, https:\/\/fr.apanews.net\/wp-content\/uploads\/sites\/2\/2023\/09\/APA-Ico-150x150.png 150w, https:\/\/fr.apanews.net\/wp-content\/uploads\/sites\/2\/2023\/09\/APA-Ico-70x70.png 70w, https:\/\/fr.apanews.net\/wp-content\/uploads\/sites\/2\/2023\/09\/APA-Ico-450x450.png 450w, https:\/\/fr.apanews.net\/wp-content\/uploads\/sites\/2\/2023\/09\/APA-Ico-24x24.png 24w, https:\/\/fr.apanews.net\/wp-content\/uploads\/sites\/2\/2023\/09\/APA-Ico-96x96.png 96w, https:\/\/fr.apanews.net\/wp-content\/uploads\/sites\/2\/2023\/09\/APA-Ico.png 512w\" src=\"https:\/\/fr.apanews.net\/wp-content\/uploads\/sites\/2\/2023\/09\/APA-Ico-48x48.png\" alt=\"APA- Conakry (Guin\u00e9e)\"><a>APA- Conakry (Guin\u00e9e<\/a><\/p>\n\n\n\n<figure class=\"wp-block-image\"><img decoding=\"async\" src=\"https:\/\/fr.apanews.net\/wp-content\/uploads\/sites\/2\/2025\/05\/cardinal-sarah-1024x667.jpg\" alt=\"\" title=\"Guin\u00e9e : Doumbouya soutient le cardinal Sarah avant le conclave\"\/><\/figure>\n\n\n\n<p>Cardinal Robert Sarah, prefect of the Congregation for Divine Worship and the Sacraments, is pictured at the Vatican in this Oct. 9, 2012, file photo. Cardinal Sarah, the Vatican&rsquo;s liturgy chief, has asked priests to begin celebrating the Eucharist facing east, the same direction the congregation faces. Although not commonplace, the practice is already permitted by church law. Cardinal Sarah made his request during a speech at the Sacra Liturgia conference in London July 5. (CNS photo\/Paul Haring) See LITURGY-SARAH-ORIENTUM July 7, 2106.<\/p>\n\n\n\n<p>Partager<\/p>\n\n\n\n<p><a href=\"https:\/\/www.facebook.com\/sharer.php?u=https%3A%2F%2Ffr.apanews.net%2Fnews%2Fguinee-doumbouya-soutient-le-cardinal-sarah-avant-le-conclave%2F\" target=\"_blank\" rel=\"noreferrer noopener\"><\/a><a href=\"https:\/\/twitter.com\/intent\/tweet?url=https%3A%2F%2Ffr.apanews.net%2Fnews%2Fguinee-doumbouya-soutient-le-cardinal-sarah-avant-le-conclave%2F&amp;text=Guin%C3%A9e%20%3A%20Doumbouya%20soutient%20le%20cardinal%20Sarah%20avant%20le%20conclave\" target=\"_blank\" rel=\"noreferrer noopener\"><\/a><a href=\"https:\/\/wa.me\/?text=Guin%C3%A9e%20%3A%20Doumbouya%20soutient%20le%20cardinal%20Sarah%20avant%20le%20conclave%20https%3A%2F%2Ffr.apanews.net%2Fnews%2Fguinee-doumbouya-soutient-le-cardinal-sarah-avant-le-conclave%2F\" target=\"_blank\" rel=\"noreferrer noopener\"><\/a><a href=\"mailto:?subject=Guin%C3%A9e%20%3A%20Doumbouya%20soutient%20le%20cardinal%20Sarah%20avant%20le%20conclave&amp;body=https%3A%2F%2Ffr.apanews.net%2Fnews%2Fguinee-doumbouya-soutient-le-cardinal-sarah-avant-le-conclave%2F\" target=\"_blank\" rel=\"noreferrer noopener\"><\/a><a href=\"https:\/\/www.linkedin.com\/shareArticle?mini=true&amp;url=https%3A%2F%2Ffr.apanews.net%2Fnews%2Fguinee-doumbouya-soutient-le-cardinal-sarah-avant-le-conclave%2F\" target=\"_blank\" rel=\"noreferrer noopener\"><\/a><a href=\"https:\/\/t.me\/share\/url?url=https%3A%2F%2Ffr.apanews.net%2Fnews%2Fguinee-doumbouya-soutient-le-cardinal-sarah-avant-le-conclave%2F&amp;title=Guin%C3%A9e%20%3A%20Doumbouya%20soutient%20le%20cardinal%20Sarah%20avant%20le%20conclave\" target=\"_blank\" rel=\"noreferrer noopener\"><\/a><\/p>\n\n\n\n<p><strong>\u00c0 la veille de l\u2019\u00e9lection d\u2019un nouveau Pape, le pr\u00e9sident guin\u00e9en Mamadi Doumbouya a exprim\u00e9 son soutien au cardinal Robert Sarah, saluant une figure spirituelle majeure et un espoir africain pour l\u2019avenir de l\u2019\u00c9glise catholique.<\/strong><\/p>\n\n\n\n<p>Le pr\u00e9sident de la Transition guin\u00e9enne, le g\u00e9n\u00e9ral Mamadi Doumbouya, a adress\u00e9, mardi 6 mai, un message de soutien solennel au cardinal Robert Sarah, saluant une figure d\u2019exception dont l\u2019engagement spirituel et la fid\u00e9lit\u00e9 aux valeurs de l\u2019\u00c9vangile suscitent, selon lui, l\u2019admiration bien au-del\u00e0 des fronti\u00e8res nationales.<\/p>\n\n\n\n<p>Dans cette d\u00e9claration transmise au nom du peuple souverain de Guin\u00e9e, le chef de l\u2019\u00c9tat exprime \u00ab&nbsp;<em>une immense fiert\u00e9 et une profonde reconnaissance<\/em>&nbsp;\u00bb envers le pr\u00e9lat guin\u00e9en, \u00e0 la veille d\u2019un tournant majeur pour l\u2019\u00c9glise catholique.<\/p>\n\n\n\n<p>\u00ab&nbsp;<em>Nous, peuple souverain de Guin\u00e9e, unis derri\u00e8re votre personne, vous adressons tout notre soutien fraternel et nos pri\u00e8res ferventes<\/em>&nbsp;\u00bb, \u00e9crit Mamadi Doumbouya, souhaitant que les qualit\u00e9s de sagesse, de foi et de courage du cardinal Sarah guident \u00ab<em>&nbsp;les c\u0153urs et les esprits vers le choix d\u2019un Pape juste, fort et profond\u00e9ment attach\u00e9 au service de l\u2019humanit\u00e9<\/em>&nbsp;\u00bb.<\/p>\n\n\n\n<p>Le pr\u00e9sident guin\u00e9en salue \u00e9galement son engagement pour la v\u00e9rit\u00e9, la d\u00e9fense des plus vuln\u00e9rables et son amour pour l\u2019Afrique, faisant de lui un \u00ab&nbsp;<em>digne fils du continent<\/em>&nbsp;\u00bb et un \u00ab&nbsp;<em>espoir lumineux pour l\u2019\u00c9glise catholique<\/em>&nbsp;\u00bb.<\/p>\n\n\n\n<p>Ce message intervient \u00e0 la veille du conclave convoqu\u00e9 au Vatican pour \u00e9lire le successeur du pape Fran\u00e7ois, d\u00e9c\u00e9d\u00e9 le 21 avril \u00e0 l\u2019\u00e2ge de 88 ans. Selon le Saint-Si\u00e8ge, la proc\u00e9dure d\u2019\u00e9lection d\u00e9butera ce mercredi 7 mai 2025 dans la chapelle Sixtine, en pr\u00e9sence de 133 cardinaux \u00e9lecteurs issus de 71 pays.<\/p>\n\n\n\n<p>Parmi eux, 18 cardinaux africains, un record historique, dont le cardinal Robert Sarah. Leur pr\u00e9sence refl\u00e8te le poids croissant du continent africain dans l\u2019\u00c9glise, alors qu\u2019un catholique sur cinq dans le monde est d\u00e9sormais africain.<\/p>\n\n\n\n<p><strong>AC\/Sf\/APA<\/strong><\/p>\n\n\n\n<p><a href=\"https:\/\/fr.apanews.net\/tag\/guinee\/\">Gui<\/a><\/p>\n","protected":false},"excerpt":{"rendered":"<p>APA- Conakry (Guin\u00e9e Cardinal Robert Sarah, prefect of the Congregation for Divine Worship and the Sacraments, is pictured at the Vatican in this Oct. 9, 2012, file photo. Cardinal Sarah, the Vatican&rsquo;s liturgy chief, has asked priests to begin celebrating the Eucharist facing east, the same direction the congregation faces. Although not commonplace, the practice [&hellip;]<\/p>\n","protected":false},"author":2,"featured_media":61462,"comment_status":"open","ping_status":"open","sticky":false,"template":"","format":"standard","meta":{"footnotes":""},"categories":[1447],"tags":[],"class_list":["post-61461","post","type-post","status-publish","format-standard","has-post-thumbnail","hentry","category-afrique"],"_links":{"self":[{"href":"https:\/\/lestracesdelinfo.com\/index.php\/wp-json\/wp\/v2\/posts\/61461","targetHints":{"allow":["GET"]}}],"collection":[{"href":"https:\/\/lestracesdelinfo.com\/index.php\/wp-json\/wp\/v2\/posts"}],"about":[{"href":"https:\/\/lestracesdelinfo.com\/index.php\/wp-json\/wp\/v2\/types\/post"}],"author":[{"embeddable":true,"href":"https:\/\/lestracesdelinfo.com\/index.php\/wp-json\/wp\/v2\/users\/2"}],"replies":[{"embeddable":true,"href":"https:\/\/lestracesdelinfo.com\/index.php\/wp-json\/wp\/v2\/comments?post=61461"}],"version-history":[{"count":1,"href":"https:\/\/lestracesdelinfo.com\/index.php\/wp-json\/wp\/v2\/posts\/61461\/revisions"}],"predecessor-version":[{"id":61463,"href":"https:\/\/lestracesdelinfo.com\/index.php\/wp-json\/wp\/v2\/posts\/61461\/revisions\/61463"}],"wp:featuredmedia":[{"embeddable":true,"href":"https:\/\/lestracesdelinfo.com\/index.php\/wp-json\/wp\/v2\/media\/61462"}],"wp:attachment":[{"href":"https:\/\/lestracesdelinfo.com\/index.php\/wp-json\/wp\/v2\/media?parent=61461"}],"wp:term":[{"taxonomy":"category","embeddable":true,"href":"https:\/\/lestracesdelinfo.com\/index.php\/wp-json\/wp\/v2\/categories?post=61461"},{"taxonomy":"post_tag","embeddable":true,"href":"https:\/\/lestracesdelinfo.com\/index.php\/wp-json\/wp\/v2\/tags?post=61461"}],"curies":[{"name":"wp","href":"https:\/\/api.w.org\/{rel}","templated":true}]}}