{"id":61464,"date":"2025-05-06T13:16:38","date_gmt":"2025-05-06T13:16:38","guid":{"rendered":"https:\/\/lestracesdelinfo.com\/?p=61464"},"modified":"2025-05-06T13:16:42","modified_gmt":"2025-05-06T13:16:42","slug":"mali-des-partis-reclament-un-retour-a-lordre-constitutionnel","status":"publish","type":"post","link":"https:\/\/lestracesdelinfo.com\/index.php\/2025\/05\/06\/mali-des-partis-reclament-un-retour-a-lordre-constitutionnel\/","title":{"rendered":"Mali : Des partis r\u00e9clament un retour \u00e0 l\u2019ordre constitutionnel"},"content":{"rendered":"\n<p><a href=\"https:\/\/sahel-intelligence.com\/author\/samuel\">Samuel Benshimon<\/a>                                       <a href=\"https:\/\/sahel-intelligence.com\">sahel-intelligence.com<\/a><\/p>\n\n\n\n<figure class=\"wp-block-image\"><img decoding=\"async\" src=\"https:\/\/sahel-intelligence.com\/wp-content\/uploads\/2025\/05\/000_44DQ3TJ-752x440.webp\" alt=\"\"\/><\/figure>\n\n\n\n<p>A Bamako, plusieurs centaines de personnes ont manifest\u00e9 samedi \u00e0 l\u2019appel d\u2019une large coalition de partis politiques inquiets de leur possible dissolution par la junte au pouvoir.<\/p>\n\n\n\n<p>Rassembl\u00e9s au Palais de la culture, pr\u00e8s du fleuve Niger, les manifestants ont scand\u00e9 \u00ab\u202fVive la d\u00e9mocratie, \u00e0 bas la dictature !\u202f\u00bb et brandi des pancartes en faveur de la libert\u00e9, de la d\u00e9mocratie et des \u00e9lections. Ils d\u00e9noncent le non-respect par les militaires de leur engagement de rendre le pouvoir aux civils en mars 2024, apr\u00e8s les deux coups d\u2019\u00c9tat de 2020 et 2021.<\/p>\n\n\n\n<p>La manifestation s\u2019est d\u00e9roul\u00e9e sans incident, sous surveillance polici\u00e8re, et constitue l\u2019un des actes de contestation les plus marquants depuis l\u2019arriv\u00e9e au pouvoir du g\u00e9n\u00e9ral Assimi Go\u00efta.<\/p>\n\n\n\n<p>La mobilisation intervient dans un contexte tendu : le 30 avril, les autorit\u00e9s ont abrog\u00e9 la loi encadrant le fonctionnement des partis politiques. Beaucoup y voient un pr\u00e9lude \u00e0 leur dissolution. Cette d\u00e9cision fait suite \u00e0 une concertation organis\u00e9e par le pouvoir les 28 et 29 avril, boycott\u00e9e par l\u2019opposition, qui a recommand\u00e9 la suppression des partis et la d\u00e9signation du g\u00e9n\u00e9ral Go\u00efta comme pr\u00e9sident pour un mandat de cinq ans, renouvelable, sans \u00e9lection.<\/p>\n\n\n\n<p>Dans une d\u00e9claration publi\u00e9e apr\u00e8s la manifestation, la coalition de partis politiques a exig\u00e9 la fin de la transition militaire d\u2019ici au 31 d\u00e9cembre 2025 et la mise en place rapide d\u2019un calendrier de retour \u00e0 l\u2019ordre constitutionnel. Elle a aussi fermement rejet\u00e9 les conclusions de la concertation, les qualifiant de \u00ab\u202fnulles et non avenues\u202f\u00bb, d\u00e9non\u00e7ant leur absence de repr\u00e9sentativit\u00e9.<\/p>\n\n\n\n<p>La Constitution de 1992, r\u00e9affirm\u00e9e par la nouvelle Loi fondamentale de 2023, garantit pourtant le multipartisme et les libert\u00e9s d\u2019expression et d\u2019association.<\/p>\n\n\n\n<p>Le Mali, membre de l\u2019Alliance des \u00c9tats du Sahel aux c\u00f4t\u00e9s du Niger et du Burkina Faso, s\u2019est r\u00e9cemment retir\u00e9 de la Communaut\u00e9 \u00e9conomique des \u00c9tats de l\u2019Afrique de l\u2019Ouest (C\u00e9d\u00e9ao), qu\u2019il accuse d\u2019\u00eatre sous influence fran\u00e7aise.<\/p>\n","protected":false},"excerpt":{"rendered":"<p>Samuel Benshimon sahel-intelligence.com A Bamako, plusieurs centaines de personnes ont manifest\u00e9 samedi \u00e0 l\u2019appel d\u2019une large coalition de partis politiques inquiets de leur possible dissolution par la junte au pouvoir. Rassembl\u00e9s au Palais de la culture, pr\u00e8s du fleuve Niger, les manifestants ont scand\u00e9 \u00ab\u202fVive la d\u00e9mocratie, \u00e0 bas la dictature !\u202f\u00bb et brandi des [&hellip;]<\/p>\n","protected":false},"author":2,"featured_media":61465,"comment_status":"open","ping_status":"open","sticky":false,"template":"","format":"standard","meta":{"footnotes":""},"categories":[1447],"tags":[],"class_list":["post-61464","post","type-post","status-publish","format-standard","has-post-thumbnail","hentry","category-afrique"],"_links":{"self":[{"href":"https:\/\/lestracesdelinfo.com\/index.php\/wp-json\/wp\/v2\/posts\/61464","targetHints":{"allow":["GET"]}}],"collection":[{"href":"https:\/\/lestracesdelinfo.com\/index.php\/wp-json\/wp\/v2\/posts"}],"about":[{"href":"https:\/\/lestracesdelinfo.com\/index.php\/wp-json\/wp\/v2\/types\/post"}],"author":[{"embeddable":true,"href":"https:\/\/lestracesdelinfo.com\/index.php\/wp-json\/wp\/v2\/users\/2"}],"replies":[{"embeddable":true,"href":"https:\/\/lestracesdelinfo.com\/index.php\/wp-json\/wp\/v2\/comments?post=61464"}],"version-history":[{"count":1,"href":"https:\/\/lestracesdelinfo.com\/index.php\/wp-json\/wp\/v2\/posts\/61464\/revisions"}],"predecessor-version":[{"id":61466,"href":"https:\/\/lestracesdelinfo.com\/index.php\/wp-json\/wp\/v2\/posts\/61464\/revisions\/61466"}],"wp:featuredmedia":[{"embeddable":true,"href":"https:\/\/lestracesdelinfo.com\/index.php\/wp-json\/wp\/v2\/media\/61465"}],"wp:attachment":[{"href":"https:\/\/lestracesdelinfo.com\/index.php\/wp-json\/wp\/v2\/media?parent=61464"}],"wp:term":[{"taxonomy":"category","embeddable":true,"href":"https:\/\/lestracesdelinfo.com\/index.php\/wp-json\/wp\/v2\/categories?post=61464"},{"taxonomy":"post_tag","embeddable":true,"href":"https:\/\/lestracesdelinfo.com\/index.php\/wp-json\/wp\/v2\/tags?post=61464"}],"curies":[{"name":"wp","href":"https:\/\/api.w.org\/{rel}","templated":true}]}}