{"id":61477,"date":"2025-05-08T11:32:44","date_gmt":"2025-05-08T11:32:44","guid":{"rendered":"https:\/\/lestracesdelinfo.com\/?p=61477"},"modified":"2025-05-08T11:33:55","modified_gmt":"2025-05-08T11:33:55","slug":"cote-divoire-lopposition-prevoit-un-grand-rassemblement-fin-mai","status":"publish","type":"post","link":"https:\/\/lestracesdelinfo.com\/index.php\/2025\/05\/08\/cote-divoire-lopposition-prevoit-un-grand-rassemblement-fin-mai\/","title":{"rendered":"C\u00f4te d\u2019Ivoire : L\u2019opposition pr\u00e9voit un grand rassemblement fin mai"},"content":{"rendered":"\n<p><a href=\"https:\/\/sahel-intelligence.com\/author\/samuel\">Samuel Benshimon<\/a>                                                 sahel.intelligence.com<\/p>\n\n\n\n<figure class=\"wp-block-image\"><img decoding=\"async\" src=\"https:\/\/sahel-intelligence.com\/wp-content\/uploads\/2025\/05\/bag-664x440.jpg\" alt=\"\"\/><\/figure>\n\n\n\n<p>\u00c0 cinq mois de la pr\u00e9sidentielle pr\u00e9vue le 25 octobre, une coalition de l\u2019opposition ivoirienne, la CAP-CI (Coalition pour l\u2019alternance pacifique en C\u00f4te d\u2019Ivoire), a annonc\u00e9 l\u2019organisation de son premier grand rassemblement le 31 mai \u00e0 Abidjan. La coalition regroupe une vingtaine de partis qui d\u00e9noncent une mont\u00e9e des tensions politiques et l\u2019exclusion de plusieurs figures majeures du scrutin.<\/p>\n\n\n\n<p>Lors d\u2019une conf\u00e9rence de presse lundi, Simone Ehivet Gbagbo, ancienne Premi\u00e8re dame et porte-parole de la coalition, a pr\u00e9cis\u00e9 qu\u2019en amont de ce meeting, des mini-rassemblements seront organis\u00e9s dans les quartiers de la capitale. Elle a assur\u00e9 que la CAP-CI entendait recourir \u00e0 tous les moyens l\u00e9gaux pour se faire entendre.<\/p>\n\n\n\n<p>La col\u00e8re de l\u2019opposition s\u2019est accentu\u00e9e apr\u00e8s la radiation, le 22 avril, de Tidjane Thiam, candidat du Parti d\u00e9mocratique de C\u00f4te d\u2019Ivoire (PDCI), de la liste \u00e9lectorale. La justice a estim\u00e9 qu\u2019il avait perdu sa nationalit\u00e9 ivoirienne, rendant sa candidature invalide. Des milliers de militants du PDCI ont manifest\u00e9 ce week-end pour contester cette d\u00e9cision.<\/p>\n\n\n\n<p>Trois autres opposants de premier plan&nbsp;: Laurent Gbagbo, Charles Bl\u00e9 Goud\u00e9 et Guillaume Soro sont \u00e9galement absents de la liste \u00e9lectorale en raison de condamnations judiciaires. Bien que le parti de Laurent Gbagbo ne fasse pas partie de la coalition, la CAP-CI demande la r\u00e9int\u00e9gration de ces figures.<\/p>\n\n\n\n<p>Simone Gbagbo a d\u00e9nonc\u00e9 un climat politique qui se d\u00e9t\u00e9riore et accus\u00e9 le gouvernement de refuser tout dialogue. Elle a appel\u00e9 \u00e0 des \u00e9lections \u00ab&nbsp;inclusives et sans violence&nbsp;\u00bb, craignant une mont\u00e9e des tensions similaires \u00e0 celles qui avaient conduit \u00e0 la crise \u00e9lectorale meurtri\u00e8re de 2010-2011.<\/p>\n\n\n\n<p>Le parti au pouvoir, quant \u00e0 lui, n\u2019a pas encore d\u00e9voil\u00e9 son candidat. Le pr\u00e9sident sortant, Alassane Ouattara, 83 ans, a toutefois d\u00e9clar\u00e9 qu\u2019il \u00e9tait \u00ab&nbsp;d\u00e9sireux de continuer \u00e0 servir son pays&nbsp;\u00bb.<\/p>\n","protected":false},"excerpt":{"rendered":"<p>Samuel Benshimon sahel.intelligence.com \u00c0 cinq mois de la pr\u00e9sidentielle pr\u00e9vue le 25 octobre, une coalition de l\u2019opposition ivoirienne, la CAP-CI (Coalition pour l\u2019alternance pacifique en C\u00f4te d\u2019Ivoire), a annonc\u00e9 l\u2019organisation de son premier grand rassemblement le 31 mai \u00e0 Abidjan. La coalition regroupe une vingtaine de partis qui d\u00e9noncent une mont\u00e9e des tensions politiques et [&hellip;]<\/p>\n","protected":false},"author":2,"featured_media":61478,"comment_status":"open","ping_status":"open","sticky":false,"template":"","format":"standard","meta":{"footnotes":""},"categories":[1306],"tags":[],"class_list":["post-61477","post","type-post","status-publish","format-standard","has-post-thumbnail","hentry","category-politique-general-politique-general"],"_links":{"self":[{"href":"https:\/\/lestracesdelinfo.com\/index.php\/wp-json\/wp\/v2\/posts\/61477","targetHints":{"allow":["GET"]}}],"collection":[{"href":"https:\/\/lestracesdelinfo.com\/index.php\/wp-json\/wp\/v2\/posts"}],"about":[{"href":"https:\/\/lestracesdelinfo.com\/index.php\/wp-json\/wp\/v2\/types\/post"}],"author":[{"embeddable":true,"href":"https:\/\/lestracesdelinfo.com\/index.php\/wp-json\/wp\/v2\/users\/2"}],"replies":[{"embeddable":true,"href":"https:\/\/lestracesdelinfo.com\/index.php\/wp-json\/wp\/v2\/comments?post=61477"}],"version-history":[{"count":2,"href":"https:\/\/lestracesdelinfo.com\/index.php\/wp-json\/wp\/v2\/posts\/61477\/revisions"}],"predecessor-version":[{"id":61480,"href":"https:\/\/lestracesdelinfo.com\/index.php\/wp-json\/wp\/v2\/posts\/61477\/revisions\/61480"}],"wp:featuredmedia":[{"embeddable":true,"href":"https:\/\/lestracesdelinfo.com\/index.php\/wp-json\/wp\/v2\/media\/61478"}],"wp:attachment":[{"href":"https:\/\/lestracesdelinfo.com\/index.php\/wp-json\/wp\/v2\/media?parent=61477"}],"wp:term":[{"taxonomy":"category","embeddable":true,"href":"https:\/\/lestracesdelinfo.com\/index.php\/wp-json\/wp\/v2\/categories?post=61477"},{"taxonomy":"post_tag","embeddable":true,"href":"https:\/\/lestracesdelinfo.com\/index.php\/wp-json\/wp\/v2\/tags?post=61477"}],"curies":[{"name":"wp","href":"https:\/\/api.w.org\/{rel}","templated":true}]}}