{"id":61494,"date":"2025-05-11T08:47:24","date_gmt":"2025-05-11T08:47:24","guid":{"rendered":"https:\/\/lestracesdelinfo.com\/?p=61494"},"modified":"2025-05-11T08:47:28","modified_gmt":"2025-05-11T08:47:28","slug":"rencontre-du-28-mai-discorde-autour-dun-dialogue","status":"publish","type":"post","link":"https:\/\/lestracesdelinfo.com\/index.php\/2025\/05\/11\/rencontre-du-28-mai-discorde-autour-dun-dialogue\/","title":{"rendered":"Rencontre du 28 mai : Discorde autour d\u2019un dialogue"},"content":{"rendered":"\n<p><a href=\"https:\/\/lequotidien.sn\/author\/aicha\/\">Lequotidien<\/a>\u00a0<\/p>\n\n\n\n<figure class=\"wp-block-image\"><img decoding=\"async\" src=\"https:\/\/lequotidien.sn\/wp-content\/uploads\/2025\/05\/DIALOGUE-NATIONAL.jpg\" alt=\"\"\/><\/figure>\n\n\n\n<p><strong>L\u2019Alliance pour la R\u00e9publique a d\u00e9c\u00e9d\u00e9 de d\u00e9cliner l\u2019invitation du pr\u00e9sident de la R\u00e9publique au Dialogue national pr\u00e9vu le 28 mai, pr\u00e9textant le traitement que subit l\u2019ex-Pr\u00e9sident Sall qu\u2019on \u00abveut effacer\u00bb de la m\u00e9moire collective des S\u00e9n\u00e9galais. Ce boycott, apr\u00e8s TAS et qui sera suivi aussi par d\u2019autres membres de l\u2019opposition, montre que les ranc\u0153urs du pass\u00e9 ne se sont pas totalement referm\u00e9es.<\/strong><\/p>\n\n\n\n<p>Apr\u00e8s la R\u00e9publique des valeurs de Thierno Alassane Sall, l\u2019Alliance pour la R\u00e9publique (Apr) a d\u00e9cid\u00e9 de boycotter le Dialogue national pr\u00e9vu le 28 mai prochain. Porte-parole de l\u2019Apr, Seydou Gu\u00e8ye explique cette d\u00e9cision par les attaques r\u00e9p\u00e9t\u00e9es et jug\u00e9es irrespectueuses du pouvoir en place contre l\u2019ancien Pr\u00e9sident Macky Sall. \u00abQuand un ministre traite le chef de notre parti, qui a dirig\u00e9 ce pays pendant 12 ans, de chef de gang ; quand le pr\u00e9sident de la R\u00e9publique attaque publiquement, pour la premi\u00e8re fois au S\u00e9n\u00e9gal, son pr\u00e9d\u00e9cesseur qui lui a transmis le pouvoir d\u00e9mocratiquement ; quand le Premier ministre, les ministres, des directeurs g\u00e9n\u00e9raux et des organes de presse proches du pouvoir s\u2019en prennent \u00e0 notre parti\u2026 l\u2019Apr ne peut pas cautionner cette d\u00e9marche\u00bb, a-t-il martel\u00e9 lors de la rencontre avec la presse, ce vendredi 9 mai 2025 au si\u00e8ge de l\u2019Apr. Seydou Gu\u00e8ye ne ferme pas pour autant la porte, mais fixe des conditions pour aller au dialogue. \u00abCe que nous observons, c\u2019est une mise \u00e0 l\u2019\u00e9cart organis\u00e9e des partis l\u00e9galement constitu\u00e9s au profit de coalitions opportunistes, sans ancrage ni l\u00e9gitimit\u00e9 historique. Nous avons contribu\u00e9 \u00e0 l\u2019instauration d\u2019une culture de concertation dans la gestion des affaires publiques. Le dialogue a toujours \u00e9t\u00e9 au c\u0153ur de notre vision politique, et c\u2019est sous notre leadership que des avanc\u00e9es notables ont \u00e9t\u00e9 enregistr\u00e9es sur les plans d\u00e9mocratique et institutionnel\u00bb, affirme-t-il. Tout en d\u00e9non\u00e7ant \u00abun simulacre de dialogue qui semble avoir pour seul objectif de justifier des r\u00e8glements de comptes politiques\u00bb. \u00abNous ne pouvons cautionner un processus biais\u00e9 o\u00f9 l\u2019arbitraire remplace le Droit, o\u00f9 des ministres dits \u00abind\u00e9pendants\u00bb abusent de leur position pour mener une chasse aux sorci\u00e8res et o\u00f9 les institutions sont instrumentalis\u00e9es au m\u00e9pris des principes r\u00e9publicains. L\u2019Apr ne renonce pas au dialogue, mais exige un cadre transparent, inclusif, respectueux des forces politiques et des r\u00e8gles d\u00e9mocratiques. Ce n\u2019est qu\u2019\u00e0 ces conditions que nous pourrons contribuer de mani\u00e8re responsable et constructive \u00e0 la consolidation de notre d\u00e9mocratie\u00bb, poursuit Seydou Gu\u00e8ye.<\/p>\n\n\n\n<p>Aujourd\u2019hui, l\u2019Apr dont les dirigeants se trouvent dans le viseur de la Justice, d\u00e9nonce ce processus de \u00abliquidation\u00bb. \u00abDepuis quelques semaines, l\u2019opinion nationale est t\u00e9moin d\u2019une campagne d\u2019acharnement injustifi\u00e9 contre les membres du r\u00e9gime sortant. Ce qui se joue actuellement, sous couvert d\u2019un processus de dialogue, ressemble davantage \u00e0 une tentative de d\u00e9capitation politique de l\u2019Alliance pour la R\u00e9publique (Apr) qu\u2019\u00e0 une volont\u00e9 sinc\u00e8re de concertation nationale\u00bb, expose Seydou Gu\u00e8ye, qui \u00abmet en garde contre les d\u00e9rives d\u2019un pouvoir motiv\u00e9 par la revanche\u00bb. Selon lui, \u00abla d\u00e9mocratie s\u00e9n\u00e9galaise, b\u00e2tie sur le pluralisme, le dialogue et le respect des institutions, ne saurait survivre \u00e0 une gouvernance fond\u00e9e sur l\u2019exclusion et la vengeance politique. Beaucoup de nos concitoyens refusent cette logique de destruction. Ils restent attach\u00e9s aux valeurs de la R\u00e9publique, \u00e0 l\u2019Etat de Droit et \u00e0 la m\u00e9moire d\u2019un Pr\u00e9sident qui a marqu\u00e9 son \u00e9poque\u00bb.<\/p>\n\n\n\n<p>Dans le m\u00eame sillage, l\u2019Apr d\u00e9nonce \u00abune justice \u00e0 vis\u00e9e politique et un acharnement contre ses figures embl\u00e9matiques\u00bb. Seydou Gu\u00e8ye, qui fait allusion \u00e0 la traduction devant la Haute cour de justice de cinq anciens ministres, met en garde contre toute \u00abd\u00e9rive autoritaire du pouvoir en place\u00bb. \u00abIl y a une volont\u00e9 d\u00e9lib\u00e9r\u00e9e d\u2019humiliation et d\u2019\u00e9radication politique, ciblant notamment cinq anciens ministres devenus d\u00e9put\u00e9s\u00bb, regrette Seydou Gu\u00e8ye, qui affirme qu\u2019il \u00abne s\u2019agit nullement d\u2019une proc\u00e9dure judiciaire classique, mais d\u2019une mise en sc\u00e8ne punitive orchestr\u00e9e par le pouvoir\u00bb. \u00abNous n\u2019accepterons pas que des serviteurs de l\u2019Etat soient tra\u00een\u00e9s dans la boue et pr\u00e9sent\u00e9s comme des troph\u00e9es de guerre. Ce qui se passe est une parodie de justice motiv\u00e9e par la revanche\u00bb, condamne M. Gu\u00e8ye.<\/p>\n\n\n\n<p>Par ailleurs, Oumar Youm invite la Justice \u00e0 faire preuve d\u2019ind\u00e9pendance, de neutralit\u00e9 et d\u2019impartialit\u00e9. \u00abC\u2019est une condition essentielle pour maintenir la confiance des citoyens dans les institutions. Nous faisons confiance \u00e0 la Justice, mais elle ne doit en aucun cas devenir un instrument aux mains du pouvoir. Le S\u00e9n\u00e9gal doit rester une d\u00e9mocratie fond\u00e9e sur l\u2019\u00e9quilibre des pouvoirs, le respect des droits et la diversit\u00e9 des opinions\u00bb, argue-t-il.<br>Seydou Gu\u00e8ye, porte-parole de l\u2019Apr<\/p>\n\n\n\n<p>\u00abLes autorit\u00e9s cherchent \u00e0 effacer le bilan de Macky Sal et \u00e0 faire dispara\u00eetre son nom et son image de la m\u00e9moire collective\u2026\u00bb<\/p>\n\n\n\n<p>Lors de sa conf\u00e9rence de presse, le traitement que \u00absubit\u00bb Macky Sall a passablement agac\u00e9 l\u2019Alliance pour la R\u00e9publique. \u00abLe pouvoir en place semble anim\u00e9 par une obsession malsaine d\u2019effacer l\u2019h\u00e9ritage du r\u00e9gime pr\u00e9c\u00e9dent.<br>Cette dynamique se manifeste par une instrumentalisation grossi\u00e8re du populisme, de l\u2019insulte, de la violence verbale, de la manipulation et de la diabolisation. Une telle d\u00e9marche, contraire \u00e0 l\u2019\u00e9thique d\u00e9mocratique, ne saurait \u00e9chapper \u00e0 l\u2019attention des S\u00e9n\u00e9galais \u00e9pris de justice et de v\u00e9rit\u00e9\u00bb, regrette le porte-parole de l\u2019Apr.<\/p>\n\n\n\n<p>Face \u00e0 la presse, Seydou Gu\u00e8ye d\u00e9nonce \u00abune volont\u00e9 manifeste des nouvelles autorit\u00e9s de tourner brutalement la page du r\u00e9gime pr\u00e9c\u00e9dent\u00bb. \u00abElles ciblent personnellement l\u2019ancien Pr\u00e9sident Macky Sall et sa formation politique. Les nouvelles autorit\u00e9s cherchent non seulement \u00e0 effacer le bilan de Macky Sall, mais \u00e9galement \u00e0 faire dispara\u00eetre son nom et son image de la m\u00e9moire collective des S\u00e9n\u00e9galais\u00bb, ajoute l\u2019ancien Secr\u00e9taire g\u00e9n\u00e9ral du gouvernement. Pour lui, il s\u2019agit, \u00e0 travers chaque acte pos\u00e9, d\u2019une \u00abentreprise de liquidation politique\u00bb. Selon le porte-parole de l\u2019Apr, c\u2019est un processus fait \u00e0 dessein. A ses yeux, ce r\u00e9gime n\u2019est pas \u00abune simple alternance politique, mais un acharnement orchestr\u00e9 par des actes de marginalisation, de stigmatisation et d\u2019intimidation ciblant les anciens responsables de l\u2019Apr\u00bb.<\/p>\n\n\n\n<p>\u00abCe que nous observons aujourd\u2019hui d\u00e9passe le cadre d\u2019un r\u00e8glement de comptes. C\u2019est une tentative assum\u00e9e de r\u00e9\u00e9criture de l\u2019histoire r\u00e9cente de notre pays, au m\u00e9pris de la v\u00e9rit\u00e9 et de la justice.\u00bb<\/p>\n","protected":false},"excerpt":{"rendered":"<p>Lequotidien\u00a0 L\u2019Alliance pour la R\u00e9publique a d\u00e9c\u00e9d\u00e9 de d\u00e9cliner l\u2019invitation du pr\u00e9sident de la R\u00e9publique au Dialogue national pr\u00e9vu le 28 mai, pr\u00e9textant le traitement que subit l\u2019ex-Pr\u00e9sident Sall qu\u2019on \u00abveut effacer\u00bb de la m\u00e9moire collective des S\u00e9n\u00e9galais. Ce boycott, apr\u00e8s TAS et qui sera suivi aussi par d\u2019autres membres de l\u2019opposition, montre que les [&hellip;]<\/p>\n","protected":false},"author":2,"featured_media":61495,"comment_status":"open","ping_status":"open","sticky":false,"template":"","format":"standard","meta":{"footnotes":""},"categories":[1306],"tags":[],"class_list":["post-61494","post","type-post","status-publish","format-standard","has-post-thumbnail","hentry","category-politique-general-politique-general"],"_links":{"self":[{"href":"https:\/\/lestracesdelinfo.com\/index.php\/wp-json\/wp\/v2\/posts\/61494","targetHints":{"allow":["GET"]}}],"collection":[{"href":"https:\/\/lestracesdelinfo.com\/index.php\/wp-json\/wp\/v2\/posts"}],"about":[{"href":"https:\/\/lestracesdelinfo.com\/index.php\/wp-json\/wp\/v2\/types\/post"}],"author":[{"embeddable":true,"href":"https:\/\/lestracesdelinfo.com\/index.php\/wp-json\/wp\/v2\/users\/2"}],"replies":[{"embeddable":true,"href":"https:\/\/lestracesdelinfo.com\/index.php\/wp-json\/wp\/v2\/comments?post=61494"}],"version-history":[{"count":1,"href":"https:\/\/lestracesdelinfo.com\/index.php\/wp-json\/wp\/v2\/posts\/61494\/revisions"}],"predecessor-version":[{"id":61496,"href":"https:\/\/lestracesdelinfo.com\/index.php\/wp-json\/wp\/v2\/posts\/61494\/revisions\/61496"}],"wp:featuredmedia":[{"embeddable":true,"href":"https:\/\/lestracesdelinfo.com\/index.php\/wp-json\/wp\/v2\/media\/61495"}],"wp:attachment":[{"href":"https:\/\/lestracesdelinfo.com\/index.php\/wp-json\/wp\/v2\/media?parent=61494"}],"wp:term":[{"taxonomy":"category","embeddable":true,"href":"https:\/\/lestracesdelinfo.com\/index.php\/wp-json\/wp\/v2\/categories?post=61494"},{"taxonomy":"post_tag","embeddable":true,"href":"https:\/\/lestracesdelinfo.com\/index.php\/wp-json\/wp\/v2\/tags?post=61494"}],"curies":[{"name":"wp","href":"https:\/\/api.w.org\/{rel}","templated":true}]}}